{"id":50696,"date":"2025-08-16T05:00:08","date_gmt":"2025-08-16T05:00:08","guid":{"rendered":"https:\/\/www.europesays.com\/es\/50696\/"},"modified":"2025-08-16T05:00:08","modified_gmt":"2025-08-16T05:00:08","slug":"la-columna-de-peyro-este-si-sera-el-verano-de-tu-vida-el-pais-semanal","status":"publish","type":"post","link":"https:\/\/www.europesays.com\/es\/50696\/","title":{"rendered":"La columna de Peyr\u00f3: Este s\u00ed ser\u00e1 el verano de tu vida | EL PA\u00cdS Semanal"},"content":{"rendered":"<p class=\"\">Uno no espera mucho de un lunes de noviembre y lluvia, pero a un 15 de agosto s\u00ed parecemos pedirle un Mediterr\u00e1neo como el de antes, un amor como el de los 20 a\u00f1os o \u2014por lo menos\u2014 una performance de <a href=\"https:\/\/elpais.com\/cultura\/2008\/05\/07\/actualidad\/1210111209_850215.html\" target=\"_self\" rel=\"nofollow noopener\" title=\"https:\/\/elpais.com\/cultura\/2008\/05\/07\/actualidad\/1210111209_850215.html\">Paquito el Chocolatero<\/a> que ponga en alerta a los sism\u00f3grafos. Ser\u00e1 que el verano pertenece, de modo eminente, a esa serie de cosas a las que, una y otra vez, juzgamos menos por la experiencia de su realidad que por la bondad de su promesa. El comunismo iba a traernos la igualdad; las redes, un <a href=\"https:\/\/elpais.com\/opinion\/2025-01-14\/limitar-el-anonimato-en-las-redes-para-recuperar-la-civilidad.html\" target=\"_self\" rel=\"nofollow noopener\" title=\"https:\/\/elpais.com\/opinion\/2025-01-14\/limitar-el-anonimato-en-las-redes-para-recuperar-la-civilidad.html\">debate civilizado<\/a>: de igual manera, cada a\u00f1o el verano nos dice que esta vez s\u00ed, que esta vez todo va a ser calas rec\u00f3nditas, cenas bajo el emparrado, y noches sin fin seguidas de ma\u00f1anas sin ibuprofeno. Como el amor en una playa, la verdad luego resulta m\u00e1s pringosa, y uno ha llegado a preguntarse si no merecer\u00eda la pena editar una serie de gu\u00edas tur\u00edsticas que se aparten del g\u00e9nero fant\u00e1stico. Algo as\u00ed: \u201c<a href=\"https:\/\/elpais.com\/elviajero\/2008\/06\/12\/actualidad\/1213263245_850215.html\" target=\"_self\" rel=\"nofollow noopener\" title=\"https:\/\/elpais.com\/elviajero\/2008\/06\/12\/actualidad\/1213263245_850215.html\">Santorini<\/a>. Id\u00edlica isla griega, conocida por sus atardeceres, su restauraci\u00f3n mediocre y sus altos precios. Con un inigualado historial para la decepci\u00f3n, despu\u00e9s de contemplar juntos la puesta de sol, es muy probable que su relaci\u00f3n sentimental tambi\u00e9n se aproxime a su ocaso. El vino blanco local es excelente\u201d. Estas gu\u00edas, sin embargo, ser\u00edan un fracaso. No porque necesitemos fantas\u00eda, sino porque hemos hecho por dentro el c\u00e1lcu\u00adlo moral de que las miserias, con verano, son menos.<\/p>\n<p class=\"\">Esto no es algo de por s\u00ed evidente, siquiera sea porque lo evidente son las mil y una maneras que el verano tiene de vejarnos. Aquel chiringuito que tanto nos gustaba y que ya solo coge reservas para 2032. La certeza de que pasaremos m\u00e1s tiempo en un <a href=\"https:\/\/elpais.com\/economia\/2025-03-17\/ryanair-niega-que-se-haya-inventado-un-cargo-nuevo-para-los-tardones-y-explica-como-funciona-su-tasa-de-los-100-euros-si-pierdes-un-vuelo.html\" target=\"_self\" rel=\"nofollow noopener\" title=\"https:\/\/elpais.com\/economia\/2025-03-17\/ryanair-niega-que-se-haya-inventado-un-cargo-nuevo-para-los-tardones-y-explica-como-funciona-su-tasa-de-los-100-euros-si-pierdes-un-vuelo.html\">Ryanair <\/a>varado en el aeropuerto que en un yate fondeado en una cala. Ese apogeo del fe\u00edsmo hisp\u00e1nico por el que el pa\u00eds entero, durante el mes de agosto, parece convertirse en un plat\u00f3 de Telecinco. Todos soportamos lo insoportable del d\u00eda a d\u00eda: parece m\u00e1s dif\u00edcil soportar, con las bolsas de playa, los ni\u00f1os que lloran y un energ\u00fameno que toca el claxon, c\u00f3mo nos falla esa promesa de felicidad que era el verano. Hace d\u00e9cadas, <a href=\"https:\/\/elpais.com\/icon\/2025-02-22\/luis-antonio-de-villena-llamar-tercera-edad-a-la-vejez-es-un-blanqueo-bastante-tonto-las-mujeres-han-demostrado-ser-igual-de-necias-que-los-hombres-hoy-la-izquierda-y-la-derecha-no-son-nada-hay-montones-de-imbeciles-a-un-lado-y-al-otro-la-elegancia-ha-bajado-mucho-porque-se-ha-impuesto-la-comodidad-el-todo-vale-es-terrible.html\" target=\"_self\" rel=\"nofollow noopener\" title=\"https:\/\/elpais.com\/icon\/2025-02-22\/luis-antonio-de-villena-llamar-tercera-edad-a-la-vejez-es-un-blanqueo-bastante-tonto-las-mujeres-han-demostrado-ser-igual-de-necias-que-los-hombres-hoy-la-izquierda-y-la-derecha-no-son-nada-hay-montones-de-imbeciles-a-un-lado-y-al-otro-la-elegancia-ha-bajado-mucho-porque-se-ha-impuesto-la-comodidad-el-todo-vale-es-terrible.html\">Luis Antonio de Villena<\/a> public\u00f3 el poemario Huir del invierno. Hoy parece que muchos m\u00e1s bien tendr\u00edan ganas de huir del verano, y desarrollamos t\u00e1cticas refinadas de b\u00fasqueda hasta encontrar alg\u00fan lugar cuyo principal valor para el turista sea que hay pocos turistas. De las vejaciones a las paradojas, posiblemente lo mejor de las vacaciones de agosto fuera cog\u00e9rselas en noviembre.<\/p>\n<p class=\"\">Quiz\u00e1 sea justo pensar que, m\u00e1s que desde\u00f1ar nosotros el verano, es el verano el que se va alejando, en la vida, de nosotros: cuando el amor no quema ya como quem\u00f3 un d\u00eda, cuando los apetitos deben entenderse con los triglic\u00e9ridos; cuando sentimos que la palabra \u201cilusiones\u201d debiera completarse con la palabra \u201cperdidas\u201d. Aun as\u00ed, mantenemos una vieja lealtad al verano, aunque tal vez ya no vayamos a buscarla en los mitos del romance adolescente, sino en un don de conformidad: cuando viajar ya no es una manera de poseer el mundo sino de agradecerlo. Cuando el verano dej\u00f3 de ser una fiesta y es tan solo \u2014una felicidad plausible\u2014 tener m\u00e1s tiempo para leer.<\/p>\n<p class=\"\">Con los a\u00f1os comprendemos que el verano ten\u00eda menos que ver con la promesa de la felicidad que con su recuerdo, a imagen de esos libros que \u2014a\u00f1os despu\u00e9s\u2014dejan caer, al abrirlos, granos de arena de alguna playa remota. Es algo que oscuramente parecemos intuir desde siempre, y por eso el verano tiene sus ceremonias de formaci\u00f3n de la memoria, como si sembr\u00e1semos una celebraci\u00f3n para el futuro: el primer viaje con tu novia, la primera vez que llevas a tu hija a ver el mar. Si el verano nos importa es por su capacidad para convertirse en un pasado con peso y significado. El verano es propiamente un recuerdo y, cuando crecemos, tenemos el deber de d\u00e1rselo a otros. Aunque tambi\u00e9n hay un espacio para el ego\u00edsmo: para fantasear con c\u00f3mo ser\u00eda Beniyork en 1977 o evocar a aquella chica tan morena que te sonre\u00eda desde el balc\u00f3n el verano que cumpliste los 14 a\u00f1os.<\/p>\n","protected":false},"excerpt":{"rendered":"Uno no espera mucho de un lunes de noviembre y lluvia, pero a un 15 de agosto s\u00ed&hellip;\n","protected":false},"author":2,"featured_media":50697,"comment_status":"","ping_status":"","sticky":false,"template":"","format":"standard","meta":{"footnotes":""},"categories":[91],"tags":[1733,146,147,25,24,22521,22522,911,1925,4478,23,2110,1793,226,11266],"class_list":{"0":"post-50696","1":"post","2":"type-post","3":"status-publish","4":"format-standard","5":"has-post-thumbnail","7":"category-entretenimiento","8":"tag-amor","9":"tag-entertainment","10":"tag-entretenimiento","11":"tag-es","12":"tag-espana","13":"tag-ignacio-peyro","14":"tag-luis-antonio-de-villena","15":"tag-memoria","16":"tag-opinion","17":"tag-ryanair","18":"tag-spain","19":"tag-vacaciones","20":"tag-verano","21":"tag-viajes","22":"tag-vuelo"},"share_on_mastodon":{"url":"","error":""},"_links":{"self":[{"href":"https:\/\/www.europesays.com\/es\/wp-json\/wp\/v2\/posts\/50696","targetHints":{"allow":["GET"]}}],"collection":[{"href":"https:\/\/www.europesays.com\/es\/wp-json\/wp\/v2\/posts"}],"about":[{"href":"https:\/\/www.europesays.com\/es\/wp-json\/wp\/v2\/types\/post"}],"author":[{"embeddable":true,"href":"https:\/\/www.europesays.com\/es\/wp-json\/wp\/v2\/users\/2"}],"replies":[{"embeddable":true,"href":"https:\/\/www.europesays.com\/es\/wp-json\/wp\/v2\/comments?post=50696"}],"version-history":[{"count":0,"href":"https:\/\/www.europesays.com\/es\/wp-json\/wp\/v2\/posts\/50696\/revisions"}],"wp:featuredmedia":[{"embeddable":true,"href":"https:\/\/www.europesays.com\/es\/wp-json\/wp\/v2\/media\/50697"}],"wp:attachment":[{"href":"https:\/\/www.europesays.com\/es\/wp-json\/wp\/v2\/media?parent=50696"}],"wp:term":[{"taxonomy":"category","embeddable":true,"href":"https:\/\/www.europesays.com\/es\/wp-json\/wp\/v2\/categories?post=50696"},{"taxonomy":"post_tag","embeddable":true,"href":"https:\/\/www.europesays.com\/es\/wp-json\/wp\/v2\/tags?post=50696"}],"curies":[{"name":"wp","href":"https:\/\/api.w.org\/{rel}","templated":true}]}}