{"id":50707,"date":"2025-08-16T05:07:12","date_gmt":"2025-08-16T05:07:12","guid":{"rendered":"https:\/\/www.europesays.com\/es\/50707\/"},"modified":"2025-08-16T05:07:12","modified_gmt":"2025-08-16T05:07:12","slug":"el-fuego-arrasa-casi-la-totalidad-de-la-finca-los-quintos-de-jandilla","status":"publish","type":"post","link":"https:\/\/www.europesays.com\/es\/50707\/","title":{"rendered":"El fuego arrasa casi la totalidad de la finca Los Quintos de Jandilla"},"content":{"rendered":"<p>Los fuertes incendios que est\u00e1n afectando a parte de la Pen\u00ednsula Ib\u00e9rica han calcinado pr\u00e1cticamente al completo la finca <strong>Los Quintos<\/strong>, donde pastan las vacas de la ganader\u00eda de <strong>Jandilla<\/strong>. La dehesa se encuentra ubicada en el t\u00e9rmino municipal de <strong>Llerena (Badajoz)<\/strong>.<\/p>\n<p>El fuego, aunque controlado, a esta hora todav\u00eda no est\u00e1 extinguido y ha arrasado con el 80 % de la finca, alrededor de 1.400 hect\u00e1reas. <strong>Borja Domecq<\/strong> y su equipo llevan luchando dos d\u00edas contra el fuego con la ayuda de los voluntarios por la falta de medios. Seg\u00fan el ganadero, se teme que haya bajas en cuanto a vacas pero se desconoce el n\u00famero.<\/p>\n","protected":false},"excerpt":{"rendered":"Los fuertes incendios que est\u00e1n afectando a parte de la Pen\u00ednsula Ib\u00e9rica han calcinado pr\u00e1cticamente al completo la&hellip;\n","protected":false},"author":2,"featured_media":50708,"comment_status":"","ping_status":"","sticky":false,"template":"","format":"standard","meta":{"footnotes":""},"categories":[277],"tags":[45,373,168,25,24,22524,22525,23,167,374],"class_list":{"0":"post-50707","1":"post","2":"type-post","3":"status-publish","4":"format-standard","5":"has-post-thumbnail","7":"category-toreo","8":"tag-45","9":"tag-bullfighting","10":"tag-deportes","11":"tag-es","12":"tag-espana","13":"tag-jandilla","14":"tag-los-quintos","15":"tag-spain","16":"tag-sports","17":"tag-toreo"},"share_on_mastodon":{"url":"","error":""},"_links":{"self":[{"href":"https:\/\/www.europesays.com\/es\/wp-json\/wp\/v2\/posts\/50707","targetHints":{"allow":["GET"]}}],"collection":[{"href":"https:\/\/www.europesays.com\/es\/wp-json\/wp\/v2\/posts"}],"about":[{"href":"https:\/\/www.europesays.com\/es\/wp-json\/wp\/v2\/types\/post"}],"author":[{"embeddable":true,"href":"https:\/\/www.europesays.com\/es\/wp-json\/wp\/v2\/users\/2"}],"replies":[{"embeddable":true,"href":"https:\/\/www.europesays.com\/es\/wp-json\/wp\/v2\/comments?post=50707"}],"version-history":[{"count":0,"href":"https:\/\/www.europesays.com\/es\/wp-json\/wp\/v2\/posts\/50707\/revisions"}],"wp:featuredmedia":[{"embeddable":true,"href":"https:\/\/www.europesays.com\/es\/wp-json\/wp\/v2\/media\/50708"}],"wp:attachment":[{"href":"https:\/\/www.europesays.com\/es\/wp-json\/wp\/v2\/media?parent=50707"}],"wp:term":[{"taxonomy":"category","embeddable":true,"href":"https:\/\/www.europesays.com\/es\/wp-json\/wp\/v2\/categories?post=50707"},{"taxonomy":"post_tag","embeddable":true,"href":"https:\/\/www.europesays.com\/es\/wp-json\/wp\/v2\/tags?post=50707"}],"curies":[{"name":"wp","href":"https:\/\/api.w.org\/{rel}","templated":true}]}}