{"id":507178,"date":"2026-04-20T01:12:18","date_gmt":"2026-04-20T01:12:18","guid":{"rendered":"https:\/\/www.europesays.com\/es\/507178\/"},"modified":"2026-04-20T01:12:18","modified_gmt":"2026-04-20T01:12:18","slug":"ellos-fueron-los-miembros-de-sin-senos-si-hay-paraiso-que-murieron-en-rodaje-de-la-novela","status":"publish","type":"post","link":"https:\/\/www.europesays.com\/es\/507178\/","title":{"rendered":"Ellos fueron los miembros de \u201cSin senos s\u00ed hay para\u00edso\u201d que murieron en rodaje de la novela"},"content":{"rendered":"<p class=\"font--secondary\">Una jornada de grabaci\u00f3n termin\u00f3 en tragedia para el equipo de <b>Sin senos s\u00ed hay para\u00edso 4<\/b><b>. <\/b>Lo que deber\u00eda haber sido un d\u00eda normal de trabajo se transform\u00f3 en una escena de violencia que dej\u00f3 v\u00edctimas fatales, heridos y un profundo impacto en todos los que formaban parte de la producci\u00f3n. <\/p>\n<p><b>\u00bfQu\u00e9 sucedi\u00f3 durante la grabaci\u00f3n?<\/b> <\/p>\n<p class=\"font--secondary\">Una fuente cercana a Vea y que trabaja en la producci\u00f3n, habl\u00f3 en exclusiva y revel\u00f3 que los eventos se desarrollaron de forma inesperada en medio del rodaje. <b>\u201cAyer en nuestra grabaci\u00f3n un \u2018man\u2019 lleg\u00f3 sin preguntar ni decir ni nada y apu\u00f1al\u00f3 a un conductor y lo mat\u00f3\u201d, <\/b>dijo. <\/p>\n<p class=\"font--secondary\"><a href=\"https:\/\/www.elespectador.com\/revista-vea\/\" rel=\"nofollow noopener\" title=\"https:\/\/www.elespectador.com\/revista-vea\/\" target=\"_blank\"><b>Descubre las principales noticias del entretenimiento en Colombia y el mundo dando clic aqu\u00ed<\/b><\/a> <\/p>\n<p class=\"font--secondary\">La situaci\u00f3n se volvi\u00f3 a\u00fan m\u00e1s alarmante cuando varios compa\u00f1eros intentaron ayudar a la v\u00edctima. En ese instante, el agresor tambi\u00e9n se lanz\u00f3 contra ellos, dejando a otras dos personas con heridas graves. \u201cEntraron otros compa\u00f1eros a ayudarlo y el hombre apu\u00f1al\u00f3 a otros dos. Los llevaron a urgencias, pero uno muri\u00f3 anoche y <b>hay otro m\u00e1s en UCI muy grave\u00bb, <\/b>relat\u00f3. <\/p>\n<p><b>\u00bfQui\u00e9nes fueron los miembros del equipo de \u2018Sin senos s\u00ed hay para\u00edso\u2019 que murieron?<\/b> <\/p>\n<p class=\"font--secondary\">Seg\u00fan la misma fuente, las personas que perdieron la vida fueron <b>Nicol\u00e1s Perdomo y Henry Benavides, <\/b>ambos parte del equipo de producci\u00f3n. Sus muertes han causado una gran conmoci\u00f3n, no solo entre sus colegas, sino tambi\u00e9n en el \u00e1mbito audiovisual, donde se ha manifestado un fuerte rechazo ante lo ocurrido. <\/p>\n<p class=\"font--secondary\"><b>Carmen Villalobos<\/b> escribi\u00f3 un emotivo mensaje en sus redes sociales: \u201cA ti Nico, que Dios te reciba en su santo reino.<b> Siempre tuviste la mejor actitud y energ\u00eda. Estoy escribiendo esto y aun no lo puedo creer.<\/b> Siempre te recordar\u00e9 como lo que eras, un ser llenito de luz, buena vibra, energ\u00eda positiva y un alma hermosa. Gracias por el tiempo compartido, por los abrazos y las sonrisas al llegar al set. Te vamos a extra\u00f1ar much\u00edsimo\u201d. <\/p>\n<p><img alt=\"\u00bfQu\u00e9 pas\u00f3 en la grabaci\u00f3n de \u2018Sin senos s\u00ed hay para\u00edso 4\u2019? As\u00ed habr\u00edan sucedido los hechos, seg\u00fan\u00a0una fuente cercana consultada en exclusiva por\u00a0Vea.\" class=\"ImageArticle-Image\" src=\"https:\/\/www.europesays.com\/es\/wp-content\/uploads\/2026\/04\/U5GISXYPQJH5JBA55HSHJ4ILWY.jpg\" width=\"984\" height=\"655\" loading=\"eager\" decoding=\"async\" fetchpriority=\"high\"\/><\/p>\n<p>\u00bfQu\u00e9 pas\u00f3 en la grabaci\u00f3n de \u2018Sin senos s\u00ed hay para\u00edso 4\u2019? As\u00ed habr\u00edan sucedido los hechos, seg\u00fan\u00a0una fuente cercana consultada en exclusiva por\u00a0Vea.<\/p>\n<p>Fotograf\u00eda por: Instagram<\/p>\n<p class=\"font--secondary\">Por su parte, Manuela Gonz\u00e1lez agreg\u00f3: \u201cQu\u00e9 dolor tan profundo. Nico, dejas un vac\u00edo insondable&#8230; Guardar\u00e9 tu sonrisa y tus palabras como un tesoro. Te lo dije cuando terminamos de grabar y te lo repito ahora est\u00e9s donde est\u00e9s: Gracias por tu cari\u00f1o y cuidado d\u00eda tras d\u00eda. Gracias por tu amabilidad y bonita energ\u00eda. Gracias por cuidarnos tanto\u201d. <\/p>\n<p class=\"font--secondary\">En medio de la confusi\u00f3n, asegura la fuente, algunos miembros del equipo reaccionaron al ataque, lo que llev\u00f3 a un forcejeo en el que el agresor perdi\u00f3 la vida. <b> \u201cDetuvieron a un par de compa\u00f1eros. <\/b>Todo pas\u00f3 muy r\u00e1pido porque al ver lo que pas\u00f3, mataron al hombre que apu\u00f1al\u00f3 a nuestros compa\u00f1eros\u201d. <\/p>\n<p class=\"font--secondary\">Finalmente, la fuente consultada por Vea revel\u00f3 que, mientras contin\u00faan las investigaciones para aclarar exactamente lo que sucedi\u00f3 y determinar qui\u00e9nes son responsables, la producci\u00f3n decidi\u00f3 detener las grabaciones. Hasta ahora, no se han proporcionado detalles oficiales completos sobre lo ocurrido ni sobre la identidad del agresor. Las autoridades siguen trabajando en la recopilaci\u00f3n de testimonios y pruebas para reconstruir lo sucedido. <\/p>\n<p class=\"font--secondary\">Queremos tener una comunicaci\u00f3n m\u00e1s directa con ustedes, por eso pensamos en crear un bolet\u00edn que puedan recibir en sus correos electr\u00f3nicos con contenido exclusivo, entrevistas, rese\u00f1as y toda la informaci\u00f3n actualizada sobre cine, far\u00e1ndula, m\u00fasica y m\u00e1s. Pronto estaremos al aire. <a href=\"https:\/\/docs.google.com\/forms\/d\/e\/1FAIpQLScvAsS6H2t8mW3Quiv4VPUVwrmUG1klSF0Tj1UEnr8Z6sEJ9g\/viewform?usp=header\" rel=\"nofollow noopener\" target=\"_blank\"><b>Si desean inscribirse, pueden registrarse en este enlace<\/b><\/a><b>.<\/b><\/p>\n<p>Newsletter Revista Vea<\/p>\n<p>Estamos preparando un bolet\u00edn semanal con exclusivas y lo mejor del entretenimiento. Rec\u00edbelo cada jueves<\/p>\n<p><a class=\"Button Button_secondary Button_lg NewsletterBanner-Button\" href=\"https:\/\/docs.google.com\/forms\/d\/e\/1FAIpQLScvAsS6H2t8mW3Quiv4VPUVwrmUG1klSF0Tj1UEnr8Z6sEJ9g\/viewform?usp=header\" target=\"_self\" rel=\"noopener nofollow\">Inscr\u00edbete aqu\u00ed<\/a><\/p>\n","protected":false},"excerpt":{"rendered":"Una jornada de grabaci\u00f3n termin\u00f3 en tragedia para el equipo de Sin senos s\u00ed hay para\u00edso 4. Lo&hellip;\n","protected":false},"author":2,"featured_media":507179,"comment_status":"","ping_status":"","sticky":false,"template":"","format":"standard","meta":{"footnotes":""},"categories":[171],"tags":[146,147,25,24,101216,101217,101215,23,101218,214,13788],"class_list":["post-507178","post","type-post","status-publish","format-standard","has-post-thumbnail","category-tv","tag-entertainment","tag-entretenimiento","tag-es","tag-espana","tag-que-paso-en-sin-senos-si-hay-paraiso","tag-silencio-en-el-set","tag-sin-senos-si-hay-paraiso","tag-spain","tag-tragedia-en-sin-senos-si-hay-paraiso","tag-tv","tag-vea"],"share_on_mastodon":{"url":"https:\/\/pubeurope.com\/@es\/116434380133564211","error":""},"_links":{"self":[{"href":"https:\/\/www.europesays.com\/es\/wp-json\/wp\/v2\/posts\/507178","targetHints":{"allow":["GET"]}}],"collection":[{"href":"https:\/\/www.europesays.com\/es\/wp-json\/wp\/v2\/posts"}],"about":[{"href":"https:\/\/www.europesays.com\/es\/wp-json\/wp\/v2\/types\/post"}],"author":[{"embeddable":true,"href":"https:\/\/www.europesays.com\/es\/wp-json\/wp\/v2\/users\/2"}],"replies":[{"embeddable":true,"href":"https:\/\/www.europesays.com\/es\/wp-json\/wp\/v2\/comments?post=507178"}],"version-history":[{"count":0,"href":"https:\/\/www.europesays.com\/es\/wp-json\/wp\/v2\/posts\/507178\/revisions"}],"wp:featuredmedia":[{"embeddable":true,"href":"https:\/\/www.europesays.com\/es\/wp-json\/wp\/v2\/media\/507179"}],"wp:attachment":[{"href":"https:\/\/www.europesays.com\/es\/wp-json\/wp\/v2\/media?parent=507178"}],"wp:term":[{"taxonomy":"category","embeddable":true,"href":"https:\/\/www.europesays.com\/es\/wp-json\/wp\/v2\/categories?post=507178"},{"taxonomy":"post_tag","embeddable":true,"href":"https:\/\/www.europesays.com\/es\/wp-json\/wp\/v2\/tags?post=507178"}],"curies":[{"name":"wp","href":"https:\/\/api.w.org\/{rel}","templated":true}]}}