{"id":507194,"date":"2026-04-20T01:21:11","date_gmt":"2026-04-20T01:21:11","guid":{"rendered":"https:\/\/www.europesays.com\/es\/507194\/"},"modified":"2026-04-20T01:21:11","modified_gmt":"2026-04-20T01:21:11","slug":"esta-es-la-prediccion-de-la-aemet-para-los-proximos-dias","status":"publish","type":"post","link":"https:\/\/www.europesays.com\/es\/507194\/","title":{"rendered":"esta es la predicci\u00f3n de la Aemet para los pr\u00f3ximos d\u00edas"},"content":{"rendered":"<p class=\"article-text\">\n        Tras unos d\u00edas de intensa calima en <strong>Canarias<\/strong>, que empieza a remitir, y que ha venido acompa\u00f1ada de calor, con temperaturas de hasta 30 grados en algunas latitudes del archipi\u00e9lago, la Agencia Estatal de Meteorolog\u00eda (<strong>Aemet<\/strong>) prev\u00e9 para los pr\u00f3ximos d\u00edas intervalos nubosos con <strong>lluvias<\/strong> en algunas islas a partir del martes, y m\u00e1ximas en ligero a moderado descenso en algunas zonas.\n    <\/p>\n<p class=\"article-text\">\n        Esta es la predicci\u00f3n de la Aemet para Canarias:\n    <\/p>\n<p class=\"article-text\">\n        <strong>Lunes<\/strong>\n    <\/p>\n<p class=\"article-text\">\n        La Aemet destaca como fen\u00f3menos significativos que la calima afecte a\u00fan a las islas de Lanzarote y Fuerteventura. Adem\u00e1s, se esperan rachas muy fuertes en zonas altas de las islas monta\u00f1osas.\n    <\/p>\n<p class=\"article-text\">\n        En las islas orientales, poco nuboso o despejado con algunos intervalos nubosos de madrugada y por la noche. En las islas occidentales, poco nuboso en zonas altas y nuboso en el resto, abriendo amplios claros durante las horas centrales. Calima en altura en remisi\u00f3n, m\u00e1s persistente en Lanzarote y Fuerteventura. Temperaturas en ligero a moderado descenso, localmente notable en las m\u00e1ximas de zonas bajas. Viento del oeste moderado, con intervalos de fuerte en los extremos sudeste y noroeste, y en zonas altas, de las islas monta\u00f1osas, con probables rachas muy fuertes en Las Ca\u00f1adas del Teide de madrugada.\n    <\/p>\n<p class=\"article-text\">\n        En cuanto a las temperaturas, la Aemet prev\u00e9 de m\u00ednimas y m\u00e1ximas en Las Palmas de Gran Canaria de 17 y 22, respectivamente, y en Santa Cruz de Tenerife de 17 y 23 grados.\n    <\/p>\n<p class=\"article-text\">\n        <strong>Martes<\/strong>\n    <\/p>\n<p class=\"article-text\">\n        No se destacan fen\u00f3menos significativos, aunque la Aemet prev\u00e9 lluvias d\u00e9biles ocasionales, m\u00e1s probables a \u00faltimas horas. Intervalos nubosos en general, predominando el cielo nuboso en el interior y este de las islas monta\u00f1osas por la tarde. Temperaturas sin cambios o en ligero descenso, especialmente acusado en las m\u00e1ximas de las islas orientales y Tenerife. Viento del noroeste flojo a moderado, girando a norte por la tarde.\n    <\/p>\n<p class=\"article-text\">\n        En cuanto a las temperaturas, la Aemet prev\u00e9 de m\u00ednimas y m\u00e1ximas en Las Palmas de Gran Canaria de 18 y 22, respectivamente, y en Santa Cruz de Tenerife de 17 y 23 grados.\n    <\/p>\n<p>            <img decoding=\"async\" class=\"lazy\" loading=\"lazy\" data-src=\"https:\/\/static.eldiario.es\/clip\/76ffd9b2-e363-4b5f-a793-b93fdc0d26c4_source-aspect-ratio_default_0.jpg\" src=\"data:image\/svg+xml,%3Csvg xmlns=\" http:=\"\" viewbox=\"0 0 541 319\" alt=\"Mapa de lluvias y estado de los cielos en Canarias para el martes, entre las 12:00 y las 18:00 horas.\"\/><\/p>\n<p class=\"article-text\">\n        <strong>Mi\u00e9rcoles<\/strong>\n    <\/p>\n<p class=\"article-text\">\n        Nuboso en el norte de las islas monta\u00f1osas, con lluvias d\u00e9biles ocasionales, y poco nuboso en el resto, tendiendo por la tarde a intervalos nubosos en Lanzarote y Fuerteventura, y a nuboso en el sur de las islas monta\u00f1osas, con alg\u00fan chubasco aislado. Temperaturas sin cambios o en ligero descenso. Viento flojo del norte, girando a suroeste en median\u00edas y zonas altas.\n    <\/p>\n<p class=\"article-text\">\n        En cuanto a las temperaturas, la Aemet prev\u00e9 de m\u00ednimas y m\u00e1ximas en Las Palmas de Gran Canaria de 17 y 21, respectivamente, y en Santa Cruz de Tenerife de 17 y 21 grados.\n    <\/p>\n<p class=\"article-text\">\n        <strong>Jueves<\/strong>\n    <\/p>\n<p class=\"article-text\">\n        Intervalos nubosos en Lanzarote y Fuerteventura, con baja probabilidad de alguna lluvia d\u00e9bil. Nuboso en el norte de las islas monta\u00f1osas, con lluvias d\u00e9biles ocasionales, y poco nuboso en el resto, tendiendo por la tarde a nuboso en el sur, con alg\u00fan chubasco aislado. Temperaturas con pocos cambios o en ligero descenso de las m\u00e1ximas. Viento flojo del norte, girando a suroeste en median\u00edas y zonas altas.\n    <\/p>\n<p class=\"article-text\">\n        En cuanto a las temperaturas, la Aemet prev\u00e9 de m\u00ednimas y m\u00e1ximas en Las Palmas de Gran Canaria de 17 y 20, respectivamente, y en Santa Cruz de Tenerife de 17 y 21 grados.\n    <\/p>\n","protected":false},"excerpt":{"rendered":"Tras unos d\u00edas de intensa calima en Canarias, que empieza a remitir, y que ha venido acompa\u00f1ada de&hellip;\n","protected":false},"author":2,"featured_media":507195,"comment_status":"","ping_status":"","sticky":false,"template":"","format":"standard","meta":{"footnotes":""},"categories":[8],"tags":[2980,17,18,17398,25,24,49995,13,14,11,19,20,6194,9,10,15,16,4302,23,159,12,21,22],"class_list":["post-507194","post","type-post","status-publish","format-standard","has-post-thumbnail","category-espana","tag-aemet","tag-breaking-news","tag-breakingnews","tag-en-canarias","tag-es","tag-espana","tag-esta-semana","tag-featured-news","tag-featurednews","tag-headlines","tag-latest-news","tag-latestnews","tag-lluvias","tag-news","tag-noticias","tag-noticias-destacadas","tag-noticiasdestacadas","tag-prediccion","tag-spain","tag-tiempo","tag-titulares","tag-ultimas-noticias","tag-ultimasnoticias"],"share_on_mastodon":{"url":"https:\/\/pubeurope.com\/@es\/116434415491166224","error":""},"_links":{"self":[{"href":"https:\/\/www.europesays.com\/es\/wp-json\/wp\/v2\/posts\/507194","targetHints":{"allow":["GET"]}}],"collection":[{"href":"https:\/\/www.europesays.com\/es\/wp-json\/wp\/v2\/posts"}],"about":[{"href":"https:\/\/www.europesays.com\/es\/wp-json\/wp\/v2\/types\/post"}],"author":[{"embeddable":true,"href":"https:\/\/www.europesays.com\/es\/wp-json\/wp\/v2\/users\/2"}],"replies":[{"embeddable":true,"href":"https:\/\/www.europesays.com\/es\/wp-json\/wp\/v2\/comments?post=507194"}],"version-history":[{"count":0,"href":"https:\/\/www.europesays.com\/es\/wp-json\/wp\/v2\/posts\/507194\/revisions"}],"wp:featuredmedia":[{"embeddable":true,"href":"https:\/\/www.europesays.com\/es\/wp-json\/wp\/v2\/media\/507195"}],"wp:attachment":[{"href":"https:\/\/www.europesays.com\/es\/wp-json\/wp\/v2\/media?parent=507194"}],"wp:term":[{"taxonomy":"category","embeddable":true,"href":"https:\/\/www.europesays.com\/es\/wp-json\/wp\/v2\/categories?post=507194"},{"taxonomy":"post_tag","embeddable":true,"href":"https:\/\/www.europesays.com\/es\/wp-json\/wp\/v2\/tags?post=507194"}],"curies":[{"name":"wp","href":"https:\/\/api.w.org\/{rel}","templated":true}]}}