{"id":5075,"date":"2025-07-26T16:55:28","date_gmt":"2025-07-26T16:55:28","guid":{"rendered":"https:\/\/www.europesays.com\/es\/5075\/"},"modified":"2025-07-26T16:55:28","modified_gmt":"2025-07-26T16:55:28","slug":"novillada-del-25-de-julio-en-tudela-con-orejas-para-aloi-andres-e-yglesias-y-buen-ambiente-en-la-plaza","status":"publish","type":"post","link":"https:\/\/www.europesays.com\/es\/5075\/","title":{"rendered":"Novillada del 25 de julio en Tudela con orejas para Aloi, Andr\u00e9s e Yglesias y buen ambiente en la plaza"},"content":{"rendered":"<p>Los novilleros <b>Bruno Aloi<\/b>, <b>Pedro Andr\u00e9s<\/b> y <b>Jes\u00fas Yglesias<\/b> afrontaron con determinaci\u00f3n la novillada con picadores del <b>viernes 25 de julio<\/b> en Tudela, ante m\u00e1s de 3.500 personas, en su mayor\u00eda j\u00f3venes ubicados en los tendidos de Sol.<\/p>\n<p>La tarde arranc\u00f3 con <b>\u2018Ostentoso\u2019<\/b>, un <b>novillo de Tornay<\/b> negro mulato sin fuerza que apenas permiti\u00f3 a <b>Bruno Aloi<\/b> lucirse. El mexicano, reciente ganador del certamen de Las Ventas, lo intent\u00f3 sin llegar a conectar. En el cuarto, \u2018<b>Hojerizo I<\/b>\u2019, firm\u00f3 una <b>faena pulcra y efectiva<\/b> rematada con una estocada ligeramente ca\u00edda pero certera, que le vali\u00f3 una <b>oreja<\/b>. Brind\u00f3 el novillo al taurino franc\u00e9s <b>Roberto Piles<\/b> y lo tore\u00f3 al natural con sabor a su tierra, aunque la distracci\u00f3n en los tendidos diluy\u00f3 parte de su labor.<\/p>\n<p><b>Pedro Andr\u00e9s<\/b>, con gran apoyo de su pe\u00f1a vitoriana, recibi\u00f3 a \u2018<b>Cegato<\/b>\u2019 en Porta Gayola, pero <b>no logr\u00f3 acoplarse al ritmo del novillo<\/b>, que result\u00f3 bravo y encastado. Tras varios intentos de descabello, lo despach\u00f3 con entrega. En el quinto, \u2018<b>Hojalatero<\/b>\u2019, de capa casta\u00f1a, <b>logr\u00f3 su mejor versi\u00f3n<\/b>: una estocada fulminante a la primera que encendi\u00f3 al p\u00fablico. Recibi\u00f3 una <b>oreja<\/b> tras alzar los brazos con gesto de triunfo. La petici\u00f3n de la segunda fue numerosa, pero la presidencia mantuvo el criterio.<\/p>\n<p>La actuaci\u00f3n m\u00e1s emotiva de la tarde fue la de <b>Jes\u00fas Yglesias<\/b>, que <b>sustituy\u00f3 a \u00faltima hora<\/b> a Mariscal Ruiz, a\u00fan convaleciente de la cornada en Las Ventas. En su primer novillo, \u2018<b>Barbecho I<\/b>\u2019, de buena condici\u00f3n y embestida franca, <b>compuso muletazos templados y valientes<\/b> por el pit\u00f3n izquierdo. Una estocada hasta la empu\u00f1adura y la petici\u00f3n un\u00e1nime del p\u00fablico le concedieron la <b>\u00fanica oreja en los tendidos de sombra<\/b>.<\/p>\n<p>En el sexto, \u2018<b>Horcadero II<\/b>\u2019, colorado y con genio, <b>recibi\u00f3 al torero de rodillas<\/b>, que fue alcanzado con un fuerte golpe en el abdomen. Pas\u00f3 por la enfermer\u00eda y volvi\u00f3, sin chaquetilla, para tomar de nuevo la muleta. El gesto de entrega de Yglesias fue ovacionado.\u00a0<\/p>\n<p>La empresa <b>Tauro Luj\u00e1n<\/b> y el <b>Ayuntamiento de Tudela<\/b> destacaron el <b>excelente comportamiento de las pe\u00f1as<\/b>, especialmente tras los incidentes de 2024. El ambiente fue festivo pero respetuoso, sin altercados en el ruedo en un <b>festejo que, pese a los vaivenes, ofreci\u00f3 pasajes de buen toreo y emoci\u00f3n<\/b>.<\/p>\n<p><strong>Fotos de:\u00a0<\/strong>David Preciado<\/p>\n<p>Mantente al tanto de todas nuestras noticias y actualizaciones siguiendo el canal de Plaza Nueva en <a target=\"_blank\" href=\"https:\/\/bit.ly\/WA-plazanueva\" rel=\"nofollow noopener\">WhatsApp<\/a> o en <a target=\"_blank\" href=\"https:\/\/t.me\/plazanueva\" rel=\"nofollow\">Telegram<\/a>. \u00a1Invita a tus amigos para que no se pierdan nada!<\/p>\n<p>            <img loading=\"lazy\" decoding=\"async\" alt=\"Novillada con picadores en Tudela d\u00eda 25 2025 1\" class=\"lazyload\" src=\"https:\/\/www.europesays.com\/es\/wp-content\/uploads\/2025\/07\/2025072617273890466.jpg\" data-  width=\"1280\" height=\"720\"\/><\/p>\n<p>\n              Novillada con picadores en Tudela d\u00eda 25 2025 1\n            <\/p>\n<p>            <img loading=\"lazy\" decoding=\"async\" alt=\"Novillada con picadores en Tudela d\u00eda 25 2025 2\" class=\"lazyload\" src=\"https:\/\/www.europesays.com\/es\/wp-content\/uploads\/2025\/07\/2025072617274026545.jpg\" data-  width=\"1280\" height=\"720\"\/><\/p>\n<p>\n              Novillada con picadores en Tudela d\u00eda 25 2025 2\n            <\/p>\n<p>            <img loading=\"lazy\" decoding=\"async\" alt=\"Novillada con picadores en Tudela d\u00eda 25 2025 3\" class=\"lazyload\" src=\"https:\/\/www.europesays.com\/es\/wp-content\/uploads\/2025\/07\/2025072617274142714.jpg\" data-  width=\"1280\" height=\"720\"\/><\/p>\n<p>\n              Novillada con picadores en Tudela d\u00eda 25 2025 3\n            <\/p>\n<p>            <img loading=\"lazy\" decoding=\"async\" alt=\"Novillada con picadores en Tudela d\u00eda 25 2025 4\" class=\"lazyload\" src=\"https:\/\/www.europesays.com\/es\/wp-content\/uploads\/2025\/07\/2025072617274280768.jpg\" data-  width=\"1280\" height=\"720\"\/><\/p>\n<p>\n              Novillada con picadores en Tudela d\u00eda 25 2025 4\n            <\/p>\n<p>            <img loading=\"lazy\" decoding=\"async\" alt=\"Novillada con picadores en Tudela d\u00eda 25 2025 5\" class=\"lazyload\" src=\"https:\/\/www.europesays.com\/es\/wp-content\/uploads\/2025\/07\/2025072617274425006.jpg\" data-  width=\"1280\" height=\"720\"\/><\/p>\n<p>\n              Novillada con picadores en Tudela d\u00eda 25 2025 5\n            <\/p>\n<p>            <img loading=\"lazy\" decoding=\"async\" alt=\"Novillada con picadores en Tudela d\u00eda 25 2025 6\" class=\"lazyload\" src=\"https:\/\/www.europesays.com\/es\/wp-content\/uploads\/2025\/07\/2025072617274561230.jpg\" data-  width=\"1280\" height=\"720\"\/><\/p>\n<p>\n              Novillada con picadores en Tudela d\u00eda 25 2025 6\n            <\/p>\n<p>            <img loading=\"lazy\" decoding=\"async\" alt=\"Novillada con picadores en Tudela d\u00eda 25 2025 7\" class=\"lazyload\" src=\"https:\/\/www.europesays.com\/es\/wp-content\/uploads\/2025\/07\/2025072617274746999.jpg\" data-  width=\"1280\" height=\"720\"\/><\/p>\n<p>\n              Novillada con picadores en Tudela d\u00eda 25 2025 7\n            <\/p>\n<p>            <img loading=\"lazy\" decoding=\"async\" alt=\"Novillada con picadores en Tudela d\u00eda 25 2025 8\" class=\"lazyload\" src=\"https:\/\/www.europesays.com\/es\/wp-content\/uploads\/2025\/07\/2025072617274832483.jpg\" data-  width=\"1280\" height=\"720\"\/><\/p>\n<p>\n              Novillada con picadores en Tudela d\u00eda 25 2025 8\n            <\/p>\n<p>            <img loading=\"lazy\" decoding=\"async\" alt=\"Novillada con picadores en Tudela d\u00eda 25 2025 9\" class=\"lazyload\" src=\"https:\/\/www.europesays.com\/es\/wp-content\/uploads\/2025\/07\/2025072617274965327.jpg\" data-  width=\"1280\" height=\"720\"\/><\/p>\n<p>\n              Novillada con picadores en Tudela d\u00eda 25 2025 9\n            <\/p>\n<p>            <img loading=\"lazy\" decoding=\"async\" alt=\"Novillada con picadores en Tudela d\u00eda 25 2025 10\" class=\"lazyload\" src=\"https:\/\/www.europesays.com\/es\/wp-content\/uploads\/2025\/07\/2025072617275086379.jpg\" data-  width=\"1280\" height=\"720\"\/><\/p>\n<p>\n              Novillada con picadores en Tudela d\u00eda 25 2025 10\n            <\/p>\n<p>            <img loading=\"lazy\" decoding=\"async\" alt=\"Novillada con picadores en Tudela d\u00eda 25 2025 11\" class=\"lazyload\" src=\"https:\/\/www.europesays.com\/es\/wp-content\/uploads\/2025\/07\/2025072617275217025.jpg\" data-  width=\"1280\" height=\"720\"\/><\/p>\n<p>\n              Novillada con picadores en Tudela d\u00eda 25 2025 11\n            <\/p>\n<p>            <img loading=\"lazy\" decoding=\"async\" alt=\"Novillada con picadores en Tudela d\u00eda 25 2025 12\" class=\"lazyload\" src=\"https:\/\/www.europesays.com\/es\/wp-content\/uploads\/2025\/07\/2025072617275356358.jpg\" data-  width=\"1280\" height=\"720\"\/><\/p>\n<p>\n              Novillada con picadores en Tudela d\u00eda 25 2025 12\n            <\/p>\n<p>            <img loading=\"lazy\" decoding=\"async\" alt=\"Novillada con picadores en Tudela d\u00eda 25 2025 13\" class=\"lazyload\" src=\"https:\/\/www.europesays.com\/es\/wp-content\/uploads\/2025\/07\/2025072617275499626.jpg\" data-  width=\"1280\" height=\"720\"\/><\/p>\n<p>\n              Novillada con picadores en Tudela d\u00eda 25 2025 13\n            <\/p>\n<p>            <img loading=\"lazy\" decoding=\"async\" alt=\"Novillada con picadores en Tudela d\u00eda 25 2025 14\" class=\"lazyload\" src=\"https:\/\/www.europesays.com\/es\/wp-content\/uploads\/2025\/07\/2025072617275641248.jpg\" data-  width=\"1280\" height=\"720\"\/><\/p>\n<p>\n              Novillada con picadores en Tudela d\u00eda 25 2025 14\n            <\/p>\n<p>            <img loading=\"lazy\" decoding=\"async\" alt=\"Novillada con picadores en Tudela d\u00eda 25 2025 15\" class=\"lazyload\" src=\"https:\/\/www.europesays.com\/es\/wp-content\/uploads\/2025\/07\/2025072617275787434.jpg\" data-  width=\"1280\" height=\"720\"\/><\/p>\n<p>\n              Novillada con picadores en Tudela d\u00eda 25 2025 15\n            <\/p>\n<p>            <img loading=\"lazy\" decoding=\"async\" alt=\"Novillada con picadores en Tudela d\u00eda 25 2025 16\" class=\"lazyload\" src=\"https:\/\/www.europesays.com\/es\/wp-content\/uploads\/2025\/07\/2025072617275937577.jpg\" data-  width=\"1280\" height=\"720\"\/><\/p>\n<p>\n              Novillada con picadores en Tudela d\u00eda 25 2025 16\n            <\/p>\n<p>            <img loading=\"lazy\" decoding=\"async\" alt=\"Novillada con picadores en Tudela d\u00eda 25 2025 17\" class=\"lazyload\" src=\"https:\/\/www.europesays.com\/es\/wp-content\/uploads\/2025\/07\/2025072617280018063.jpg\" data-  width=\"1280\" height=\"720\"\/><\/p>\n<p>\n              Novillada con picadores en Tudela d\u00eda 25 2025 17\n            <\/p>\n<p>            <img loading=\"lazy\" decoding=\"async\" alt=\"Novillada con picadores en Tudela d\u00eda 25 2025 18\" class=\"lazyload\" src=\"https:\/\/www.europesays.com\/es\/wp-content\/uploads\/2025\/07\/2025072617280141814.jpg\" data-  width=\"1280\" height=\"720\"\/><\/p>\n<p>\n              Novillada con picadores en Tudela d\u00eda 25 2025 18\n            <\/p>\n<p>            <img loading=\"lazy\" decoding=\"async\" alt=\"Novillada con picadores en Tudela d\u00eda 25 2025 19\" class=\"lazyload\" src=\"https:\/\/www.europesays.com\/es\/wp-content\/uploads\/2025\/07\/2025072617280265520.jpg\" data-  width=\"1280\" height=\"720\"\/><\/p>\n<p>\n              Novillada con picadores en Tudela d\u00eda 25 2025 19\n            <\/p>\n<p>            <img loading=\"lazy\" decoding=\"async\" alt=\"Novillada con picadores en Tudela d\u00eda 25 2025 20\" class=\"lazyload\" src=\"https:\/\/www.europesays.com\/es\/wp-content\/uploads\/2025\/07\/2025072617280389610.jpg\" data-  width=\"1280\" height=\"720\"\/><\/p>\n<p>\n              Novillada con picadores en Tudela d\u00eda 25 2025 20\n            <\/p>\n<p>            <img loading=\"lazy\" decoding=\"async\" alt=\"Novillada con picadores en Tudela d\u00eda 25 2025 21\" class=\"lazyload\" src=\"https:\/\/www.europesays.com\/es\/wp-content\/uploads\/2025\/07\/2025072617280536810.jpg\" data-  width=\"1280\" height=\"720\"\/><\/p>\n<p>\n              Novillada con picadores en Tudela d\u00eda 25 2025 21\n            <\/p>\n<p>            <img loading=\"lazy\" decoding=\"async\" alt=\"Novillada con picadores en Tudela d\u00eda 25 2025 22\" class=\"lazyload\" src=\"https:\/\/www.europesays.com\/es\/wp-content\/uploads\/2025\/07\/2025072617280671051.jpg\" data-  width=\"1280\" height=\"720\"\/><\/p>\n<p>\n              Novillada con picadores en Tudela d\u00eda 25 2025 22\n            <\/p>\n<p>            <img loading=\"lazy\" decoding=\"async\" alt=\"Novillada con picadores en Tudela d\u00eda 25 2025 23\" class=\"lazyload\" src=\"https:\/\/www.europesays.com\/es\/wp-content\/uploads\/2025\/07\/2025072617280811254.jpg\" data-  width=\"1280\" height=\"720\"\/><\/p>\n<p>\n              Novillada con picadores en Tudela d\u00eda 25 2025 23\n            <\/p>\n<p>            <img loading=\"lazy\" decoding=\"async\" alt=\"Novillada con picadores en Tudela d\u00eda 25 2025 24\" class=\"lazyload\" src=\"https:\/\/www.europesays.com\/es\/wp-content\/uploads\/2025\/07\/2025072617280946499.jpg\" data-  width=\"1280\" height=\"720\"\/><\/p>\n<p>\n              Novillada con picadores en Tudela d\u00eda 25 2025 24\n            <\/p>\n<p>            <img loading=\"lazy\" decoding=\"async\" alt=\"Novillada con picadores en Tudela d\u00eda 25 2025 25\" class=\"lazyload\" src=\"https:\/\/www.europesays.com\/es\/wp-content\/uploads\/2025\/07\/2025072617281076970.jpg\" data-  width=\"1280\" height=\"720\"\/><\/p>\n<p>\n              Novillada con picadores en Tudela d\u00eda 25 2025 25\n            <\/p>\n<p>            <img loading=\"lazy\" decoding=\"async\" alt=\"Novillada con picadores en Tudela d\u00eda 25 2025 26\" class=\"lazyload\" src=\"https:\/\/www.europesays.com\/es\/wp-content\/uploads\/2025\/07\/2025072617281277745.jpg\" data-  width=\"1280\" height=\"720\"\/><\/p>\n<p>\n              Novillada con picadores en Tudela d\u00eda 25 2025 26\n            <\/p>\n<p>            <img loading=\"lazy\" decoding=\"async\" alt=\"Novillada con picadores en Tudela d\u00eda 25 2025 27\" class=\"lazyload\" src=\"https:\/\/www.europesays.com\/es\/wp-content\/uploads\/2025\/07\/2025072617281335502.jpg\" data-  width=\"1280\" height=\"720\"\/><\/p>\n<p>\n              Novillada con picadores en Tudela d\u00eda 25 2025 27\n            <\/p>\n<p>            <img loading=\"lazy\" decoding=\"async\" alt=\"Novillada con picadores en Tudela d\u00eda 25 2025 28\" class=\"lazyload\" src=\"https:\/\/www.europesays.com\/es\/wp-content\/uploads\/2025\/07\/2025072617281472697.jpg\" data-  width=\"1280\" height=\"720\"\/><\/p>\n<p>\n              Novillada con picadores en Tudela d\u00eda 25 2025 28\n            <\/p>\n<p>            <img loading=\"lazy\" decoding=\"async\" alt=\"Novillada con picadores en Tudela d\u00eda 25 2025 29\" class=\"lazyload\" src=\"https:\/\/www.europesays.com\/es\/wp-content\/uploads\/2025\/07\/2025072617281586943.jpg\" data-  width=\"1280\" height=\"720\"\/><\/p>\n<p>\n              Novillada con picadores en Tudela d\u00eda 25 2025 29\n            <\/p>\n<p>            <img loading=\"lazy\" decoding=\"async\" alt=\"Novillada con picadores en Tudela d\u00eda 25 2025 30\" class=\"lazyload\" src=\"https:\/\/www.europesays.com\/es\/wp-content\/uploads\/2025\/07\/2025072617281730327.jpg\" data-  width=\"1280\" height=\"720\"\/><\/p>\n<p>\n              Novillada con picadores en Tudela d\u00eda 25 2025 30\n            <\/p>\n<p>            <img loading=\"lazy\" decoding=\"async\" alt=\"Novillada con picadores en Tudela d\u00eda 25 2025 31\" class=\"lazyload\" src=\"https:\/\/www.europesays.com\/es\/wp-content\/uploads\/2025\/07\/2025072617281859662.jpg\" data-  width=\"1280\" height=\"720\"\/><\/p>\n<p>\n              Novillada con picadores en Tudela d\u00eda 25 2025 31\n            <\/p>\n<p>            <img loading=\"lazy\" decoding=\"async\" alt=\"Novillada con picadores en Tudela d\u00eda 25 2025 32\" class=\"lazyload\" src=\"https:\/\/www.europesays.com\/es\/wp-content\/uploads\/2025\/07\/2025072617281991931.jpg\" data-  width=\"1280\" height=\"720\"\/><\/p>\n<p>\n              Novillada con picadores en Tudela d\u00eda 25 2025 32\n            <\/p>\n<p>            <img loading=\"lazy\" decoding=\"async\" alt=\"Novillada con picadores en Tudela d\u00eda 25 2025 33\" class=\"lazyload\" src=\"https:\/\/www.europesays.com\/es\/wp-content\/uploads\/2025\/07\/2025072617282131893.jpg\" data-  width=\"1280\" height=\"720\"\/><\/p>\n<p>\n              Novillada con picadores en Tudela d\u00eda 25 2025 33\n            <\/p>\n<p>            <img loading=\"lazy\" decoding=\"async\" alt=\"Novillada con picadores en Tudela d\u00eda 25 2025 34\" class=\"lazyload\" src=\"https:\/\/www.europesays.com\/es\/wp-content\/uploads\/2025\/07\/2025072617282291182.jpg\" data-  width=\"1280\" height=\"720\"\/><\/p>\n<p>\n              Novillada con picadores en Tudela d\u00eda 25 2025 34\n            <\/p>\n<p>            <img loading=\"lazy\" decoding=\"async\" alt=\"Novillada con picadores en Tudela d\u00eda 25 2025 35\" class=\"lazyload\" src=\"https:\/\/www.europesays.com\/es\/wp-content\/uploads\/2025\/07\/2025072617282426075.jpg\" data-  width=\"1280\" height=\"720\"\/><\/p>\n<p>\n              Novillada con picadores en Tudela d\u00eda 25 2025 35\n            <\/p>\n<p>            <img loading=\"lazy\" decoding=\"async\" alt=\"Novillada con picadores en Tudela d\u00eda 25 2025 36\" class=\"lazyload\" src=\"https:\/\/www.europesays.com\/es\/wp-content\/uploads\/2025\/07\/2025072617282540974.jpg\" data-  width=\"1280\" height=\"720\"\/><\/p>\n<p>\n              Novillada con picadores en Tudela d\u00eda 25 2025 36\n            <\/p>\n<p>            <img loading=\"lazy\" decoding=\"async\" alt=\"Novillada con picadores en Tudela d\u00eda 25 2025 37\" class=\"lazyload\" src=\"https:\/\/www.europesays.com\/es\/wp-content\/uploads\/2025\/07\/2025072617282670373.jpg\" data-  width=\"1280\" height=\"720\"\/><\/p>\n<p>\n              Novillada con picadores en Tudela d\u00eda 25 2025 37\n            <\/p>\n<p>            <img loading=\"lazy\" decoding=\"async\" alt=\"Novillada con picadores en Tudela d\u00eda 25 2025 38\" class=\"lazyload\" src=\"https:\/\/www.europesays.com\/es\/wp-content\/uploads\/2025\/07\/2025072617282830494.jpg\" data-  width=\"1280\" height=\"720\"\/><\/p>\n<p>\n              Novillada con picadores en Tudela d\u00eda 25 2025 38\n            <\/p>\n<p>            <img loading=\"lazy\" decoding=\"async\" alt=\"Novillada con picadores en Tudela d\u00eda 25 2025 39\" class=\"lazyload\" src=\"https:\/\/www.europesays.com\/es\/wp-content\/uploads\/2025\/07\/2025072617282985079.jpg\" data-  width=\"1280\" height=\"720\"\/><\/p>\n<p>\n              Novillada con picadores en Tudela d\u00eda 25 2025 39\n            <\/p>\n","protected":false},"excerpt":{"rendered":"Los novilleros Bruno Aloi, Pedro Andr\u00e9s y Jes\u00fas Yglesias afrontaron con determinaci\u00f3n la novillada con picadores del viernes&hellip;\n","protected":false},"author":2,"featured_media":5076,"comment_status":"","ping_status":"","sticky":false,"template":"","format":"standard","meta":{"footnotes":""},"categories":[277],"tags":[45,4495,373,168,978,25,24,43,4494,23,167,374,444,44],"class_list":{"0":"post-5075","1":"post","2":"type-post","3":"status-publish","4":"format-standard","5":"has-post-thumbnail","7":"category-toreo","8":"tag-45","9":"tag-4495","10":"tag-bullfighting","11":"tag-deportes","12":"tag-dia","13":"tag-es","14":"tag-espana","15":"tag-fiestas","16":"tag-novillada","17":"tag-spain","18":"tag-sports","19":"tag-toreo","20":"tag-toros","21":"tag-tudela"},"share_on_mastodon":{"url":"","error":""},"_links":{"self":[{"href":"https:\/\/www.europesays.com\/es\/wp-json\/wp\/v2\/posts\/5075","targetHints":{"allow":["GET"]}}],"collection":[{"href":"https:\/\/www.europesays.com\/es\/wp-json\/wp\/v2\/posts"}],"about":[{"href":"https:\/\/www.europesays.com\/es\/wp-json\/wp\/v2\/types\/post"}],"author":[{"embeddable":true,"href":"https:\/\/www.europesays.com\/es\/wp-json\/wp\/v2\/users\/2"}],"replies":[{"embeddable":true,"href":"https:\/\/www.europesays.com\/es\/wp-json\/wp\/v2\/comments?post=5075"}],"version-history":[{"count":0,"href":"https:\/\/www.europesays.com\/es\/wp-json\/wp\/v2\/posts\/5075\/revisions"}],"wp:featuredmedia":[{"embeddable":true,"href":"https:\/\/www.europesays.com\/es\/wp-json\/wp\/v2\/media\/5076"}],"wp:attachment":[{"href":"https:\/\/www.europesays.com\/es\/wp-json\/wp\/v2\/media?parent=5075"}],"wp:term":[{"taxonomy":"category","embeddable":true,"href":"https:\/\/www.europesays.com\/es\/wp-json\/wp\/v2\/categories?post=5075"},{"taxonomy":"post_tag","embeddable":true,"href":"https:\/\/www.europesays.com\/es\/wp-json\/wp\/v2\/tags?post=5075"}],"curies":[{"name":"wp","href":"https:\/\/api.w.org\/{rel}","templated":true}]}}