{"id":50753,"date":"2025-08-16T05:40:09","date_gmt":"2025-08-16T05:40:09","guid":{"rendered":"https:\/\/www.europesays.com\/es\/50753\/"},"modified":"2025-08-16T05:40:09","modified_gmt":"2025-08-16T05:40:09","slug":"libro-sobre-glorias-del-deporte-en-cuba-recuerda-a-fidel-castro","status":"publish","type":"post","link":"https:\/\/www.europesays.com\/es\/50753\/","title":{"rendered":"Libro sobre glorias del deporte en Cuba recuerda a Fidel Castro"},"content":{"rendered":"<p>  Convocado por el Instituto Cubano del Libro (ICL), el evento tendr\u00e1 lugar a las 11:00, hora local, en la Calle de Madera, a un lateral de la Plaza de Armas, en el Centro Hist\u00f3rico de La Habana.<\/p>\n<p>   \u201cHay muchas maneras de recordar a nuestro Comandante, Fidel Casto, sin embargo, hay una forma especialmente conmovedora de evocarlo: a trav\u00e9s de las vivencias de aquellos deportistas que tuvieron el privilegio de compartir con \u00e9l no solo los triunfos, sino tambi\u00e9n las angustias y decepciones\u201d, refiere la nota del ICL. <\/p>\n<p>   Los relatos que en el volumen se presentan son un tributo excepcional, apunta el comunicado. <\/p>\n<p>   \u201cSus recuerdos, muchos de los cuales aparecen en estas l\u00edneas, rememoran a aquella persona grande, imponente, inteligente, humilde, humana, jaranera y exigente, que como un padre, un protector, un amigo se grab\u00f3 en sus vidas hasta hoy\u201d, indica el pr\u00f3logo.<\/p>\n<p>mem\/mml<\/p>\n","protected":false},"excerpt":{"rendered":"Convocado por el Instituto Cubano del Libro (ICL), el evento tendr\u00e1 lugar a las 11:00, hora local, en&hellip;\n","protected":false},"author":2,"featured_media":50754,"comment_status":"","ping_status":"","sticky":false,"template":"","format":"standard","meta":{"footnotes":""},"categories":[172],"tags":[224,1164,209,22540,146,147,25,24,225,12536,23],"class_list":{"0":"post-50753","1":"post","2":"type-post","3":"status-publish","4":"format-standard","5":"has-post-thumbnail","7":"category-libros","8":"tag-books","9":"tag-cuba","10":"tag-cultura","11":"tag-deporte-cubano","12":"tag-entertainment","13":"tag-entretenimiento","14":"tag-es","15":"tag-espana","16":"tag-libros","17":"tag-nota-informativa","18":"tag-spain"},"share_on_mastodon":{"url":"","error":""},"_links":{"self":[{"href":"https:\/\/www.europesays.com\/es\/wp-json\/wp\/v2\/posts\/50753","targetHints":{"allow":["GET"]}}],"collection":[{"href":"https:\/\/www.europesays.com\/es\/wp-json\/wp\/v2\/posts"}],"about":[{"href":"https:\/\/www.europesays.com\/es\/wp-json\/wp\/v2\/types\/post"}],"author":[{"embeddable":true,"href":"https:\/\/www.europesays.com\/es\/wp-json\/wp\/v2\/users\/2"}],"replies":[{"embeddable":true,"href":"https:\/\/www.europesays.com\/es\/wp-json\/wp\/v2\/comments?post=50753"}],"version-history":[{"count":0,"href":"https:\/\/www.europesays.com\/es\/wp-json\/wp\/v2\/posts\/50753\/revisions"}],"wp:featuredmedia":[{"embeddable":true,"href":"https:\/\/www.europesays.com\/es\/wp-json\/wp\/v2\/media\/50754"}],"wp:attachment":[{"href":"https:\/\/www.europesays.com\/es\/wp-json\/wp\/v2\/media?parent=50753"}],"wp:term":[{"taxonomy":"category","embeddable":true,"href":"https:\/\/www.europesays.com\/es\/wp-json\/wp\/v2\/categories?post=50753"},{"taxonomy":"post_tag","embeddable":true,"href":"https:\/\/www.europesays.com\/es\/wp-json\/wp\/v2\/tags?post=50753"}],"curies":[{"name":"wp","href":"https:\/\/api.w.org\/{rel}","templated":true}]}}