{"id":50755,"date":"2025-08-16T05:41:09","date_gmt":"2025-08-16T05:41:09","guid":{"rendered":"https:\/\/www.europesays.com\/es\/50755\/"},"modified":"2025-08-16T05:41:09","modified_gmt":"2025-08-16T05:41:09","slug":"iglesias-oculta-las-cuentas-de-canal-red-desde-hace-2-anos-mientras-expande-el-negocio-a-mexico-y-abre-la-garibaldi-ii","status":"publish","type":"post","link":"https:\/\/www.europesays.com\/es\/50755\/","title":{"rendered":"Iglesias oculta las cuentas de Canal Red desde hace 2 a\u00f1os, mientras expande el negocio a M\u00e9xico y abre la Garibaldi II"},"content":{"rendered":"<p id=\"paragraph_1\">El exvicepresidente del Gobierno <a href=\"https:\/\/www.elespanol.com\/espana\/politica\/20250427\/pablo-iglesias-dedica-rap-errejon-bares-moda-no-pagas-copa-nuevos-amigos-pagan-farlopa\/1003743732523_0.html?utm_cmp_rs=linksinline\" rel=\"nofollow noopener\" target=\"_blank\">Pablo Iglesias<\/a> se expone a <strong>una multa de hasta 60.000 euros<\/strong> por ocultar desde hace dos a\u00f1os las cuentas oficiales de Agitprop Comunicaci\u00f3n y An\u00e1lisis Pol\u00edtico SL, la sociedad con la que gestiona su televisi\u00f3n de Youtube Canal Red.<\/p>\n<p class=\"paragraph\" id=\"paragraph_2\">Mientras tanto, Iglesias ha cumplido dos de sus sue\u00f1os. El pasado mes de julio <strong>Canal Red expandi\u00f3 su negocio y abri\u00f3 su primera delegaci\u00f3n en Am\u00e9rica Latina<\/strong>, con unas amplias instalaciones en M\u00e9xico DC.<\/p>\n<p class=\"paragraph\" id=\"paragraph_3\">El exl\u00edder de Podemos busca extender as\u00ed su influencia pol\u00edtica a pa\u00edses que cuentan con gobiernos afines, como el de Claudia Sheinbaum, alineados con <a href=\"https:\/\/www.elespanol.com\/espana\/politica\/20230323\/secretaria-verstrynge-argentina-apoyar-kirchner-condenada-corrupcion\/750675212_0.html?utm_cmp_rs=linksinline\" rel=\"nofollow noopener\" target=\"_blank\">el Grupo de Puebla<\/a>, que tambi\u00e9n incluye a representantes de Colombia (<strong>Gustavo Petro<\/strong>), Brasil (<strong>Lula da Silva<\/strong>), Chile (<strong>Gabriel Boric<\/strong>), Bolivia (<strong>Luis Arce<\/strong>) y miembros del PSOE.<\/p>\n<p><img loading=\"lazy\" decoding=\"async\" alt=\"Pablo Iglesias firmando su \u00faltimo libro, el pasado mi\u00e9rcoles, en la Diada de Sant Jordi.\" height=\"180\" src=\"https:\/\/www.europesays.com\/es\/wp-content\/uploads\/2025\/08\/1003743732608_255120637_320x180.jpg\" width=\"320\" data-lazy-status=\"processed\" data-lazy-info=\"remove loading item 1\"\/><\/p>\n<p class=\"paragraph\" id=\"paragraph_4\">Por otro lado, Iglesias abri\u00f3 este viernes las <a href=\"https:\/\/www.elespanol.com\/madrid\/ocio\/20250814\/regreso-taberna-pablo-iglesias-lavapies-abre-garibaldi-grande-bolivariano-terraza\/1003743886587_0.html?utm_cmp_rs=linksinline\" rel=\"nofollow noopener\" target=\"_blank\">nuevas instalaciones de la Taberna Garibaldi<\/a> en la calle Miguel Servet de Madrid, gracias a los <strong>140.000 euros que recaud\u00f3 entre sus seguidores<\/strong> mediante una operaci\u00f3n de crowdfunding.<\/p>\n<p class=\"paragraph\" id=\"paragraph_5\">El anterior local se le hab\u00eda quedado peque\u00f1o y el Ayuntamiento de Madrid le hab\u00eda impuesto una multa por exceder el aforo permitido.<\/p>\n<p class=\"paragraph\" id=\"paragraph_6\">Pero las cuentas de Canal Red siguen siendo opacas, por lo que es imposible descifrar de d\u00f3nde ha sacado Iglesias los fondos para abrir su sucursal en M\u00e9xico. Aunque todo indica que la operaci\u00f3n cuenta con el benepl\u00e1cito del gobierno de extrema izquierda de <a href=\"https:\/\/www.elespanol.com\/usa\/20250724\/claudia-sheinbaum-confirmo-mexicanos-alligator-alcatraz-queremos-repatriados-inmediato\/1003743860521_0.html?utm_cmp_rs=linksinline\" rel=\"nofollow noopener\" target=\"_blank\">Claudia Sheinbaum<\/a>.<\/p>\n<p class=\"paragraph\" id=\"paragraph_7\">Para poner en marcha su proyecto audiovisual, Pablo Iglesias compr\u00f3 en abril de 2023 la productora <strong>Melancolic Films S<\/strong>L, que pertenec\u00eda al grupo Mediapro. El expresidente del Gobierno asumi\u00f3 el cargo de administrador \u00fanico, que hasta entonces hab\u00eda ocupado el empresario independentista <a href=\"https:\/\/cronicaglobal.elespanol.com\/culemania\/palco\/jaume-roures-solo-ha-puesto-10-millones-100-barca-studios_736322_102.html?utm_cmp_rs=linksinline\" target=\"_blank\" rel=\"nofollow noopener\">Jaume Roures Llop<\/a>. Un mes despu\u00e9s, la hija de \u00e9ste, <strong>Teia Roures<\/strong>, ces\u00f3 como apoderada.<\/p>\n<p><img decoding=\"async\" alt=\"Pablo Iglesias responde a las preguntas de Sergio Gregori (hoy su socio en Canal Red) en mayo de 2014 en Alicante.\" height=\"180\" loading=\"lazy\" width=\"320\" data-lazy-status=\"processed\" id=\"d406225213\" src=\"https:\/\/www.elespanol.com\/espana\/politica\/20250816\/iglesias-oculta-cuentas-canal-red-hace-anos-expande-negocio-mexico-abre-garibaldi-ii\/[\" https:=\"\" data-lazy-info=\"changed src\"\/><\/p>\n<p class=\"paragraph\" id=\"paragraph_8\">Seg\u00fan los datos del Registro Mercantil, Pablo Iglesias posee el 98% de las acciones de la sociedad. El 2% restante est\u00e1 en manos de <strong>Guill\u00e9n Carroza Armend\u00e1riz<\/strong>, que en las elecciones generales del 28-A de 2019 fue candidato de Podemos al Congreso de los Diputados por Navarra.<\/p>\n<p class=\"paragraph\" id=\"paragraph_9\">Un a\u00f1o despu\u00e9s, Iglesias ampli\u00f3 el objeto social de la sociedad (con la que tambi\u00e9n edita la web Diario Red, que act\u00faa como diario oficioso de Podemos) y cambi\u00f3 su denominaci\u00f3n por una mucho m\u00e1s adecuada: <strong>Agitprop Comunicaci\u00f3n y An\u00e1lisis Pol\u00edtico SL<\/strong>.<\/p>\n<p class=\"paragraph\" id=\"paragraph_10\">Tambi\u00e9n traslad\u00f3 su sede social a un Pol\u00edgono industrial situado en la calle Albasanz de Madrid, en el barrio de San Blas.<\/p>\n<p class=\"paragraph\" id=\"paragraph_11\">Pero, durante todo este tiempo, el expresidente del Gobierno ha incumplido la obligaci\u00f3n de depositar las cuentas oficiales de la sociedad ante el Registro Mercantil: no lo ha hecho con las de 2023 (el a\u00f1o que se convirti\u00f3 en su accionista mayoritario) ni con las de 2024.<\/p>\n<p class=\"paragraph\" id=\"paragraph_12\">Estas \u00faltimas deber\u00edan haber sido depositadas en el Registro antes del pasado 31 de julio.<\/p>\n<p class=\"paragraph\" id=\"paragraph_13\">Al incumplir esta obligaci\u00f3n, Pablo Iglesias (como administrador \u00fanico) se expone a <strong>una multa de 1.200 a 60.000 euros<\/strong>, seg\u00fan la Ley de Sociedades de Capital.<\/p>\n<p><img decoding=\"async\" alt=\"Pablo Iglesias, en el v\u00eddeo de promoci\u00f3n de su nueva televisi\u00f3n, Canal Red.\" height=\"180\" loading=\"lazy\" width=\"320\" data-lazy-status=\"processed\" id=\"5933d2d3d8\" src=\"https:\/\/www.elespanol.com\/espana\/politica\/20250816\/iglesias-oculta-cuentas-canal-red-hace-anos-expande-negocio-mexico-abre-garibaldi-ii\/[\" https:=\"\" data-lazy-info=\"changed src\"\/><\/p>\n<p class=\"paragraph\" id=\"paragraph_14\">La sanci\u00f3n se puede elevar hasta los 300.000 euros, si su facturaci\u00f3n supera los 6 millones de euros, aunque esta posibilidad de momento parece improbable.<\/p>\n<p class=\"paragraph\" id=\"paragraph_15\">Incumplir la obligaci\u00f3n de depositar las cuentas oficiales tambi\u00e9n puede acarrear el cierre de su hoja registral, lo que le impedir\u00eda anotar cualquier cambio en la sociedad.<\/p>\n<p class=\"paragraph\" id=\"paragraph_16\">Las \u00faltimas cuentas de Melancolic Films depositadas en el Registro Mercantil son las de 2022 (el a\u00f1o anterior a su compra por Iglesias). En aquel ejercicio, la sociedad, entonces controlada por Jaume Roures, declar\u00f3 <strong>unos activos valorados en 700.000 euros y una facturaci\u00f3n de 116.666<\/strong>. Aunque su resultado final se redujo a 6.871 euros.<\/p>\n<p class=\"paragraph\" id=\"paragraph_17\">El hecho de que Iglesias incumpla la obligaci\u00f3n de depositar las cuentas oficiales de Agitprop (como se llama ahora la sociedad) impide conocer qu\u00e9 beneficios ha registrado desde que la compr\u00f3, en 2023,<strong> la procedencia de sus ingresos y si ha efectuado una ampliaci\u00f3n de capital<\/strong> para emprender su aventura americana.<\/p>\n<p class=\"paragraph\" id=\"paragraph_18\">Pablo Iglesias anunci\u00f3 el pasado 25 de julio, a trav\u00e9s de sus redes sociales, una noticia ilusionante: \u00ab<strong>Estoy en M\u00e9xico y quiero presentaros las oficinas de Canal Red en Am\u00e9rica Latina<\/strong>\u00ab.<\/p>\n<p class=\"paragraph\" id=\"paragraph_19\">En un v\u00eddeo, mostr\u00f3 el recorrido por la amplia redacci\u00f3n, con vistas espectaculares desde el cielo de M\u00e9xico DC, y el plat\u00f3 desde el que ya se emite su programaci\u00f3n para los pa\u00edses del continente.<\/p>\n<p class=\"paragraph\" id=\"paragraph_20\">Una de sus caras visibles es la periodista rusa <a href=\"https:\/\/www.elespanol.com\/mundo\/europa\/20230429\/inna-afinogenova-infiltrada-putin-rt-pablo-iglesias\/759674510_0.html?utm_cmp_rs=linksinline\" rel=\"nofollow noopener\" target=\"_blank\">Inna Afinogenova<\/a>, a la que Iglesias fich\u00f3 para Canal Red despu\u00e9s de que abandonara <strong>el canal de propaganda de Vladimir Putin<\/strong> Russia Today, tras la invasi\u00f3n de Ucrania.<\/p>\n<p class=\"paragraph\" id=\"paragraph_21\">Pero la aventura m\u00e1s reciente ha sido la apertura de su nueva Taberna Garibaldi, gracias a los 140.000 euros que han aportado sus seguidores.<\/p>\n<p><img decoding=\"async\" alt=\"Inna Afinogenova, en Canal Red.\" height=\"180\" loading=\"lazy\" width=\"320\" data-lazy-status=\"processed\" id=\"8074f1e458\" src=\"https:\/\/www.elespanol.com\/espana\/politica\/20250816\/iglesias-oculta-cuentas-canal-red-hace-anos-expande-negocio-mexico-abre-garibaldi-ii\/[\" https:=\"\" data-lazy-info=\"changed src\"\/><\/p>\n<p class=\"paragraph\" id=\"paragraph_22\">Se trata de un local \u00abcon m\u00e1s espacio para poder hacer m\u00e1s actividades culturales y para seguir creciendo y teniendo <strong>un espacio cultural nuestro, antifascista<\/strong>, en el que tomar una cerveza o lo que te apetezca con tu gente\u00bb, anunci\u00f3 Iglesias.<\/p>\n<p class=\"paragraph\" id=\"paragraph_23\">El exportavoz de Podemos <a href=\"https:\/\/www.elespanol.com\/reportajes\/20210418\/meses-echenique-ciudadanos-liberal-pagaba-euros-cuota\/574443007_0.html?utm_cmp_rs=linksinline\" rel=\"nofollow noopener\" target=\"_blank\">Pablo Echenique<\/a> (que ahora madruga para presentar el informativo matinal de Canal Red) lo ha definido mejor: una taberna \u00abm\u00e1s grande, <strong>m\u00e1s bolivariana, m\u00e1s bolchevique, m\u00e1s narcocomunista, m\u00e1s sovi\u00e9tica<\/strong> y, encima, mucho m\u00e1s accesible\u00bb.<\/p>\n<p class=\"paragraph\" id=\"paragraph_24\">Desde este viernes, los seguidores de Iglesias ya pueden degustar all\u00ed c\u00f3cteles como el Fidel Mojito, el Ch\u00e9 daiquiri, el Gramsci Negroni o la Pasionaria Puerto de Valencia.<\/p>\n","protected":false},"excerpt":{"rendered":"El exvicepresidente del Gobierno Pablo Iglesias se expone a una multa de hasta 60.000 euros por ocultar desde&hellip;\n","protected":false},"author":2,"featured_media":50756,"comment_status":"","ping_status":"","sticky":false,"template":"","format":"standard","meta":{"footnotes":""},"categories":[171],"tags":[146,147,25,24,1906,22397,6067,952,23,214],"class_list":{"0":"post-50755","1":"post","2":"type-post","3":"status-publish","4":"format-standard","5":"has-post-thumbnail","7":"category-tv","8":"tag-entertainment","9":"tag-entretenimiento","10":"tag-es","11":"tag-espana","12":"tag-mexico","13":"tag-pablo-iglesias","14":"tag-podemos","15":"tag-politica","16":"tag-spain","17":"tag-tv"},"share_on_mastodon":{"url":"","error":""},"_links":{"self":[{"href":"https:\/\/www.europesays.com\/es\/wp-json\/wp\/v2\/posts\/50755","targetHints":{"allow":["GET"]}}],"collection":[{"href":"https:\/\/www.europesays.com\/es\/wp-json\/wp\/v2\/posts"}],"about":[{"href":"https:\/\/www.europesays.com\/es\/wp-json\/wp\/v2\/types\/post"}],"author":[{"embeddable":true,"href":"https:\/\/www.europesays.com\/es\/wp-json\/wp\/v2\/users\/2"}],"replies":[{"embeddable":true,"href":"https:\/\/www.europesays.com\/es\/wp-json\/wp\/v2\/comments?post=50755"}],"version-history":[{"count":0,"href":"https:\/\/www.europesays.com\/es\/wp-json\/wp\/v2\/posts\/50755\/revisions"}],"wp:featuredmedia":[{"embeddable":true,"href":"https:\/\/www.europesays.com\/es\/wp-json\/wp\/v2\/media\/50756"}],"wp:attachment":[{"href":"https:\/\/www.europesays.com\/es\/wp-json\/wp\/v2\/media?parent=50755"}],"wp:term":[{"taxonomy":"category","embeddable":true,"href":"https:\/\/www.europesays.com\/es\/wp-json\/wp\/v2\/categories?post=50755"},{"taxonomy":"post_tag","embeddable":true,"href":"https:\/\/www.europesays.com\/es\/wp-json\/wp\/v2\/tags?post=50755"}],"curies":[{"name":"wp","href":"https:\/\/api.w.org\/{rel}","templated":true}]}}