{"id":507616,"date":"2026-04-20T07:45:21","date_gmt":"2026-04-20T07:45:21","guid":{"rendered":"https:\/\/www.europesays.com\/es\/507616\/"},"modified":"2026-04-20T07:45:21","modified_gmt":"2026-04-20T07:45:21","slug":"aitana-sanchez-gijon-y-maxi-iglesias-la-pareja-de-moda","status":"publish","type":"post","link":"https:\/\/www.europesays.com\/es\/507616\/","title":{"rendered":"Aitana S\u00e1nchez Gij\u00f3n y Maxi Iglesias, la pareja de moda"},"content":{"rendered":"<p>\n        <a href=\"https:\/\/www.noticiasdealava.eus\/tags\/aitana-sanchez-gijon\/\" title=\"La escena es de manual:\" class=\"link copy\" rel=\"nofollow noopener\" target=\"_blank\">La escena es de manual:<\/a> salida de teatro, Madrid, noche templada y <strong>un beso que confirma lo que muchos intu\u00edan<\/strong>. La revista &#8216;Lecturas&#8217; puso im\u00e1genes a <strong>la sorpresa del a\u00f1o: Aitana, 57; Maxi, 35.<\/strong> Doce a\u00f1os despu\u00e9s de coincidir en &#8216;Velvet&#8217;, lo que empez\u00f3 como complicidad profesional -con piropos cruzados y qu\u00edmica evidente ya entonces- ha terminado en romance. O, mejor dicho, en algo igual de interesante: <strong>una historia sin etiquetas que llevaba a\u00f1os cocin\u00e1ndose a fuego lento.<\/strong> Porque lo que nadie esperaba -o s\u00ed, pero en voz baja- es que aquel juego de miradas y elogios profesionales terminara en beso de portada y paseo nocturno con final de pel\u00edcula.\n<\/p>\n<p class=\"article-body__text \">\n        <strong>Porque m\u00e1s all\u00e1 del chascarrillo f\u00e1cil<\/strong>, lo verdaderamente revelador no es el beso, sino la reacci\u00f3n. En cuesti\u00f3n de horas, el debate se llen\u00f3 de comentarios condescendientes, <strong>bromas de barra de bar<\/strong> y ese viejo reflejo social que nunca termina de jubilarse: <strong>el edadismo.<\/strong> Esa man\u00eda de medir el amor con el calendario\u2026, una y otra vez,\u00a0y <strong>hacerlo siempre en contra de ellas.<\/strong>\n<\/p>\n<p class=\"article-body__text \">\n        <strong>Porque si los papeles estuvieran invertidos<\/strong> -\u00e9l con 57 y ella con 35- posiblemente hablar\u00edamos de madurez, de atractivo, incluso de \u201cinteresante diferencia\u201d. Pero cuando es una mujer quien lidera la cifra, el relato cambia: sorpresa, sospecha, juicio&#8230; <strong>Machismo rancio con fecha de caducidad mal entendida.<\/strong>\n<\/p>\n<p class=\"article-photo__footer\">\n            Aitana S\u00e1nchez-Gij\u00f3n durante la presentaci\u00f3n de &#8216;Amarga Navidad&#8217;            EP        <\/p>\n<p>  Otras parejas de famosos con diferencia de edad<\/p>\n<p class=\"article-body__text \">\n        Y, sin embargo, la historia no tiene nada de excepcional. Ah\u00ed est\u00e1n ejemplos de sobra: <strong>Emmanuel Macron y Brigitte, <\/strong><a href=\"https:\/\/www.noticiasdealava.eus\/gente\/2025\/12\/15\/george-clooney-llega-pacto-mujer-besos-10473043.html\" title=\"George Clooney y Amal\" class=\"link copy\" rel=\"nofollow noopener\" target=\"_blank\"><strong>George Clooney y Amal<\/strong><\/a><strong>, o Michael Douglas y Catherine Zeta-Jones. <\/strong>Relaciones donde la edad es solo un dato\u2026 \u00a1No un problema!\n<\/p>\n<p class=\"article-body__text \">\n        Porque en el fondo lo que incomoda no es la diferencia de edad, sino qui\u00e9n la encarna. <strong>A ellos se les celebra la experiencia; a ellas se les examina el calendario. <\/strong>Y ah\u00ed, entre el aplauso y la sospecha, sigue col\u00e1ndose <strong>un machismo de sal\u00f3n<\/strong> que ya deber\u00eda estar jubilado.\n<\/p>\n<p>  Gestos y elogios mutuos<\/p>\n<p class=\"article-body__text \">\n        <strong>En el caso de Aitana y Maxi,<\/strong> adem\u00e1s, hay algo especialmente bonito: <strong>admiraci\u00f3n previa, qu\u00edmica sostenida en el tiempo<\/strong> y ese punto de ilusi\u00f3n que no entiende de d\u00e9cadas. \u00c9l, que ya confes\u00f3 que trabajar con ella \u201cera un sue\u00f1o\u201d. Ella, que nunca escatim\u00f3 elogios hacia su compa\u00f1ero. El resto, simplemente, ha seguido su curso.\n<\/p>\n<p class=\"article-body__text \">\n        Dicen quienes han seguido de cerca esta historia que Maxi aparece con frecuencia por el domicilio madrile\u00f1o de la actriz, casi siempre con un detalle bajo el brazo: flores, vino, tiempo. <strong>Gestos sencillos que, en el fondo, dicen mucho m\u00e1s que cualquier titular.<\/strong> Y tambi\u00e9n algo muy poco habitual en estos tiempos: <strong>discreci\u00f3n.\u00a0<\/strong>\n<\/p>\n<p>            <a href=\"https:\/\/www.noticiasdealava.eus\/gente\/2025\/07\/20\/maxi-iglesias-costa-zumaia-zarautz-donostia-9901192.html\" title=\"\u201cEs apabullante la belleza de la costa de Zumaia, Zarautz, Donostia...\u201d\" class=\"new__media\" rel=\"nofollow noopener\" target=\"_blank\"><\/p>\n<p>                <img alt=\"\u201cEs apabullante la belleza de la costa de Zumaia, Zarautz, Donostia...\u201d\" data-src=\"https:\/\/www.europesays.com\/es\/wp-content\/uploads\/2026\/04\/cc6dbff6-625a-47ff-8e1b-aa54e27334f3_16-9-aspect-ratio_default_0_x2003y951.jpg\" class=\"lozad\"\/><\/p>\n<p>        <\/a><\/p>\n<p>        <a href=\"https:\/\/www.noticiasdealava.eus\/gente\/2025\/07\/20\/maxi-iglesias-costa-zumaia-zarautz-donostia-9901192.html\" title=\"\u201cEs apabullante la belleza de la costa de Zumaia, Zarautz, Donostia...\u201d\" class=\"new__headline\" rel=\"nofollow noopener\" target=\"_blank\"><br \/>\n            \u201cEs apabullante la belleza de la costa de Zumaia, Zarautz, Donostia&#8230;\u201d<br \/>\n        <\/a><\/p>\n<p class=\"article-body__text \">\n        <strong>Ni stories, ni selfies, ni confirmaciones impostadas. <\/strong>Solo encuentros, miradas y un morreo que ha hablado m\u00e1s que cien exclusivas. Porque lo que hay aqu\u00ed no parece una estrategia ni un capricho, sino algo m\u00e1s org\u00e1nico: dos personas que se gustan y que no tienen demasiadas ganas de esconderlo.\n<\/p>\n<p>  Aitana S\u00e1nchez-Gij\u00f3n, todo un referente actoral<\/p>\n<p class=\"article-body__text \">\n        Y quiz\u00e1 por eso el impacto que ha generado ha sido mayor. Porque <strong>rompe una narrativa falsa<\/strong>, pero muy arraigada en nuestra cultura pop: la de la artista madura relegada a papeles secundarios. Aitana, en cambio, sigue <a href=\"https:\/\/www.noticiasdealava.eus\/television\/2026\/04\/09\/almodovar-sorogoyen-javis-competiran-palma-10918611.html\" title=\"trabajando con Almod\u00f3var\" class=\"link copy\" rel=\"nofollow noopener\" target=\"_blank\"><strong>trabajando con Almod\u00f3var<\/strong><\/a> (la reci\u00e9n estrenada &#8216;Amarga Navidad&#8217;), <strong>llenando teatros<\/strong> con &#8216;La malquerida&#8217;; y ahora, adem\u00e1s, protagonizando su propia <strong>primavera sentimental.<\/strong>\n<\/p>\n<p class=\"article-body__text \">\n        <strong>No es solo un romance<\/strong>; es tambi\u00e9n una enmienda silenciosa a esa mirada que todav\u00eda penaliza el deseo femenino cuando cumple a\u00f1os. Y eso, en una <strong>industria obsesionada con la juventud<\/strong>, tiene algo de <strong>acto revolucionario.<\/strong>\n<\/p>\n<p class=\"article-body__text \">\n        <strong>Quiz\u00e1 por eso este beso<\/strong> -que podr\u00eda haber sido uno m\u00e1s- ha terminado convirti\u00e9ndose en s\u00edmbolo. Porque <strong>desmonta prejuicios sin necesidad de discurso.<\/strong> Porque recuerda que el deseo, la complicidad y las ganas no tienen edad\u2026, pero s\u00ed mucho ruido alrededor. Demasiado, a veces. Y en ese ruido, conviene quedarse con lo importante: <strong>dos adultos, dos actores, dos vidas que se cruzan en el momento adecuado.<\/strong> Lo dem\u00e1s -los n\u00fameros, los comentarios, las etiquetas- es puro decorado. Como casi todo en el amor.<\/p>\n","protected":false},"excerpt":{"rendered":"La escena es de manual: salida de teatro, Madrid, noche templada y un beso que confirma lo que&hellip;\n","protected":false},"author":2,"featured_media":507617,"comment_status":"","ping_status":"","sticky":false,"template":"","format":"standard","meta":{"footnotes":""},"categories":[174],"tags":[7668,255,146,147,25,24,101275,256,448,2951,18433,23],"class_list":["post-507616","post","type-post","status-publish","format-standard","has-post-thumbnail","category-famosos","tag-amarga","tag-celebrities","tag-entertainment","tag-entretenimiento","tag-es","tag-espana","tag-exquisita","tag-famosos","tag-historia","tag-navidad","tag-primavera","tag-spain"],"share_on_mastodon":{"url":"https:\/\/pubeurope.com\/@es\/116435925617454017","error":""},"_links":{"self":[{"href":"https:\/\/www.europesays.com\/es\/wp-json\/wp\/v2\/posts\/507616","targetHints":{"allow":["GET"]}}],"collection":[{"href":"https:\/\/www.europesays.com\/es\/wp-json\/wp\/v2\/posts"}],"about":[{"href":"https:\/\/www.europesays.com\/es\/wp-json\/wp\/v2\/types\/post"}],"author":[{"embeddable":true,"href":"https:\/\/www.europesays.com\/es\/wp-json\/wp\/v2\/users\/2"}],"replies":[{"embeddable":true,"href":"https:\/\/www.europesays.com\/es\/wp-json\/wp\/v2\/comments?post=507616"}],"version-history":[{"count":0,"href":"https:\/\/www.europesays.com\/es\/wp-json\/wp\/v2\/posts\/507616\/revisions"}],"wp:featuredmedia":[{"embeddable":true,"href":"https:\/\/www.europesays.com\/es\/wp-json\/wp\/v2\/media\/507617"}],"wp:attachment":[{"href":"https:\/\/www.europesays.com\/es\/wp-json\/wp\/v2\/media?parent=507616"}],"wp:term":[{"taxonomy":"category","embeddable":true,"href":"https:\/\/www.europesays.com\/es\/wp-json\/wp\/v2\/categories?post=507616"},{"taxonomy":"post_tag","embeddable":true,"href":"https:\/\/www.europesays.com\/es\/wp-json\/wp\/v2\/tags?post=507616"}],"curies":[{"name":"wp","href":"https:\/\/api.w.org\/{rel}","templated":true}]}}