{"id":507682,"date":"2026-04-20T08:31:10","date_gmt":"2026-04-20T08:31:10","guid":{"rendered":"https:\/\/www.europesays.com\/es\/507682\/"},"modified":"2026-04-20T08:31:10","modified_gmt":"2026-04-20T08:31:10","slug":"por-favor-que-no-fumen-con-toda-la-informacion-que-hay","status":"publish","type":"post","link":"https:\/\/www.europesays.com\/es\/507682\/","title":{"rendered":"Por favor, que no fumen; con toda la informaci\u00f3n que hay&#8230;"},"content":{"rendered":"<p class=\"c-paragraph\"><a href=\"https:\/\/www.20minutos.es\/tags\/personas\/cristina-pedroche.html\" title=\"Cristina Pedroche\" rel=\"nofollow noopener\" target=\"_blank\">Cristina Pedroche<\/a> ha vuelto a mostrar su <b>faceta m\u00e1s solidaria<\/b> este domingo al participar en la <b>XIII Carrera &#8216;Madrid en Marcha contra el C\u00e1ncer&#8217;<\/b>, organizada por la Asociaci\u00f3n Espa\u00f1ola Contra el C\u00e1ncer.<\/p>\n<p class=\"c-paragraph\">Con este gesto, la presentadora ha querido sumarse a otros rostros conocidos como <a href=\"https:\/\/www.20minutos.es\/tags\/personas\/paula-badosa.html\" title=\"Paula Badosa\" rel=\"nofollow noopener\" target=\"_blank\">Paula Badosa<\/a> y ha puesto su granito de arena en la lucha contra la enfermedad.<\/p>\n<p class=\"c-paragraph\">En declaraciones a la agencia <a href=\"https:\/\/www.europapress.es\/chance\/gente\/noticia-cristina-pedroche-desvela-sido-bautizo-hijo-isai-viviendo-maternidad-20260419103911.html\" rel=\"nofollow noreferrer noopener\" target=\"_blank\">Europa Press<\/a>, la colaboradora de <a href=\"https:\/\/www.20minutos.es\/tags\/instituciones-empresas\/zapeando.html\" title=\"Zapeando\" rel=\"nofollow noopener\" target=\"_blank\">Zapeando <\/a>aseguraba que <b>se siente \u00absuperorgullosa\u00bb de poder dar visibilidad a la asociaci\u00f3n<\/b> y \u00abapoyar a los enfermos, a sus familiares, a que se sientan vistos, cuidados, apoyados y queridos\u00bb.<\/p>\n<p class=\"c-paragraph\">Pedroche, que confesaba que para ella este domingo era \u00abun d\u00eda muy especial\u00bb, tambi\u00e9n quiso lanzar un mensaje a los j\u00f3venes sobre el tabaco, uno de los grandes factores de riesgo de esta enfermedad.<\/p>\n<p class=\"c-paragraph\">\u00abQue no fumen, o sea, que no fumen, por favor. <b>Hay gente de mi edad que todav\u00eda fuma y pienso: &#8216;bueno, se engancharon siendo j\u00f3venes y no ten\u00edan la informaci\u00f3n, pero ahora, con toda la informaci\u00f3n que hay&#8230;<\/b> Por favor, que nadie fume\u00bb, era la petici\u00f3n que hac\u00eda la vallecana.<\/p>\n<p class=\"c-paragraph\">Tambi\u00e9n tuvo tiempo para hablar del resiente bautizo de su segundo hijo, aunque solo se\u00f1alaba que \u00abfue muy bonito\u00bb. Eso s\u00ed, aseguraba con humor que hab\u00eda sido capaz de dejar a sus hijos con su madre para poder disfrutar de este d\u00eda solidario:\u00a0\u00abMira,<b> tan bien que hoy puedo estar aqu\u00ed, que me f\u00edo, se los dej\u00e9 a mi madre y no estoy mal<\/b>\u00ab.<\/p>\n","protected":false},"excerpt":{"rendered":"Cristina Pedroche ha vuelto a mostrar su faceta m\u00e1s solidaria este domingo al participar en la XIII Carrera&hellip;\n","protected":false},"author":2,"featured_media":507683,"comment_status":"","ping_status":"","sticky":false,"template":"","format":"standard","meta":{"footnotes":""},"categories":[174],"tags":[255,7538,146,147,25,24,256,433,4417,32459,34,23],"class_list":["post-507682","post","type-post","status-publish","format-standard","has-post-thumbnail","category-famosos","tag-celebrities","tag-cristina","tag-entertainment","tag-entretenimiento","tag-es","tag-espana","tag-famosos","tag-jovenes","tag-los","tag-pedroche","tag-pide","tag-spain"],"share_on_mastodon":{"url":"https:\/\/pubeurope.com\/@es\/116436106326672718","error":""},"_links":{"self":[{"href":"https:\/\/www.europesays.com\/es\/wp-json\/wp\/v2\/posts\/507682","targetHints":{"allow":["GET"]}}],"collection":[{"href":"https:\/\/www.europesays.com\/es\/wp-json\/wp\/v2\/posts"}],"about":[{"href":"https:\/\/www.europesays.com\/es\/wp-json\/wp\/v2\/types\/post"}],"author":[{"embeddable":true,"href":"https:\/\/www.europesays.com\/es\/wp-json\/wp\/v2\/users\/2"}],"replies":[{"embeddable":true,"href":"https:\/\/www.europesays.com\/es\/wp-json\/wp\/v2\/comments?post=507682"}],"version-history":[{"count":0,"href":"https:\/\/www.europesays.com\/es\/wp-json\/wp\/v2\/posts\/507682\/revisions"}],"wp:featuredmedia":[{"embeddable":true,"href":"https:\/\/www.europesays.com\/es\/wp-json\/wp\/v2\/media\/507683"}],"wp:attachment":[{"href":"https:\/\/www.europesays.com\/es\/wp-json\/wp\/v2\/media?parent=507682"}],"wp:term":[{"taxonomy":"category","embeddable":true,"href":"https:\/\/www.europesays.com\/es\/wp-json\/wp\/v2\/categories?post=507682"},{"taxonomy":"post_tag","embeddable":true,"href":"https:\/\/www.europesays.com\/es\/wp-json\/wp\/v2\/tags?post=507682"}],"curies":[{"name":"wp","href":"https:\/\/api.w.org\/{rel}","templated":true}]}}