{"id":50770,"date":"2025-08-16T05:50:09","date_gmt":"2025-08-16T05:50:09","guid":{"rendered":"https:\/\/www.europesays.com\/es\/50770\/"},"modified":"2025-08-16T05:50:09","modified_gmt":"2025-08-16T05:50:09","slug":"incendios-espana-32-horas-en-un-pueblo-confinado-por-el-fuego-nos-vino-a-la-memoria-la-pandemia-espana","status":"publish","type":"post","link":"https:\/\/www.europesays.com\/es\/50770\/","title":{"rendered":"Incendios Espa\u00f1a: 32 horas en un pueblo confinado por el fuego: \u201cNos vino a la memoria la pandemia\u201d | Espa\u00f1a"},"content":{"rendered":"<p class=\"\">Oliva de Plasencia (292 habitantes, C\u00e1ceres) ocupa un punto estrat\u00e9gico a medio camino entre el Valle del Jerte y la ciudad de Placencia. Hay quien escoge esta peque\u00f1a aldea, rodeada del encinar extreme\u00f1o, para turismo rural. Otros pasan el verano en el que es el pueblo de sus padres o abuelos. Entre ellos, Jos\u00e9 Manuel Ortega, de 76 a\u00f1os. Este jubilado reside en Alicante y se traslada durante largas temporadas a Oliva, donde naci\u00f3 su esposa. Pero el matrimonio ha vivido este a\u00f1o una situaci\u00f3n in\u00e9dita, fruto de un cocktail de circunstancias adversas, <a href=\"https:\/\/elpais.com\/espana\/2025-08-15\/la-junta-de-extremadura-solicita-una-lista-de-los-inmuebles-afectados-por-el-fuego-para-combatir-los-bulos-y-pide-no-hacer-caso-a-las-redes.html\" target=\"_self\" rel=\"nofollow noopener\" title=\"https:\/\/elpais.com\/espana\/2025-08-15\/la-junta-de-extremadura-solicita-una-lista-de-los-inmuebles-afectados-por-el-fuego-para-combatir-los-bulos-y-pide-no-hacer-caso-a-las-redes.html\">que en Extremadura ha desembocado en una aciaga semana de virulentos incendios<\/a>. El mi\u00e9rcoles lleg\u00f3 a haber 19, este viernes quedaban ocho activos.<\/p>\n<p class=\"\">Uno de los peores fuegos se registr\u00f3 en la monta\u00f1a de en frente, en Jarilla \u2014a tres kil\u00f3metros\u2014, provocando el desalojo de ese municipio, de Cabellabezosa y de Villar. Tambi\u00e9n el cierre total de Oliva de Plasencia con sus vecinos dentro. El jueves, a las 6.14 de la ma\u00f1ana, Ortega, su esposa y el resto de residentes recibieron un mensaje ES Alert ordenando el confinamiento de todos los vecinos por la amenaza del incendio, <a href=\"https:\/\/elpais.com\/espana\/2025-08-14\/dos-municipios-confinados-y-decenas-de-desalojados-en-extremadura-por-el-incendio-de-jarilla.html\" target=\"_self\" rel=\"nofollow noopener\" title=\"https:\/\/elpais.com\/espana\/2025-08-14\/dos-municipios-confinados-y-decenas-de-desalojados-en-extremadura-por-el-incendio-de-jarilla.html\">que tras cuatro aciagos d\u00edas ha arrasado 4.800 hect\u00e1reas<\/a>. \u201cConoc\u00eda el mensaje por la dana de Valencia\u201d, relata Ortega junto al Ayuntamiento. \u201cSent\u00ed preocupaci\u00f3n, aunque sab\u00eda que estaba lejos\u201d. <\/p>\n<p class=\"\">La Junta de Extremadura tom\u00f3 la decisi\u00f3n de confinar el pueblo ante los riesgos de inhalaci\u00f3n de humo y para evitar desplazamientos peligrosos. La orden, que adem\u00e1s de a trav\u00e9s de los m\u00f3viles lleg\u00f3 por el boca a boca \u2014no funcionaba la megafon\u00eda del Consistorio porque la red estaba ca\u00edda por el fuego\u2014, era la de permanecer dentro del municipio. No se pod\u00eda salir ni entrar. Y en un primer momento, la recomendaci\u00f3n era mantenerse, a poder ser, dentro de las viviendas con las ventanas y puertas cerradas. \u201cNos vino a la memoria la pandemia\u201d, apunta Jorge Urbano, comercial de 47 a\u00f1os. Todos los accesos al municipio, por diversas carreteras comarcales, han estado desde la ma\u00f1ana del jueves acordonados y controlados por agentes de la Guardia Civil. Aunque hay quienes han conseguido escapar, e incluso regresar de nuevo, dando rodeos y por caminos escondidos. <\/p>\n<p class=\"\">Pero la vida dentro de los l\u00edmites de Oliva de Plasencia sigue su curso. El matrimonio de Jose Mart\u00edn, de 78 a\u00f1os, jubilado, y \u00c1gueda Gonz\u00e1lez, de igual edad, se refugian del calor en casa, con un humedecedor de aire y siguen las noticias en el televisor. Residen en Legan\u00e9s desde hace cinco d\u00e9cadas, pero cada verano vuelven al lugar donde nacieron y crecieron. Cuentan que el miedo lleg\u00f3 al principio, ante la incertidumbre del avance del fuego, y porque ve\u00edan las llamas de Jarilla arder desde su pueblo. Luego la vida sigui\u00f3 su curso, con los ni\u00f1os correteando por las calles la noche anterior y siguiendo las costumbres del pueblo. \u201cAnoche nos sentamos aqu\u00ed, en el tranquillo, a charlar con los vecinos\u201d. Hay actividades que s\u00ed han tenido que ser anuladas, como el chapuz\u00f3n en la piscina, que se mantiene cerrada por precauci\u00f3n. Bares no hay abiertos porque el \u00faltimo fue clausurado hace un mes definitivamente. S\u00ed hubo misa por la ma\u00f1ana, despu\u00e9s de que el cura lograra acceder al pueblo.<\/p>\n<p><img alt=\"Vecinos confinados en Oliva de Plasencia toman el aperitivo, este viernes.\" decoding=\"auto\" class=\"_re lazyload a_m-h\" height=\"277\"  width=\"414\"  src=\"https:\/\/www.europesays.com\/es\/wp-content\/uploads\/2025\/08\/KCFWQ5JXLZB5XMWTNL3INYM3Q4.jpg\" loading=\"lazy\"\/>Vecinos confinados en Oliva de Plasencia toman el aperitivo, este viernes.Claudio \u00c1lvarez<\/p>\n<p class=\"\">\u201cLa vida, normal, normal, tampoco es\u201d, ironiza Urbano sobre las extraordinarias horas que est\u00e1n experimentando. Tanto \u00e9l como otra decena de vecinos tomaban el aperitivo alrededor de las 13.00 de este viernes, bajo un toldo y alrededor de una mesa de pl\u00e1stico con varias sillas. Sobre el mantel de cuadros, un t\u00e1per con ensalada de tomate y cebolla. En un ambiente festivo, la mayor\u00eda bebe latas de cerveza y dos de ellos cantan a capela Qu\u00e9 pena me da, de Los Chichos. \u201cA este le hemos dado asilo pol\u00edtico\u201d, bromea Urbano se\u00f1alando a otro de los hombres, Jos\u00e9 Garc\u00eda, que se hospeda en casa de su hermano despu\u00e9s de ser desalojado de Cabellabezosa. \u00c9l es uno de los 19 residentes de <a href=\"https:\/\/elpais.com\/clima-y-medio-ambiente\/2025-08-13\/como-avanzan-los-incendios-del-verano-en-espana-consulte-el-mapa-con-los-fuegos-activos.html\" target=\"_self\" rel=\"nofollow noopener\" title=\"https:\/\/elpais.com\/clima-y-medio-ambiente\/2025-08-13\/como-avanzan-los-incendios-del-verano-en-espana-consulte-el-mapa-con-los-fuegos-activos.html\">este municipio pr\u00f3ximo que se resisti\u00f3 en un primer momento a ser desalojado<\/a> y tuvo que ser evacuado, a la fuerza y de madrugada, por los agentes. \u201cNos llevaron medios esposados\u201d, rememora Garc\u00eda.<\/p>\n<p class=\"\">La Guardia Civil ha tenido que sancionar a quienes en los \u00faltimos d\u00edas se han saltado las restricciones impuestas por el incendio que se registr\u00f3 en Jarilla, con multas de hasta 3.000 euros. Jose \u00c1vila, de 41 a\u00f1os, cruza a pie junto a dos familiares el cord\u00f3n policial de vuelta al pueblo, a cinco kil\u00f3metros de las casas. Ha dejado el coche justo antes de pasar la l\u00ednea prohibida y anduvo unos 200 metros hasta la gasolinera m\u00e1s temprana. All\u00ed compr\u00f3 cuatro barras de pan, que porta su sobrino, porque la \u00fanica tienda del pueblo se qued\u00f3 sin pan esa ma\u00f1ana, festivo en toda Espa\u00f1a. \u201cSi normalmente compras dos, pues ahora compras cuatro. Hay bastante nerviosismo\u201d, indica bajo un sol de justicia y mientras la <a href=\"https:\/\/elpais.com\/espana\/2025-08-15\/ultima-hora-de-los-incendios-en-espana-en-directo.html\" target=\"_self\" rel=\"nofollow noopener\" title=\"https:\/\/elpais.com\/espana\/2025-08-15\/ultima-hora-de-los-incendios-en-espana-en-directo.html\">columna de humo de enfrente, que asedia el municipio de Jarilla, ha vuelto a reactivarse<\/a>. \u201cA ver ahora cu\u00e1ndo nos desconfinan\u201d, se pregunta. <\/p>\n<p><img alt=\"Vecinos confinados, en el cord\u00f3n que rodea Oliva de Plascencia.\" decoding=\"auto\" class=\"_re lazyload a_m-h\" height=\"277\"  width=\"414\"  src=\"https:\/\/www.europesays.com\/es\/wp-content\/uploads\/2025\/08\/B5MSIMGQTZGDRC5I7A7ZHEBLNA.jpg\" loading=\"lazy\"\/>Vecinos confinados, en el cord\u00f3n que rodea Oliva de Plascencia.Claudio \u00c1lvarez<\/p>\n<p class=\"\">La \u00fanica tienda abierta de Oliva de Plasencia es la que regentan Dionisio Garc\u00eda, de 38 a\u00f1os, y su esposa, Consuelo Mart\u00ednez. \u201cHemos intentado que a la gente no le falte de nada\u201d, aseguran. Para ello, Garc\u00eda ha salido y entrado del pueblo por sendas no tuteladas por la Guardia Civil para proveer de v\u00edveres el colmado. \u201cEl cami\u00f3n de la fruta s\u00ed que no pudo llegar porque la autov\u00eda estaba cortada\u201d, a\u00f1aden delante de las cajas medio vac\u00edas. <\/p>\n<p class=\"\">El alcalde de Oliva de Plasencia, \u00c1ngel Gonz\u00e1lez, ha ido trasladando la informaci\u00f3n a los vecinos, haciendo de enlace con el organismo de coordinaci\u00f3n de emergencias (Cecopi). \u201cHay gente que est\u00e1 preocupada\u201d, revela. \u201cEn la casa rural ha afectado bastante, estamos en puente y aqu\u00ed vienen muchos turistas\u201d, contin\u00faa. \u201cLa gente no lo entiende muy bien, no acaba de pillarlo\u201d, sostiene Gonz\u00e1lez poco antes de participar por videollamada en la reuni\u00f3n de la tarde del Cecopi. Tras bajar de intensidad el incendio de Jarilla por los servicios de extinci\u00f3n, pasadas las 14.00, la normalidad-normalidad volvi\u00f3 a Oliva de Plasencia con la orden de desconfinamiento. Los 300 desalojados de los tres pueblos cercanos tambi\u00e9n pudieron regresar a sus hogares, rodeados de campos abrasados y con olor a quemado.<\/p>\n","protected":false},"excerpt":{"rendered":"Oliva de Plasencia (292 habitantes, C\u00e1ceres) ocupa un punto estrat\u00e9gico a medio camino entre el Valle del Jerte&hellip;\n","protected":false},"author":2,"featured_media":50771,"comment_status":"","ping_status":"","sticky":false,"template":"","format":"standard","meta":{"footnotes":""},"categories":[8],"tags":[4343,17,18,12137,18724,9786,25,24,7234,13,14,1160,11,4342,22549,19,20,22548,9,10,15,16,22550,23,257,12,21,22],"class_list":{"0":"post-50770","1":"post","2":"type-post","3":"status-publish","4":"format-standard","5":"has-post-thumbnail","7":"category-espana","8":"tag-bomberos","9":"tag-breaking-news","10":"tag-breakingnews","11":"tag-catastrofes","12":"tag-confinamiento","13":"tag-coronavirus-covid-19","14":"tag-es","15":"tag-espana","16":"tag-extremadura","17":"tag-featured-news","18":"tag-featurednews","19":"tag-guardia-civil","20":"tag-headlines","21":"tag-incendios","22":"tag-junta-central-fallera","23":"tag-latest-news","24":"tag-latestnews","25":"tag-maria-guardiola-martin","26":"tag-news","27":"tag-noticias","28":"tag-noticias-destacadas","29":"tag-noticiasdestacadas","30":"tag-proteccion-civil","31":"tag-spain","32":"tag-sucesos","33":"tag-titulares","34":"tag-ultimas-noticias","35":"tag-ultimasnoticias"},"share_on_mastodon":{"url":"","error":""},"_links":{"self":[{"href":"https:\/\/www.europesays.com\/es\/wp-json\/wp\/v2\/posts\/50770","targetHints":{"allow":["GET"]}}],"collection":[{"href":"https:\/\/www.europesays.com\/es\/wp-json\/wp\/v2\/posts"}],"about":[{"href":"https:\/\/www.europesays.com\/es\/wp-json\/wp\/v2\/types\/post"}],"author":[{"embeddable":true,"href":"https:\/\/www.europesays.com\/es\/wp-json\/wp\/v2\/users\/2"}],"replies":[{"embeddable":true,"href":"https:\/\/www.europesays.com\/es\/wp-json\/wp\/v2\/comments?post=50770"}],"version-history":[{"count":0,"href":"https:\/\/www.europesays.com\/es\/wp-json\/wp\/v2\/posts\/50770\/revisions"}],"wp:featuredmedia":[{"embeddable":true,"href":"https:\/\/www.europesays.com\/es\/wp-json\/wp\/v2\/media\/50771"}],"wp:attachment":[{"href":"https:\/\/www.europesays.com\/es\/wp-json\/wp\/v2\/media?parent=50770"}],"wp:term":[{"taxonomy":"category","embeddable":true,"href":"https:\/\/www.europesays.com\/es\/wp-json\/wp\/v2\/categories?post=50770"},{"taxonomy":"post_tag","embeddable":true,"href":"https:\/\/www.europesays.com\/es\/wp-json\/wp\/v2\/tags?post=50770"}],"curies":[{"name":"wp","href":"https:\/\/api.w.org\/{rel}","templated":true}]}}