{"id":50774,"date":"2025-08-16T05:53:12","date_gmt":"2025-08-16T05:53:12","guid":{"rendered":"https:\/\/www.europesays.com\/es\/50774\/"},"modified":"2025-08-16T05:53:12","modified_gmt":"2025-08-16T05:53:12","slug":"celebrando-la-bolsa-y-la-vida","status":"publish","type":"post","link":"https:\/\/www.europesays.com\/es\/50774\/","title":{"rendered":"Celebrando la bolsa y la vida"},"content":{"rendered":"<p>        Simplemente Victoria<\/p>\n<p>                                                            <img decoding=\"async\" loading=\"lazy\" src=\"https:\/\/www.europesays.com\/es\/wp-content\/uploads\/2025\/08\/0eb43031-3ce7-4e10-9bae-04070c36b54d_16-9-aspect-ratio_1600w_0.jpg\" alt=\"Victoria Federica en Starlite en Marbella.\" title=\"Victoria Federica en Starlite en Marbella.\" height=\"900\" width=\"1600\"\/><\/p>\n<p>    Victoria Federica en Starlite en Marbella.<br \/>\n            | EP<\/p>\n<p class=\"paragraph-atom &#10;        B-500-500-700-N B-600-500-700-N--md  \">El \u00faltimo gran pique entre toreros, Andr\u00e9s Roca Rey y Morante de la Puebla, ha tenido algunos testigos ilustres. Puede parecer algo desagradable, pero estas cosas tambi\u00e9n le dan sal al toreo, y gran felicidad a los cronistas, que se dividen hacia ambos protagonistas con lealtades tan exaltadas que r\u00edase usted de los aficionados al f\u00fatbol. Una de las que asisti\u00f3 en primera l\u00ednea al intercambio de pareceres en la corrida del Puerto de Santa Mar\u00eda fue Victoria Federica. Al d\u00eda siguiente, Morante de la Puebla recibi\u00f3 una cornada en Pontevedra, y Roca Rey disolvi\u00f3 el enfrentamiento \u2013al menos por ahora- envi\u00e1ndole un mensaje de \u00e1nimo a trav\u00e9s de Instagram, un gesto que aplaudi\u00f3 p\u00fablicamente su gran amiga Victoria Federica, quien d\u00edas despu\u00e9s pase\u00f3 palmito por la gala Starlite de Marbella enamorando a diestro \u2013sin segundas- y siniestro.<\/p>\n<p>        Pareja en forma<\/p>\n<p>                                                            <img decoding=\"async\" loading=\"lazy\" src=\"https:\/\/www.europesays.com\/es\/wp-content\/uploads\/2025\/08\/b4137df9-f6f5-4faa-8f3e-e8d398c1658d_16-9-aspect-ratio_1600w_0.jpg\" alt=\"Melyssa Pinto y Mario Casas.\" title=\"Melyssa Pinto y Mario Casas.\" height=\"900\" width=\"1600\"\/><\/p>\n<p>    Melyssa Pinto y Mario Casas.<br \/>\n            | EP<\/p>\n<p class=\"paragraph-atom &#10;        B-500-500-700-N B-600-500-700-N--md  \">Hace unos d\u00edas le\u00eda en una de esas revistas que hay en la sala de espera del dentista que ya no se liga en Tinder, ni en los pubs, sino haciendo deporte en buena compa\u00f1\u00eda. Pens\u00e9 que era una broma, pero tras hacer un estudio de campo, he descubierto con horror que hay una corriente emocional en torno al asunto de sudar juntos en el gimnasio o en plena calle, y que de tan lamentable momento de esfuerzo f\u00edsico y agon\u00eda surgen largas amistades, amores duraderos, y hasta matrimonios a prueba de colesterol y sedentarismo. De modo que ya no me sorprende ver esta semana a Mario Casas y a la influencer Melyssa Pinto exhibir su amor en p\u00fablico en el complejo lance de sudar la gota gorda, con la que est\u00e1 cayendo tambi\u00e9n en Madrid, en una bonita jornada de deporte en familia, que a los fot\u00f3grafos de la prensa rosa les ha parecido el colmo del romanticismo, y que a mi se me antoja un ensayo del Purgatorio. <\/p>\n<p>        Sevilla en Gerona<\/p>\n<p>                                                            <img decoding=\"async\" loading=\"lazy\" src=\"https:\/\/www.europesays.com\/es\/wp-content\/uploads\/2025\/08\/c7fc5018-764a-4ff9-8125-ce3330769938_16-9-aspect-ratio_1600w_0.jpg\" alt=\"El grupo sevillano Siempre As\u00ed.\" title=\"El grupo sevillano Siempre As\u00ed.\" height=\"900\" width=\"1600\"\/><\/p>\n<p>    El grupo sevillano Siempre As\u00ed.<br \/>\n            | EP<\/p>\n<p class=\"paragraph-atom &#10;        B-500-500-700-N B-600-500-700-N--md  \">Mis amigos de Siempre As\u00ed contin\u00faan acaparando focos este verano, mientras siguen celebrando por escenarios de Espa\u00f1a sus 30 a\u00f1os de m\u00fasica. Una de las grandes citas festivaleras del verano est\u00e1 teniendo lugar en el Bajo Ampurd\u00e1n, como llamaba Josep Pla a su comarca natal, aunque ahora quieren que escribamos Baix Empord\u00e0, que suena como un agosto sin vacaciones. El Cap Roig Festival, que celebra sus 25 a\u00f1os, ha reunido a grandes artistas y famosos, incluyendo a Simple Minds, Sebasti\u00e1n Yatra, Tom Jones, Rosario, Fito P\u00e1ez, James Blunt, Franz Ferdinand, Amaral, y a los citados Siempre As\u00ed, entre otros, que ofrecieron un recital emotivo y emocionado que los asistentes no olvidar\u00e1n. M\u00fasica, baile, valores y alegr\u00eda, comandados por Rafa Almarcha, que est\u00e1 que se sale desde que se convirti\u00f3 esta primavera en pregonero de la Vel\u00e1 de Santa Ana en su querida Triana. <\/p>\n<p>        48 veranos<\/p>\n<p>                                                            <img decoding=\"async\" loading=\"lazy\" src=\"https:\/\/www.europesays.com\/es\/wp-content\/uploads\/2025\/08\/5848c54a-a2f3-4a3e-bd26-9c4de01b6d34_16-9-aspect-ratio_1600w_0.jpg\" alt=\"Paula Echevarr\u00eda durante su fiesta de cumplea\u00f1os junto a su familia y amigos en Starlite Occident.\" title=\"Paula Echevarr\u00eda durante su fiesta de cumplea\u00f1os junto a su familia y amigos en Starlite Occident.\" height=\"900\" width=\"1600\"\/><\/p>\n<p>    Paula Echevarr\u00eda durante su fiesta de cumplea\u00f1os junto a su familia y amigos en Starlite Occident.<br \/>\n            | EP<\/p>\n<p class=\"paragraph-atom &#10;        B-500-500-700-N B-600-500-700-N--md  \">Es tal el fiest\u00f3n que ha montado Paula Echevarr\u00eda para celebrar sus 48 casta\u00f1as que entre los asistentes no estaba muy claro si al terminar aquello iba a soplar las velas o lanzar el ramo de espaldas. El hecho de celebrarlo en Marbella en pleno agosto y durante el festival Starlite ayud\u00f3 a que la cita estuviera repleta de amigos, conocidos, y algunos c\u00e9lebres croqueteros que lograron colarse y repartir muchos besos a todo el mundo sin conocer a nadie. Antes de la juerga, los invitados se aceraron al concierto de Amaral para calentar el ambiente, as\u00ed que cuando lleg\u00f3 el momento de la tarta la gente ya estaba tan arriba que el \u00fanico pensamiento de Paula deb\u00eda ser qui\u00e9n demonios iba a pagar la cuenta de las copas. Aunque tanto ella como su pareja Miguel Torres ya deb\u00edan saber que la fiesta no saldr\u00eda barata. De hecho, a todos les pareci\u00f3 fascinante el vestido de Zeynep Tosun de la cumplea\u00f1era, hasta que descubrieron que esa explosi\u00f3n de fucsias cost\u00f3 a la muchacha m\u00e1s de 1.000 lereles, que no es mucho para una boda, si aquello hubiera sido una boda.<\/p>\n","protected":false},"excerpt":{"rendered":"Simplemente Victoria Victoria Federica en Starlite en Marbella. | EP El \u00faltimo gran pique entre toreros, Andr\u00e9s Roca&hellip;\n","protected":false},"author":2,"featured_media":50775,"comment_status":"","ping_status":"","sticky":false,"template":"","format":"standard","meta":{"footnotes":""},"categories":[277],"tags":[2300,373,22551,168,25,24,23,167,374,2606],"class_list":{"0":"post-50774","1":"post","2":"type-post","3":"status-publish","4":"format-standard","5":"has-post-thumbnail","7":"category-toreo","8":"tag-bolsa","9":"tag-bullfighting","10":"tag-celebrando","11":"tag-deportes","12":"tag-es","13":"tag-espana","14":"tag-spain","15":"tag-sports","16":"tag-toreo","17":"tag-vida"},"share_on_mastodon":{"url":"","error":""},"_links":{"self":[{"href":"https:\/\/www.europesays.com\/es\/wp-json\/wp\/v2\/posts\/50774","targetHints":{"allow":["GET"]}}],"collection":[{"href":"https:\/\/www.europesays.com\/es\/wp-json\/wp\/v2\/posts"}],"about":[{"href":"https:\/\/www.europesays.com\/es\/wp-json\/wp\/v2\/types\/post"}],"author":[{"embeddable":true,"href":"https:\/\/www.europesays.com\/es\/wp-json\/wp\/v2\/users\/2"}],"replies":[{"embeddable":true,"href":"https:\/\/www.europesays.com\/es\/wp-json\/wp\/v2\/comments?post=50774"}],"version-history":[{"count":0,"href":"https:\/\/www.europesays.com\/es\/wp-json\/wp\/v2\/posts\/50774\/revisions"}],"wp:featuredmedia":[{"embeddable":true,"href":"https:\/\/www.europesays.com\/es\/wp-json\/wp\/v2\/media\/50775"}],"wp:attachment":[{"href":"https:\/\/www.europesays.com\/es\/wp-json\/wp\/v2\/media?parent=50774"}],"wp:term":[{"taxonomy":"category","embeddable":true,"href":"https:\/\/www.europesays.com\/es\/wp-json\/wp\/v2\/categories?post=50774"},{"taxonomy":"post_tag","embeddable":true,"href":"https:\/\/www.europesays.com\/es\/wp-json\/wp\/v2\/tags?post=50774"}],"curies":[{"name":"wp","href":"https:\/\/api.w.org\/{rel}","templated":true}]}}