{"id":50778,"date":"2025-08-16T05:58:18","date_gmt":"2025-08-16T05:58:18","guid":{"rendered":"https:\/\/www.europesays.com\/es\/50778\/"},"modified":"2025-08-16T05:58:18","modified_gmt":"2025-08-16T05:58:18","slug":"la-f1-y-el-balance-de-colapinto-en-la-temporada-entre-la-inestabilidad-de-alpine-y-un-dato-que-ilusiona","status":"publish","type":"post","link":"https:\/\/www.europesays.com\/es\/50778\/","title":{"rendered":"La F1 y el balance de Colapinto en la temporada, entre la inestabilidad de Alpine y un dato que ilusiona"},"content":{"rendered":"<p>&#13;<br \/>\n                    &#13;<br \/>\n                        &#13;<br \/>\n&#13;<\/p>\n<p>El sitio oficial de la categor\u00eda realiz\u00f3 un repaso por las actuaciones de los novatos y, al llegar al argentino, remarcaron que fueron m\u00e1s los problemas institucionales los que lo complicaron que su nivel. Al mismo tiempo, se\u00f1alaron que se le vienen circuitos conocidos, algo que podr\u00eda ayudarlo a dar vuelta un a\u00f1o \u00abcomplicado\u00bb.<\/p>\n<p>&#13;<br \/>\n<img decoding=\"async\" class=\"mainImg r16x9\" width=\"416\" height=\"234\" fetchpriority=\"high\" src=\"https:\/\/www.europesays.com\/es\/wp-content\/uploads\/2025\/08\/1755323893_541_franco-colapinto_416x234.webp.webp\"  alt=\"Franco Colapinto\" title=\"Franco Colapinto\"\/> Franco Colapinto y el desaf\u00edo de dar vuelta la temporada tras el receso de verano de la F1 (Foto: F1)<\/p>\n<p>Mientras la temporada de la F\u00f3rmula 1 transita su receso de verano, d<b>esde el sitio oficial de la categor\u00eda realizaron un balance de las actuaciones de los novatos, entre los cuales se destaca el argentino Franco Colapinto<\/b>. Al respecto, en paralelo a resaltar el reto que tuvo el pilarense al reemplazar a Jack Doohan en medio de la temporada, <b>el sitio remarc\u00f3 que los <a onclick=\"ga4SelectContentEvent(&quot;La F1 y el balance de Colapinto en la temporada, entre la inestabilidad de Alpine y un dato que ilusiona&quot;, &quot;Automovilismo&quot;, &quot;Nota&quot;);\" href=\"https:\/\/www.tycsports.com\/automovilismo\/alpine-peor-equipo-formula-1-segun-prestigioso-ranking-no-es-suficientemente-buena-id679876.html\" target=\"_blank\" rel=\"nofollow noopener\">problemas internos de Alpine<\/a> complicaron su adaptaci\u00f3n.<\/b><\/p>\n<p>&#13;<\/p>\n<p>En concreto, <b>la F1 destac\u00f3 la \u00abinestabilidad\u00bb de Doohan como el catalizador para que Colapinto deje de ser reserva y pase a ser titular en Alpine<\/b>. All\u00ed, tambi\u00e9n reconocieron que el argentino <b>tuvo que afrontar el reto sin pruebas de pretemporada y con un ingeniero de carrera completamente nuev<\/b>o, algo que qued\u00f3 en evidencia al observar la irregularidad del pilarense en lo que va de la temporada. De hecho, <b>compararon su situaci\u00f3n con las que vivieron tanto su actual compa\u00f1ero Pierre Gasly como Liam Lawson cuando les toc\u00f3 correr para Red Bull y no lograron asentarse.<\/b><\/p>\n<p><img decoding=\"async\" class=\"mainImg r16x9\" width=\"416\" height=\"234\" fetchpriority=\"low\" loading=\"lazy\" src=\"https:\/\/www.europesays.com\/es\/wp-content\/uploads\/2025\/08\/1755100812_273_franco-colapinto_416x234.webp.webp\"  alt=\"Franco Colapinto\" title=\"Franco Colapinto\"\/> Colapinto alcanz\u00f3 las 853 vueltas en la F\u00f3rmula 1 y se convirti\u00f3 en el quinto piloto argentino con m\u00e1s giros en la categor\u00eda. (Clive Rose\/Getty Images)<\/p>\n<p>De todas maneras, el sitio oficial reconoci\u00f3 una ventaja para Colapinto y es que, despu\u00e9s del Gran Premio de Pa\u00edses Bajos, <b>regresar\u00e1 a pistas que ya conoce y en las que se destac\u00f3 cuando le toc\u00f3 sumarse a Williams, en 2024<\/b>. \u00abSi puede usar esa experiencia para mejorar en las clasificaciones, podr\u00eda dar vuelta una temporada complicada y finalizar entre los puntos\u00bb, se\u00f1alaron.<\/p>\n<p><img decoding=\"async\" class=\"mainImg r16x9\" width=\"416\" height=\"234\" fetchpriority=\"low\" loading=\"lazy\" src=\"https:\/\/www.europesays.com\/es\/wp-content\/uploads\/2025\/08\/1755323895_716_franco-colapinto_416x234.webp\"  alt=\"Franco Colapinto\" title=\"Franco Colapinto\"\/> Jayce Illman\/Getty Images<\/p>\n<p>        Al mismo tiempo, <b>se\u00f1alaron a Alpine como el gran responsable de las dificultades que atravesaron tanto Doohan como Colapinto<\/b>. \u00abLos extra\u00f1os manejos sobre el asiento <b>dejaron a dos capaces pilotos compitiendo con una mano atada a sus espaldas<\/b>\u00ab, ironizaron, dejando en claro que lo institucional en la escuder\u00eda francesa sigue siendo el principal problema.<\/p>\n<p>Por lo pronto, el pr\u00f3ximo desaf\u00edo para el argentino ser\u00e1 en el circuito de Zandvoort, para el Gran Premio de los Pa\u00edses Bajos, el 31 de agosto. Despu\u00e9s, vendr\u00e1 Monza, el m\u00edtico circuito de Italia en el que supo hacer su debut con Williams <b>y en donde buscar\u00e1 brillar por primera vez con Alpine<\/b>.<\/p>\n<p>&#13;<br \/>\nEl otro desaf\u00edo para Colapinto: ganarse un lugar en Alpine para 2026<\/p>\n<p>Si bien las urgencias de Alpine hacen que <b>sea extremadamente necesario para el equipo que sus dos pilotos sumen puntos<\/b>, para Franco Colapinto el desaf\u00edo individual para por <b>demostrar que puede ser una garant\u00eda para el equipo de cara al a\u00f1o pr\u00f3ximo<\/b>. Es que, si bien su contrato con la escuder\u00eda francesa es por m\u00faltiples temporadas,<b><a onclick=\"ga4SelectContentEvent(&quot;La F1 y el balance de Colapinto en la temporada, entre la inestabilidad de Alpine y un dato que ilusiona&quot;, &quot;Automovilismo&quot;, &quot;Nota&quot;);\" href=\"https:\/\/www.tycsports.com\/automovilismo\/por-que-la-f1-no-puso-a-colapinto-en-la-lista-de-pilotos-para-2026-id679614.html\" target=\"_blank\" rel=\"nofollow noopener\">el mismo no le garantiza un asiento m\u00e1s all\u00e1 de 2025<\/a><\/b><a onclick=\"ga4SelectContentEvent(&quot;La F1 y el balance de Colapinto en la temporada, entre la inestabilidad de Alpine y un dato que ilusiona&quot;, &quot;Automovilismo&quot;, &quot;Nota&quot;);\" href=\"https:\/\/www.tycsports.com\/automovilismo\/por-que-la-f1-no-puso-a-colapinto-en-la-lista-de-pilotos-para-2026-id679614.html\" target=\"_blank\" rel=\"nofollow noopener\">.<\/a><\/p>\n<p><img decoding=\"async\" class=\"mainImg r16x9\" width=\"416\" height=\"234\" fetchpriority=\"low\" loading=\"lazy\" src=\"https:\/\/www.europesays.com\/es\/wp-content\/uploads\/2025\/08\/f1-2026_416x234.webp.webp\"  alt=\"F1 2026\" title=\"F1 2026\"\/> El mapa de pilotos para 2026 que public\u00f3 la F\u00f3rmula 1, por ahora sin Franco Colapinto. (@F1)<\/p>\n<p>Por lo pronto, la confianza de Flavio Briatore en el argentino <b>sigue presente<\/b>, al mismo tiempo en que el panorama est\u00e1 abierto dado que <b>Alpine no confirm\u00f3 a ninguno de sus dos pilotos para la pr\u00f3xima temporada<\/b>. De igual manera, las sombras de pilotos como Sergio P\u00e9rez o Valtteri Bottas <b>parecen haberse disipado dados sus coqueteos con Cadillac<\/b>, el equipo que se sumar\u00e1 a la parrilla el a\u00f1o pr\u00f3ximo. As\u00ed, el foco de Colapinto hoy pasa por <b>lograr sus primeros puntos con el equipo y presentarse como una opci\u00f3n fiable para Alpine en 2026<\/b>.<\/p>\n<p class=\"subs-tag\">&#13;<br \/>\n            &#13;<br \/>\n            &#13;<br \/>\n            &#13;<br \/>\n            &#13;<br \/>\n            &#13;<br \/>\n         No te pierdas nada<\/p>\n<p>        &#13;<br \/>\n            Recib\u00ed las \u00faltimas noticias de F1 \u00a1y m\u00e1s!    &#13;<br \/>\n    &#13;<\/p>\n<p>&#13;<br \/>\n    &#13;<br \/>\n       &#13;<br \/>\n&#13;<br \/>\n        Te puede interesar<a href=\"https:\/\/www.tycsports.com\/automovilismo\/alpine-peor-equipo-formula-1-segun-prestigioso-ranking-no-es-suficientemente-buena-id679876.html\" onclick=\"ga4SelectContentEvent(&quot;Alpine, el peor equipo de la F\\u00f3rmula 1, seg\\u00fan un prestigioso ranking: \\u201cNo es lo suficientemente buena\\u201d&quot;,&quot;Automovilismo&quot;,&quot;page_nota-comun-2024-blo_4109&quot;,&quot;Federico Zbogar&quot;);\" class=\"cardImageHolder\" rel=\"nofollow noopener\" target=\"_blank\"><img decoding=\"async\" class=\"cardImage r16x9\" width=\"416\" height=\"234\" fetchpriority=\"low\" loading=\"lazy\" src=\"https:\/\/www.europesays.com\/es\/wp-content\/uploads\/2025\/08\/alpine_416x234.webp\"  alt=\"Alpine, el peor equipo de la F\u00f3rmula 1, seg\u00fan un prestigioso ranking: \u201cNo es lo suficientemente buena\u201d\" title=\"Alpine, el peor equipo de la F\u00f3rmula 1, seg\u00fan un prestigioso ranking: \u201cNo es lo suficientemente buena\u201d\"\/><\/a><a href=\"https:\/\/www.tycsports.com\/automovilismo\/formula-1-planea-cambios-revolucionarios-fomentar-paridad-entre-escuderias-id679804.html\" onclick=\"ga4SelectContentEvent(&quot;La F\\u00f3rmula 1 planea cambios revolucionarios para fomentar la paridad entre las escuder\\u00edas&quot;,&quot;Automovilismo&quot;,&quot;page_nota-comun-2024-blo_4109&quot;,&quot;Tiziano Pascale&quot;);\" class=\"cardImageHolder\" rel=\"nofollow noopener\" target=\"_blank\"><img decoding=\"async\" class=\"cardImage r16x9\" width=\"416\" height=\"234\" fetchpriority=\"low\" loading=\"lazy\" src=\"https:\/\/www.europesays.com\/es\/wp-content\/uploads\/2025\/08\/1755211751_816_f1_416x234.webp\"  alt=\"La F\u00f3rmula 1 planea cambios revolucionarios para fomentar la paridad entre las escuder\u00edas\" title=\"La F\u00f3rmula 1 planea cambios revolucionarios para fomentar la paridad entre las escuder\u00edas\"\/><\/a><a href=\"https:\/\/www.tycsports.com\/automovilismo\/por-que-la-f1-no-puso-a-colapinto-en-la-lista-de-pilotos-para-2026-id679614.html\" onclick=\"ga4SelectContentEvent(&quot;Por qu\\u00e9 la F1 no puso a Colapinto en la lista de pilotos para 2026&quot;,&quot;Automovilismo&quot;,&quot;page_nota-comun-2024-blo_4109&quot;,&quot;Juan Manuel Collazo&quot;);\" class=\"cardImageHolder\" rel=\"nofollow noopener\" target=\"_blank\"><img decoding=\"async\" class=\"cardImage r16x9\" width=\"416\" height=\"234\" fetchpriority=\"low\" loading=\"lazy\" src=\"https:\/\/www.europesays.com\/es\/wp-content\/uploads\/2025\/08\/1754679789_647_colapinto_416x234.webp\"  alt=\"Por qu\u00e9 la F1 no puso a Colapinto en la lista de pilotos para 2026\" title=\"Por qu\u00e9 la F1 no puso a Colapinto en la lista de pilotos para 2026\"\/><\/a><a href=\"https:\/\/www.tycsports.com\/automovilismo\/daniel-ricciardo-y-su-crisis-de-identidad-tras-dejar-la-formula-1-estoy-tratando-de-descubrir-quien-soy-id679580.html\" onclick=\"ga4SelectContentEvent(&quot;Dej\\u00f3 la F\\u00f3rmula 1 tras 14 temporadas y afronta una vida ex\\u00f3tica: \\&quot;Estoy tratando de descubrir qui\\u00e9n soy\\u201d&quot;,&quot;Automovilismo&quot;,&quot;page_nota-comun-2024-blo_4109&quot;,&quot;Gabriel Cottone&quot;);\" class=\"cardImageHolder\" rel=\"nofollow noopener\" target=\"_blank\"><img decoding=\"async\" class=\"cardImage r16x9\" width=\"416\" height=\"234\" fetchpriority=\"low\" loading=\"lazy\" src=\"https:\/\/www.europesays.com\/es\/wp-content\/uploads\/2025\/08\/daniel-ricciardo_416x234.webp\"  alt=\"Dej\u00f3 la F\u00f3rmula 1 tras 14 temporadas y afronta una vida ex\u00f3tica: &quot;Estoy tratando de descubrir qui\u00e9n soy\u201d\" title=\"Dej\u00f3 la F\u00f3rmula 1 tras 14 temporadas y afronta una vida ex\u00f3tica: &quot;Estoy tratando de descubrir qui\u00e9n soy\u201d\"\/><\/a><a href=\"https:\/\/www.tycsports.com\/automovilismo\/una-vuelta-con-colapinto-al-proyecto-para-la-f1-en-buenos-aires-id679561.html\" onclick=\"ga4SelectContentEvent(&quot;Una vuelta con Colapinto al proyecto para la F1 en Buenos Aires&quot;,&quot;Automovilismo&quot;,&quot;page_nota-comun-2024-blo_4109&quot;,&quot;Juan Manuel Collazo&quot;);\" class=\"cardImageHolder\" rel=\"nofollow noopener\" target=\"_blank\">&#13;<br \/>\n                    &#13;<br \/>\n                    &#13;<br \/>\n                <img decoding=\"async\" class=\"cardImage r16x9\" width=\"416\" height=\"234\" fetchpriority=\"low\" loading=\"lazy\" src=\"https:\/\/www.europesays.com\/es\/wp-content\/uploads\/2025\/08\/asi-seria-una-vuelta-con-colapinto-al-futuro-autodromo-de-buenos-airet_416x234.webp.webp\"  alt=\"Una vuelta con Colapinto al proyecto para la F1 en Buenos Aires\" title=\"Una vuelta con Colapinto al proyecto para la F1 en Buenos Aires\"\/><\/a><a href=\"https:\/\/www.tycsports.com\/automovilismo\/franco-colapinto-prestigiosa-lista-pilotos-argentinos-reconocido-formula-1-id679364.html\" onclick=\"ga4SelectContentEvent(&quot;La F1 resalt\\u00f3 a Colapinto en una prestigiosa lista de pilotos argentinos&quot;,&quot;Automovilismo&quot;,&quot;page_nota-comun-2024-blo_4109&quot;,&quot;Tiziano Pascale&quot;);\" class=\"cardImageHolder\" rel=\"nofollow noopener\" target=\"_blank\"><img decoding=\"async\" class=\"cardImage r16x9\" width=\"416\" height=\"234\" fetchpriority=\"low\" loading=\"lazy\" src=\"https:\/\/www.europesays.com\/es\/wp-content\/uploads\/2025\/08\/1755100812_273_franco-colapinto_416x234.webp.webp\"  alt=\"La F1 resalt\u00f3 a Colapinto en una prestigiosa lista de pilotos argentinos\" title=\"La F1 resalt\u00f3 a Colapinto en una prestigiosa lista de pilotos argentinos\"\/><\/a>&#13;<br \/>\n&#13;<br \/>\n    &#13;<br \/>\n&#13;<br \/>\n&#13;<br \/>\n                  &#13;<\/p>\n","protected":false},"excerpt":{"rendered":"&#13; &#13; &#13; &#13; El sitio oficial de la categor\u00eda realiz\u00f3 un repaso por las actuaciones de los&hellip;\n","protected":false},"author":2,"featured_media":50779,"comment_status":"","ping_status":"","sticky":false,"template":"","format":"standard","meta":{"footnotes":""},"categories":[270],"tags":[168,25,24,306,271,272,1723,23,167],"class_list":{"0":"post-50778","1":"post","2":"type-post","3":"status-publish","4":"format-standard","5":"has-post-thumbnail","7":"category-formula-1","8":"tag-deportes","9":"tag-es","10":"tag-espana","11":"tag-f1","12":"tag-formula-1","13":"tag-formula1","14":"tag-franco-colapinto","15":"tag-spain","16":"tag-sports"},"share_on_mastodon":{"url":"","error":""},"_links":{"self":[{"href":"https:\/\/www.europesays.com\/es\/wp-json\/wp\/v2\/posts\/50778","targetHints":{"allow":["GET"]}}],"collection":[{"href":"https:\/\/www.europesays.com\/es\/wp-json\/wp\/v2\/posts"}],"about":[{"href":"https:\/\/www.europesays.com\/es\/wp-json\/wp\/v2\/types\/post"}],"author":[{"embeddable":true,"href":"https:\/\/www.europesays.com\/es\/wp-json\/wp\/v2\/users\/2"}],"replies":[{"embeddable":true,"href":"https:\/\/www.europesays.com\/es\/wp-json\/wp\/v2\/comments?post=50778"}],"version-history":[{"count":0,"href":"https:\/\/www.europesays.com\/es\/wp-json\/wp\/v2\/posts\/50778\/revisions"}],"wp:featuredmedia":[{"embeddable":true,"href":"https:\/\/www.europesays.com\/es\/wp-json\/wp\/v2\/media\/50779"}],"wp:attachment":[{"href":"https:\/\/www.europesays.com\/es\/wp-json\/wp\/v2\/media?parent=50778"}],"wp:term":[{"taxonomy":"category","embeddable":true,"href":"https:\/\/www.europesays.com\/es\/wp-json\/wp\/v2\/categories?post=50778"},{"taxonomy":"post_tag","embeddable":true,"href":"https:\/\/www.europesays.com\/es\/wp-json\/wp\/v2\/tags?post=50778"}],"curies":[{"name":"wp","href":"https:\/\/api.w.org\/{rel}","templated":true}]}}