{"id":50782,"date":"2025-08-16T06:00:08","date_gmt":"2025-08-16T06:00:08","guid":{"rendered":"https:\/\/www.europesays.com\/es\/50782\/"},"modified":"2025-08-16T06:00:08","modified_gmt":"2025-08-16T06:00:08","slug":"el-villarreal-y-la-primera-reciben-al-real-oviedo-con-un-bofeton-la-voz-de-asturias","status":"publish","type":"post","link":"https:\/\/www.europesays.com\/es\/50782\/","title":{"rendered":"El Villarreal y la Primera reciben al Real Oviedo con un bofet\u00f3n &#8211; La Voz de Asturias"},"content":{"rendered":"<ol>\n<li><a href=\"https:\/\/news.google.com\/rss\/articles\/CBMipgFBVV95cUxNRUtRN05Cdy1oeW12QUR0bEw1cVpUR2JLS3pCZ29jeWV2TTN6NzladDZsSzJiMHgxNThUYi03OEJRcE5lVVRMaXIzN1pYdm1iV2k4TkNqVDhkam5fcTBrUFp4YVh6VjhKdGU0enJjdFZTaEdqaV84TnMwbS1ORExMd2RocEpxb2QtaERMcnZ4cFBCS0pUMjJFOV92c09HRDE5UVJwSnpR?oc=5\" target=\"_blank\" rel=\"nofollow noopener\">El Villarreal y la Primera reciben al Real Oviedo con un bofet\u00f3n<\/a>&nbsp;&nbsp;La Voz de Asturias<\/li>\n<li><a href=\"https:\/\/news.google.com\/rss\/articles\/CBMilAFBVV95cUxNTXpqU1pGNUJyMkpGXzVnNW1kejZFbE5tcDlVUjhiSHJnOW14VFZVTzdZUFAzTVVTdXRrdHRaaXV6ZEo3SG0yczdFdnNsT2hoeTBraW1ZVFlBMGRKWFlyZ25HX0V1b2dLbTE0RVVVZ1Zjel9uN3dWS01OcnQ2TzVCbmpSbTV6QldLcF9yQktuUWdZel9p0gGoAUFVX3lxTE9mXzhkaF9heDJGMXhKNGJVaWNmcW1NVUs4WmNIWXhQc3l0UDg2R0xhc3I1dTZIeFBKVW44bHMtX3dvWHNOU2JKTUxKenZJam12YlAxRmd3eEk3bE56ZWdvenhPWGdLMmw2dkpkejh0M0hxbFoyMmdGQm9NVV9CMzBCVE9ITXRNWnQyV1hud2hNRkF6dnV4RXZIV2h6a1N2c1dLaU9BaXpBTg?oc=5\" target=\"_blank\" rel=\"nofollow noopener\">Villarreal 2 &#8211; 0 Oviedo: resumen, goles y resultado de LaLiga EA Sports<\/a>&nbsp;&nbsp;Diario AS<\/li>\n<li><a href=\"https:\/\/news.google.com\/rss\/articles\/CBMixwFBVV95cUxPZEp3WmI5MmhFck1CSVNwVG9QNmVzNFdobU1IT3JNOUR1ZW10ZFNlT1g3X2NsOVkxbC1jX1dGcmtNT1RiNlAtMmZBbGlkcUNSUE1uZ25jdzdXTU4wX1NSMWpHQWhmLV9UemlpUktFR0NWQ09KbUJIMDV5Y1hpVUl0QjJhbVpNb0dxaGQtVjJyckgtc2lHSVJjQWpjN2VYRkxCWmdkUTVnTGdVQmJwQjd1QzhqVDZld0pHRmFLLW9MS2VQalJwUEtF?oc=5\" target=\"_blank\" rel=\"nofollow noopener\">El Villarreal agua la fiesta del regreso del Oviedo a la Liga 24 a\u00f1os despu\u00e9s | F\u00fatbol | Deportes<\/a>&nbsp;&nbsp;EL PA\u00cdS<\/li>\n<li><a href=\"https:\/\/news.google.com\/rss\/articles\/CBMimgFBVV95cUxOZ2Q2X0ZyNENRLWJiYjBlVUxEY1BVTklJeko2ZXdGeEJERnpncS12U1ZUZldjWndGQ3JYV29GUjNVQVJMeko1enBWWGRjNnF1Ml9iRHBtTlgta0JKemdDVHpONkhfMVhCWnE3UlNiSTFBU0dGM1lhaFA3Zm1meUdrOEFYb0FhemJfUFR3eDQtaXNXcUVVMGpkU3N30gGaAUFVX3lxTFB3a2dmS01HX0x2Q3FpMVd3THlPSm85MGJpSm44QkNFUGpDdG9mZnNBcnZvMFlNYlo2Ni1vVE1pdXlOaDNyQnEtLTUzY2paamp6dTZLdkpmWmhJcngxV0llMVM3X0YwLUhJZU90M3JweWpCVE5TZmhDWHhTNkJVVzdPZzVRUXgzTnVHY2F4cWVxWW43OVNDQTNtQWc?oc=5\" target=\"_blank\" rel=\"nofollow noopener\">Novatada del Oviedo en La Cer\u00e1mica<\/a>&nbsp;&nbsp;MARCA<\/li>\n<li><a href=\"https:\/\/news.google.com\/rss\/articles\/CBMi7AFBVV95cUxNeDdQcENyckVMNFN6cTRmWUV2b3g4SGFsdGZSQUtnUC13cnM0ZXVFb2ZvYmpiZ0lKZ1BKdS1lWXBIV00tTEZlVzQ0OW5ZMThidFJQY1FkS1dmbkJJb0RzOWtucFd5OXJmTHA5My1oWGV3Slc4STF6VENGN0FvMENZam9VeGpCUnVXUERYcm5PLTVsamI1R09Zc2pWQXpUNm5NZDRJbHZDRTQzUU9Kd2VDQ0dfdmNnLWZUbUJSeDAydFpTMzNDak9oZ1drVDhBaEsta1NIWE1WZVVrMGJYS3Fockdka2dwVU9SY0xrQw?oc=5\" target=\"_blank\" rel=\"nofollow noopener\">Marcelino: \u00abEs importante comenzar con una victoria, confirma el buen trabajo de la pretemporada\u00bb<\/a>&nbsp;&nbsp;Plaza Deportiva<\/li>\n<\/ol>\n","protected":false},"excerpt":{"rendered":"El Villarreal y la Primera reciben al Real Oviedo con un bofet\u00f3n&nbsp;&nbsp;La Voz de Asturias Villarreal 2 &#8211;&hellip;\n","protected":false},"author":2,"featured_media":50783,"comment_status":"","ping_status":"","sticky":false,"template":"","format":"standard","meta":{"footnotes":""},"categories":[268],"tags":[168,25,24,280,282,1796,1945,3302,5116,281,23,167,9607],"class_list":{"0":"post-50782","1":"post","2":"type-post","3":"status-publish","4":"format-standard","5":"has-post-thumbnail","7":"category-futbol","8":"tag-deportes","9":"tag-es","10":"tag-espana","11":"tag-football","12":"tag-futbol","13":"tag-oviedo","14":"tag-primera-division","15":"tag-real-oviedo","16":"tag-santi-cazorla","17":"tag-soccer","18":"tag-spain","19":"tag-sports","20":"tag-villarreal-cf"},"share_on_mastodon":{"url":"","error":""},"_links":{"self":[{"href":"https:\/\/www.europesays.com\/es\/wp-json\/wp\/v2\/posts\/50782","targetHints":{"allow":["GET"]}}],"collection":[{"href":"https:\/\/www.europesays.com\/es\/wp-json\/wp\/v2\/posts"}],"about":[{"href":"https:\/\/www.europesays.com\/es\/wp-json\/wp\/v2\/types\/post"}],"author":[{"embeddable":true,"href":"https:\/\/www.europesays.com\/es\/wp-json\/wp\/v2\/users\/2"}],"replies":[{"embeddable":true,"href":"https:\/\/www.europesays.com\/es\/wp-json\/wp\/v2\/comments?post=50782"}],"version-history":[{"count":0,"href":"https:\/\/www.europesays.com\/es\/wp-json\/wp\/v2\/posts\/50782\/revisions"}],"wp:featuredmedia":[{"embeddable":true,"href":"https:\/\/www.europesays.com\/es\/wp-json\/wp\/v2\/media\/50783"}],"wp:attachment":[{"href":"https:\/\/www.europesays.com\/es\/wp-json\/wp\/v2\/media?parent=50782"}],"wp:term":[{"taxonomy":"category","embeddable":true,"href":"https:\/\/www.europesays.com\/es\/wp-json\/wp\/v2\/categories?post=50782"},{"taxonomy":"post_tag","embeddable":true,"href":"https:\/\/www.europesays.com\/es\/wp-json\/wp\/v2\/tags?post=50782"}],"curies":[{"name":"wp","href":"https:\/\/api.w.org\/{rel}","templated":true}]}}