{"id":50790,"date":"2025-08-16T06:07:10","date_gmt":"2025-08-16T06:07:10","guid":{"rendered":"https:\/\/www.europesays.com\/es\/50790\/"},"modified":"2025-08-16T06:07:10","modified_gmt":"2025-08-16T06:07:10","slug":"cornella-el-prat-un-escenario-espinoso-para-simeone","status":"publish","type":"post","link":"https:\/\/www.europesays.com\/es\/50790\/","title":{"rendered":"Cornell\u00e0-El Prat, un escenario espinoso para Simeone"},"content":{"rendered":"<p>16\/08\/2025<br \/>\n<br \/><strong><br \/>\nActualizado a las 05:00h.<br \/>\n<\/strong><\/p>\n<p class=\"voc-p\" style=\"\">El <a href=\"https:\/\/www.abc.es\/deportes\/atletico-madrid\/atletico-suma-sigue-raspadori-septimo-refuerzo-simeone-20250811171127-nt.html\" target=\"_self\" data-voc-vtm-id=\"in-text-traffic\" title=\"Atl\u00e9tico de Madrid\" data-mrf-link=\"www.abc.es\" rel=\"nofollow noopener\">Atl\u00e9tico de Madrid<\/a> comenzar\u00e1 la temporada el domingo a las 21.30 en el campo del Espanyol. El feudo periquito -entre Cornell\u00e0 y El Prat, dos localidades del \u00e1rea metropolitana de Barcelona- ha sido, en los \u00faltimos ocho a\u00f1os, territorio comanche para los colchoneros. Desde que ganaran por la m\u00ednima en 2017, s\u00f3lo han repetido premio en una ocasi\u00f3n en la casa de los catalanes. El balance m\u00e1s reciente es de una victoria en seis partidos. <\/p>\n<p class=\"voc-p\" style=\"\">Los \u00fanicos tres puntos en Cornell\u00e0 en los \u00faltimos ocho a\u00f1os los consiguieron los del Cholo gracias a un gol que marc\u00f3 Thomas Lemar en el minuto 99. Fue una jornada 4 (a\u00f1o 2021), siendo siempre los inicios de campeonato m\u00e1s propensos a mostrar los cambios que entre los \u00e1rbitros y la Liga deciden implementar a la temporada. Pues aquel partido, fue uno de los que inauguraron la \u00e9poca de los a\u00f1adidos eternos en los que est\u00e1 inmerso el f\u00fatbol actual. Diez minutos mostr\u00f3 el cartel del cuarto \u00e1rbitro. \u00abEstamos seguros de que se aplicar\u00e1 siempre el mismo criterio a lo largo de la temporada\u00bb, public\u00f3 tras el encuentro la entidad periquita. <\/p>\n<p class=\"voc-p\" style=\"\">No es solo que el campo del <a href=\"https:\/\/www.abc.es\/deportes\/futbol\/cierto-modo-laporta-modelo-seguir-20250803172716-nt.html\" target=\"_self\" data-voc-vtm-id=\"in-text-traffic\" title=\"Espanyol\" data-mrf-link=\"www.abc.es\" rel=\"nofollow noopener\">Espanyol<\/a> se le haya atragantado al Atleti en los \u00faltimos ocho a\u00f1os, sino que algunas de sus visitas m\u00e1s recientes fueron desastrosas. En 2019, un Atl\u00e9tico sin posibilidades ya de ganar la Liga lleg\u00f3 desmotivado a su choque con los pericos. La falta de tensi\u00f3n les hizo marcharse escaldados con un 3-0. <\/p>\n<p class=\"voc-p\" style=\"\">Y sin ir m\u00e1s lejos, hace un par de a\u00f1os, a falta de dos jornadas para el fin del campeonato, los de <a href=\"https:\/\/www.abc.es\/deportes\/atletico-madrid\/cien-millones-contentar-simeone-20250721043238-nt.html\" target=\"_self\" data-voc-vtm-id=\"in-text-traffic\" title=\"Simeone\" data-mrf-link=\"www.abc.es\" rel=\"nofollow noopener\">Simeone<\/a> se fueron 0-2 al descanso en Cornell\u00e0 y anotaron el tercero a los pocos minutos de segundo acto. El Espanyol, con pie y medio en aquel momento en Segunda Divisi\u00f3n, firm\u00f3 una remontada que ni el m\u00e1s optimista auguraba: C\u00e9sar Montes, Joselu y Vini Souza pusieron las tablas a tres. <\/p>\n<p class=\"voc-p\" style=\"\">Ocho a\u00f1os y una victoria. Por lo dem\u00e1s, tres empates y dos victorias del Espanyol. Si bien es de justicia recordar que los catalanes pasaron la 2020\/2021 y la 2023\/2024 en Segunda Divisi\u00f3n. <\/p>\n<p class=\"voc-p\" style=\"\">En el a\u00f1o 2017 fue la \u00faltima vez que el Atl\u00e9tico de Madrid volvi\u00f3 a la capital tras jugar en el campo del Espanyol sin haber encajado un gol. Desde ese s\u00e1bado 22 de abril, los hombres del Cholo no han vuelto a dejar la porter\u00eda a cero. <\/p>\n<p class=\"voc-p\" style=\"\">Siguiendo las estad\u00edsticas, no las tiene todas consigo el Atl\u00e9tico para ganar este domingo. Sin embargo, se han reforzado con fichajes cuyo valor total supera los 150 millones, mientras que el Espanyol pudo hacerse con el 50% de su &#8216;9&#8217;, Roberto Fern\u00e1ndez, por algo m\u00e1s de seis porque el Bar\u00e7a pag\u00f3 la cl\u00e1usula de Joan Garcia (26 millones) y engord\u00f3 las arcas periquitas. Por lo dem\u00e1s, las siete incorporaciones restantes de los barceloneses son cesiones o jugadores que han llegado libres a precio cero. <\/p>\n<p class=\"voc-p\" style=\"\">Tampoco el Real Madrid venci\u00f3 en Cornell\u00e0-El Prat el curso anterior, cuando un gol de Carlos Romero otorg\u00f3 la victoria a los de Manolo Gonz\u00e1lez. \ufeffDe los 42 puntos que le sirvieron a los periquitos para salvarse en la \u00faltima jornada, 33 los hicieron en casa y tan solo nueve a domicilio. El Espanyol de Manolo vive de los partidos en casa y tiene una oportunidad el domingo para comenzar a replicar los buenos resultados del a\u00f1o pasado. Pero enfrente tendr\u00e1 a un Atl\u00e9tico con ganas de dar sensaci\u00f3n de ser otro tras un a\u00f1o en blanco y un verano de ilusionantes movimientos. <\/p>\n<p>Reportar un error<\/p>\n","protected":false},"excerpt":{"rendered":"16\/08\/2025 Actualizado a las 05:00h. El Atl\u00e9tico de Madrid comenzar\u00e1 la temporada el domingo a las 21.30 en&hellip;\n","protected":false},"author":2,"featured_media":50791,"comment_status":"","ping_status":"","sticky":false,"template":"","format":"standard","meta":{"footnotes":""},"categories":[93],"tags":[5716,22553,22004,22552,168,25,24,8489,10259,23,167],"class_list":{"0":"post-50790","1":"post","2":"type-post","3":"status-publish","4":"format-standard","5":"has-post-thumbnail","7":"category-deportes","8":"tag-campo","9":"tag-cholo","10":"tag-complicado","11":"tag-cornellael","12":"tag-deportes","13":"tag-es","14":"tag-espana","15":"tag-prat","16":"tag-simeone","17":"tag-spain","18":"tag-sports"},"share_on_mastodon":{"url":"","error":""},"_links":{"self":[{"href":"https:\/\/www.europesays.com\/es\/wp-json\/wp\/v2\/posts\/50790","targetHints":{"allow":["GET"]}}],"collection":[{"href":"https:\/\/www.europesays.com\/es\/wp-json\/wp\/v2\/posts"}],"about":[{"href":"https:\/\/www.europesays.com\/es\/wp-json\/wp\/v2\/types\/post"}],"author":[{"embeddable":true,"href":"https:\/\/www.europesays.com\/es\/wp-json\/wp\/v2\/users\/2"}],"replies":[{"embeddable":true,"href":"https:\/\/www.europesays.com\/es\/wp-json\/wp\/v2\/comments?post=50790"}],"version-history":[{"count":0,"href":"https:\/\/www.europesays.com\/es\/wp-json\/wp\/v2\/posts\/50790\/revisions"}],"wp:featuredmedia":[{"embeddable":true,"href":"https:\/\/www.europesays.com\/es\/wp-json\/wp\/v2\/media\/50791"}],"wp:attachment":[{"href":"https:\/\/www.europesays.com\/es\/wp-json\/wp\/v2\/media?parent=50790"}],"wp:term":[{"taxonomy":"category","embeddable":true,"href":"https:\/\/www.europesays.com\/es\/wp-json\/wp\/v2\/categories?post=50790"},{"taxonomy":"post_tag","embeddable":true,"href":"https:\/\/www.europesays.com\/es\/wp-json\/wp\/v2\/tags?post=50790"}],"curies":[{"name":"wp","href":"https:\/\/api.w.org\/{rel}","templated":true}]}}