{"id":50794,"date":"2025-08-16T06:09:11","date_gmt":"2025-08-16T06:09:11","guid":{"rendered":"https:\/\/www.europesays.com\/es\/50794\/"},"modified":"2025-08-16T06:09:11","modified_gmt":"2025-08-16T06:09:11","slug":"los-ocho-libros-de-la-semana-en-babelia-babelia","status":"publish","type":"post","link":"https:\/\/www.europesays.com\/es\/50794\/","title":{"rendered":"Los ocho libros de la semana en \u2018Babelia\u2019 | Babelia"},"content":{"rendered":"<p><img alt=\"BABELIA 16\/08\/2025 LIBROS\" decoding=\"auto\" class=\"_re lazyload a_m-v\" height=\"622\"  width=\"414\"  src=\"https:\/\/www.europesays.com\/es\/wp-content\/uploads\/2025\/08\/DDQU75IVRZCFFKPUZFKWJDGW7E.jpg\" loading=\"lazy\"\/>La hija del escultorTove JanssonTraducci\u00f3n de Carmen Montes Cano. <a href=\"https:\/\/www.editorialminuscula.com\/libro\/la-hija-del-escultor\/\" target=\"_self\" rel=\"nofollow noopener\" title=\"https:\/\/www.editorialminuscula.com\/libro\/la-hija-del-escultor\/\">Min\u00fascula<\/a>, 2025. 136 p\u00e1ginas. 18,50 euros<\/p>\n<p class=\"\">Los cuentos de la creadora de los Mumin recogidos en este volumen revelan que, quiz\u00e1, las infancias felices sean las m\u00e1s paralizantes.<\/p>\n<p class=\"\"><a href=\"https:\/\/elpais.com\/babelia\/2025-08-11\/la-hija-del-escultor-la-nina-tove-jansson-encerrada-en-una-gota-de-ambar.html\" target=\"_self\" rel=\"nofollow noopener\" title=\"https:\/\/elpais.com\/babelia\/2025-08-11\/la-hija-del-escultor-la-nina-tove-jansson-encerrada-en-una-gota-de-ambar.html\">&gt; Lea aqu\u00ed la cr\u00edtica entera de Marta Sanz<\/a><\/p>\n<p><img alt=\"BABELIA 16\/08\/2025 LIBROS\" decoding=\"auto\" class=\"_re lazyload a_m-v\" height=\"640\"  width=\"414\"  src=\"https:\/\/www.europesays.com\/es\/wp-content\/uploads\/2025\/08\/1755324548_910_4ZGYYAVYMNBQHGDCVJ7MWPGAMI.webp\" loading=\"lazy\"\/>La \u00faltima puerta antes de la nocheAnt\u00f3nio Lobo AntunesTraducci\u00f3n de Antonio S\u00e1ez Delgado. <a href=\"https:\/\/www.penguinlibros.com\/es\/novela-negra-misterio-y-thriller\/367147-libro-la-ultima-puerta-antes-de-la-noche-9788439744740\" target=\"_self\" rel=\"nofollow noopener\" title=\"https:\/\/www.penguinlibros.com\/es\/novela-negra-misterio-y-thriller\/367147-libro-la-ultima-puerta-antes-de-la-noche-9788439744740\">Random House<\/a>, 2025. 456 p\u00e1ginas. 23,65 euros<\/p>\n<p class=\"\">La \u00faltima novela del autor portugu\u00e9s traducida al espa\u00f1ol parte de un crimen real para indagar en la psique de los cinco criminales.<\/p>\n<p class=\"\"><a href=\"https:\/\/elpais.com\/babelia\/2025-08-15\/lobo-antunes-el-escritor-de-los-secretos-de-la-memoria.html\" target=\"_self\" rel=\"nofollow noopener\" title=\"https:\/\/elpais.com\/babelia\/2025-08-15\/lobo-antunes-el-escritor-de-los-secretos-de-la-memoria.html\">&gt; Lea aqu\u00ed la cr\u00edtica entera de Tereixa Constenla<\/a><\/p>\n<p><img alt=\"BABELIA 16\/08\/2025\" decoding=\"auto\" class=\"_re lazyload a_m-v\" height=\"621\"  width=\"414\"  src=\"https:\/\/www.europesays.com\/es\/wp-content\/uploads\/2025\/08\/BHJLR675KNAWPCUHQ42ZPL3RDE.jpg\" loading=\"lazy\"\/>Nubarrones I. Una filosof\u00eda a retazosEnrique LynchSelecci\u00f3n y notas de Carlos Revetria. <a href=\"https:\/\/laderanorte.es\/libros\/nubarrones-i\/\" target=\"_self\" rel=\"nofollow noopener\" title=\"https:\/\/laderanorte.es\/libros\/nubarrones-i\/\">Ladera Norte<\/a>, 2025. 616 p\u00e1ginas. 25,90 euros<\/p>\n<p class=\"\">La publicaci\u00f3n de numerosos textos del fil\u00f3sofo argentino Enrique Lynch permite dimensionar el pensamiento de un autor con una mirada incisiva, culta y perspicaz.<\/p>\n<p class=\"\"><a href=\"https:\/\/elpais.com\/babelia\/2025-08-12\/nubarrones-de-enrique-lynch-una-fiesta-de-la-inteligencia-en-dos-volumenes.html\" target=\"_self\" rel=\"nofollow noopener\" title=\"https:\/\/elpais.com\/babelia\/2025-08-12\/nubarrones-de-enrique-lynch-una-fiesta-de-la-inteligencia-en-dos-volumenes.html\">&gt; Lea aqu\u00ed la cr\u00edtica entera de Daniel Gasc\u00f3n<\/a><\/p>\n<p><img alt=\"BABELIA 16\/08\/2025\" decoding=\"auto\" class=\"_re lazyload a_m-v\" height=\"621\"  width=\"414\"  src=\"https:\/\/www.europesays.com\/es\/wp-content\/uploads\/2025\/08\/PQJN4OYDTNDVXLM5GOTSTDRCOE.jpg\" loading=\"lazy\"\/>Nubarrones II. Arte, m\u00fasica, cine y literatura seguidos de lo que pudo haber sido una autobiograf\u00edaEnrique LynchSelecci\u00f3n y notas de Carlos Revetria. <a href=\"https:\/\/laderanorte.es\/libros\/nubarrones-ii\/\" target=\"_self\" rel=\"nofollow noopener\" title=\"https:\/\/laderanorte.es\/libros\/nubarrones-ii\/\">Ladera Norte<\/a>, 2025. 472 p\u00e1ginas. 22,90 euros<\/p>\n<p class=\"\">La melancol\u00eda est\u00e1 tambi\u00e9n en el segundo volumen de los pensamientos de Lynch, donde habla de arte, m\u00fasica, literatura o cine, con an\u00e1lisis de formas y analog\u00edas reveladoras, como la que traza entre Truman Capote y Andy Warhol. <\/p>\n<p class=\"\"><a href=\"https:\/\/elpais.com\/babelia\/2025-08-12\/nubarrones-de-enrique-lynch-una-fiesta-de-la-inteligencia-en-dos-volumenes.html\" target=\"_self\" rel=\"nofollow noopener\" title=\"https:\/\/elpais.com\/babelia\/2025-08-12\/nubarrones-de-enrique-lynch-una-fiesta-de-la-inteligencia-en-dos-volumenes.html\">&gt; Lea aqu\u00ed la cr\u00edtica entera de Daniel Gasc\u00f3n<\/a><\/p>\n<p><img alt=\"BABELIA 16\/08\/2025 LIBROS\" decoding=\"auto\" class=\"_re lazyload a_m-v\" height=\"629\"  width=\"414\"  src=\"https:\/\/www.europesays.com\/es\/wp-content\/uploads\/2025\/08\/1755324549_426_HMNXMQ6CMFDW5AAKPVWQ7MKTA4.webp\" loading=\"lazy\"\/>La fabricaci\u00f3n de un crimen Ricardo Raphael <a href=\"https:\/\/www.planetadelibros.com\/libro-la-fabricacion-de-un-crimen\/419022\" target=\"_self\" rel=\"nofollow noopener\" title=\"https:\/\/www.planetadelibros.com\/libro-la-fabricacion-de-un-crimen\/419022\">Seix Barral<\/a>, 2025. 536 p\u00e1ginas. 23,90 euros<\/p>\n<p class=\"\">Ricardo Raphael se vale de las herramientas del nuevo periodismo para reconstruir la trama de la desaparici\u00f3n de Hugo Alberto Wallace en M\u00e9xico en 2005 y de las vidas rotas sin piedad bajo el escudo del fingido dolor de una madre.<\/p>\n<p class=\"\"><a href=\"https:\/\/elpais.com\/babelia\/2025-08-14\/la-fabricacion-de-un-crimen-historia-verdadera-de-un-asesinato-inventado.html\" target=\"_self\" rel=\"nofollow noopener\" title=\"https:\/\/elpais.com\/babelia\/2025-08-14\/la-fabricacion-de-un-crimen-historia-verdadera-de-un-asesinato-inventado.html\">&gt; Lea aqu\u00ed la cr\u00edtica entera de Leonardo Padura<\/a><\/p>\n<p><img alt=\"BABELIA 16\/08\/2025 LIBROS\" decoding=\"auto\" class=\"_re lazyload a_m-v\" height=\"656\"  width=\"414\"  src=\"https:\/\/www.europesays.com\/es\/wp-content\/uploads\/2025\/08\/ZG5NGMW4W5FCDBWWM3MEECVETA.jpg\" loading=\"lazy\"\/>Papel negro. Escribir en tiempos de oscuridadTeju ColeTraducci\u00f3n de Miguel Temprano Garc\u00eda. <a href=\"https:\/\/www.acantilado.es\/catalogo\/papel-negro\/\" target=\"_self\" rel=\"nofollow noopener\" title=\"https:\/\/www.acantilado.es\/catalogo\/papel-negro\/\">Acantilado<\/a>, 2025. 304 p\u00e1ginas. 22 euros<\/p>\n<p class=\"\">El escritor y fot\u00f3grafo nigeriano-estadounidense apuesta por redefinir nuestros compromisos \u00e9ticos para aceptar la irreductible complejidad del otro.<\/p>\n<p class=\"\"><a href=\"https:\/\/elpais.com\/babelia\/2025-08-12\/papel-negro-de-teju-cole-no-poder-no-ver-y-por-lo-tanto-no-callar.html\" target=\"_self\" rel=\"nofollow noopener\" title=\"https:\/\/elpais.com\/babelia\/2025-08-12\/papel-negro-de-teju-cole-no-poder-no-ver-y-por-lo-tanto-no-callar.html\">&gt; Lea aqu\u00ed la cr\u00edtica entera de Patricio Pron<\/a><\/p>\n<p><img alt=\"BABELIA 16\/08\/2025 LIBROS\" decoding=\"auto\" class=\"_re lazyload a_m-v\" height=\"640\"  width=\"414\"  src=\"https:\/\/www.europesays.com\/es\/wp-content\/uploads\/2025\/08\/VLDE2MUAWZGUBFGNGLENYL6XDQ.webp\" loading=\"lazy\"\/>Universalismo radicalOmri BoehmTraducci\u00f3n de Irene Jov\u00e9 Blaya. <a href=\"https:\/\/www.penguinlibros.com\/es\/libros-de-filosofia\/362710-libro-universalismo-radical-9788430627332\" target=\"_self\" rel=\"nofollow noopener\" title=\"https:\/\/www.penguinlibros.com\/es\/libros-de-filosofia\/362710-libro-universalismo-radical-9788430627332\">Taurus<\/a>, 2025. 192 p\u00e1ginas. 18,91 euros<\/p>\n<p class=\"\">El fil\u00f3sofo israel\u00ed-alem\u00e1n Omri Boehm, cr\u00edtico con el conflicto en Palestina, cuestiona la asunci\u00f3n acr\u00edtica del concepto de identidad de grupo y defiende la universalidad de la idea de humanidad.<\/p>\n<p class=\"\"><a href=\"https:\/\/elpais.com\/babelia\/2025-08-11\/universalismo-radical-ni-dios-puede-saltarse-la-ley-moral.html\" target=\"_self\" rel=\"nofollow noopener\" title=\"https:\/\/elpais.com\/babelia\/2025-08-11\/universalismo-radical-ni-dios-puede-saltarse-la-ley-moral.html\">&gt; Lea aqu\u00ed la cr\u00edtica entera de Manuel Cruz<\/a><\/p>\n<p><img alt=\"BABELIA 16\/08\/2025 LIBROS\" decoding=\"auto\" class=\"_re lazyload a_m-v\" height=\"571\"  width=\"414\"  src=\"https:\/\/www.europesays.com\/es\/wp-content\/uploads\/2025\/08\/4J5OQUVK5NFJDKSHUMGYD2EXUA.jpg\" loading=\"lazy\"\/>Dioniso y lo disonis\u00edaco en la literatura griega arcaica y cl\u00e1sicaAlberto Bernab\u00e9, Miguel Herrero de J\u00e1uregui, Ana Isabel Jim\u00e9nez San Crist\u00f3bal, Marco Antonio Santamar\u00eda (eds.)<a href=\"https:\/\/abadaeditores.com\/inicio\/838-dioniso-y-lo-dionisiaco-en-la-litertatura-griega-arcaica-y-clasica.html\" target=\"_self\" rel=\"nofollow noopener\" title=\"https:\/\/abadaeditores.com\/inicio\/838-dioniso-y-lo-dionisiaco-en-la-litertatura-griega-arcaica-y-clasica.html\">Abada Editores<\/a>, 2025. 1.200 p\u00e1ginas. 50 euros<\/p>\n<p class=\"\">Lejos de la banalizaci\u00f3n que asocia la deidad exclusivamente con la transgresi\u00f3n, con el exceso o con la fiesta, varios helenistas invitan a pensar desde la complejidad de su culto en la ambig\u00fcedad y fragilidad de la naturaleza humana.<\/p>\n<p class=\"\"><a href=\"https:\/\/elpais.com\/babelia\/2025-08-13\/el-retorno-de-dioniso-el-dios-que-nunca-muere.html\" target=\"_self\" rel=\"nofollow noopener\" title=\"https:\/\/elpais.com\/babelia\/2025-08-13\/el-retorno-de-dioniso-el-dios-que-nunca-muere.html\">&gt; Lea aqu\u00ed la cr\u00edtica de Manel Garc\u00eda<\/a><\/p>\n","protected":false},"excerpt":{"rendered":"La hija del escultorTove JanssonTraducci\u00f3n de Carmen Montes Cano. Min\u00fascula, 2025. 136 p\u00e1ginas. 18,50 euros Los cuentos de&hellip;\n","protected":false},"author":2,"featured_media":50795,"comment_status":"","ping_status":"","sticky":false,"template":"","format":"standard","meta":{"footnotes":""},"categories":[91],"tags":[4026,209,146,147,25,24,1807,225,23],"class_list":{"0":"post-50794","1":"post","2":"type-post","3":"status-publish","4":"format-standard","5":"has-post-thumbnail","7":"category-entretenimiento","8":"tag-critica-literaria","9":"tag-cultura","10":"tag-entertainment","11":"tag-entretenimiento","12":"tag-es","13":"tag-espana","14":"tag-lectura","15":"tag-libros","16":"tag-spain"},"share_on_mastodon":{"url":"","error":""},"_links":{"self":[{"href":"https:\/\/www.europesays.com\/es\/wp-json\/wp\/v2\/posts\/50794","targetHints":{"allow":["GET"]}}],"collection":[{"href":"https:\/\/www.europesays.com\/es\/wp-json\/wp\/v2\/posts"}],"about":[{"href":"https:\/\/www.europesays.com\/es\/wp-json\/wp\/v2\/types\/post"}],"author":[{"embeddable":true,"href":"https:\/\/www.europesays.com\/es\/wp-json\/wp\/v2\/users\/2"}],"replies":[{"embeddable":true,"href":"https:\/\/www.europesays.com\/es\/wp-json\/wp\/v2\/comments?post=50794"}],"version-history":[{"count":0,"href":"https:\/\/www.europesays.com\/es\/wp-json\/wp\/v2\/posts\/50794\/revisions"}],"wp:featuredmedia":[{"embeddable":true,"href":"https:\/\/www.europesays.com\/es\/wp-json\/wp\/v2\/media\/50795"}],"wp:attachment":[{"href":"https:\/\/www.europesays.com\/es\/wp-json\/wp\/v2\/media?parent=50794"}],"wp:term":[{"taxonomy":"category","embeddable":true,"href":"https:\/\/www.europesays.com\/es\/wp-json\/wp\/v2\/categories?post=50794"},{"taxonomy":"post_tag","embeddable":true,"href":"https:\/\/www.europesays.com\/es\/wp-json\/wp\/v2\/tags?post=50794"}],"curies":[{"name":"wp","href":"https:\/\/api.w.org\/{rel}","templated":true}]}}