{"id":50796,"date":"2025-08-16T06:10:10","date_gmt":"2025-08-16T06:10:10","guid":{"rendered":"https:\/\/www.europesays.com\/es\/50796\/"},"modified":"2025-08-16T06:10:10","modified_gmt":"2025-08-16T06:10:10","slug":"como-disfrutar-y-aprender-sobre-las-perseidas-con-expertos-en-soto-del-real","status":"publish","type":"post","link":"https:\/\/www.europesays.com\/es\/50796\/","title":{"rendered":"C\u00f3mo disfrutar, y aprender, sobre las perseidas con expertos en Soto del Real"},"content":{"rendered":"<p>La <a href=\"https:\/\/chozasdelasierra.org\/event\/ayudanos-a-regar-los-arboles-y-arbustos-en-soto-del-real-5\/\" rel=\"nofollow noopener\" target=\"_blank\">asociaci\u00f3n cultural Chozas de la Sierra <\/a>organiza para el viernes 15 de agosto una observaci\u00f3n de las perseidas en Soto del Real. Una oportunidad \u00fanica de disfrutar de esta lluvia de meteoros y adem\u00e1s hacerla con expertos puesto que la actividad, que tendr\u00e1 lugar en La Cabezuela, se hace con la asociaci\u00f3n AStro-meteo de Miraflores.<\/p>\n<p>Este a\u00f1o las condiciones no son especialmente propicias para observar\u00a0las perseidas\u00a0porque la luna acaba de pasar su fase llena, lo que tiene un impacto lum\u00ednico en el cielo. No obstante, la excursi\u00f3n organizada para\u00a0el\u00a0viernes 15 de agosto\u00a0se hace\u00a0justo despu\u00e9s del ocaso, antes de que salga la luna, que esta previsto que asome\u00a0sobre las 24:19horas<\/p>\n<p>Qu\u00e9 son las perseidas<\/p>\n<p>La lluvia de perseidas es en realidad de meteoros\u00a0(com\u00fanmente llamados \u00abestrellas fugaces\u00bb), que comienzan habitualmente a verse hacia el 17 de julio y terminan aproximadamente el 24 de agosto. Tambi\u00e9n recibe el nombre de \u00abl\u00e1grimas de San Lorenzo\u00bb por la cercan\u00eda de su m\u00e1ximo con el 10 de agosto, d\u00eda de la festividad del m\u00e1rtir del mismo nombre.<\/p>\n<p>Las perseidas son visibles desde todo el hemisferio norte. Las velocidades de estos meteoros pueden superar los 50 kil\u00f3metros por segundo y su tasa de actividad puede llegar a los\u00a0200 meteoros por hora, aunque lo habitual en condiciones \u00f3ptimas es observar entre 80 y 100. Su alta actividad, junto con las constelaciones m\u00e1s conocidas, es lo que vamos a observar desde el alto de\u00a0La Cabezuela, con unos expertos de la\u00a0Asociaci\u00f3n Astro-Meteo de Miraflores.<\/p>\n<p>Desde la asociaci\u00f3n se\u00f1alan que las lluvias de estrellas en agosto ofrecen una oportunidad \u00fanica para observar fen\u00f3menos astron\u00f3micos, especialmente las Perseidas, que alcanzar\u00e1n su pico entre las noches del 12 y 13 de agosto, con hasta 100 meteoros por hora en condiciones \u00f3ptimas.<\/p>\n<p>C\u00f3mo participar<\/p>\n<p>El lugar de quedada es delante la Escuela Infantil Gloria Fuertes (Soto del Real) a las 22horas, Despu\u00e9s se ir\u00e1\u00a0andando (unos 500\u00a0metros) al lugar para observar el cielo, en la finca municipal La Cabezuela. Se recomienda llevar ropa de abrigo\u00a0(por la noche puede refrescar), manta para sentarse en el suelo, y algo de beber y comer.<\/p>\n","protected":false},"excerpt":{"rendered":"La asociaci\u00f3n cultural Chozas de la Sierra organiza para el viernes 15 de agosto una observaci\u00f3n de las&hellip;\n","protected":false},"author":2,"featured_media":50797,"comment_status":"","ping_status":"","sticky":false,"template":"","format":"standard","meta":{"footnotes":""},"categories":[81],"tags":[119,123,124,25,24,22555,22556,7385,117,121,122,22557,23,118,120],"class_list":{"0":"post-50796","1":"post","2":"type-post","3":"status-publish","4":"format-standard","5":"has-post-thumbnail","7":"category-ciencia-y-tecnologia","8":"tag-ciencia","9":"tag-ciencia-y-tecnologia","10":"tag-cienciaytecnologia","11":"tag-es","12":"tag-espana","13":"tag-madrid-norte","14":"tag-ocio-y-tiempo-libre","15":"tag-perseidas","16":"tag-science","17":"tag-science-and-technology","18":"tag-scienceandtechnology","19":"tag-semana17082025","20":"tag-spain","21":"tag-technology","22":"tag-tecnologia"},"share_on_mastodon":{"url":"","error":""},"_links":{"self":[{"href":"https:\/\/www.europesays.com\/es\/wp-json\/wp\/v2\/posts\/50796","targetHints":{"allow":["GET"]}}],"collection":[{"href":"https:\/\/www.europesays.com\/es\/wp-json\/wp\/v2\/posts"}],"about":[{"href":"https:\/\/www.europesays.com\/es\/wp-json\/wp\/v2\/types\/post"}],"author":[{"embeddable":true,"href":"https:\/\/www.europesays.com\/es\/wp-json\/wp\/v2\/users\/2"}],"replies":[{"embeddable":true,"href":"https:\/\/www.europesays.com\/es\/wp-json\/wp\/v2\/comments?post=50796"}],"version-history":[{"count":0,"href":"https:\/\/www.europesays.com\/es\/wp-json\/wp\/v2\/posts\/50796\/revisions"}],"wp:featuredmedia":[{"embeddable":true,"href":"https:\/\/www.europesays.com\/es\/wp-json\/wp\/v2\/media\/50797"}],"wp:attachment":[{"href":"https:\/\/www.europesays.com\/es\/wp-json\/wp\/v2\/media?parent=50796"}],"wp:term":[{"taxonomy":"category","embeddable":true,"href":"https:\/\/www.europesays.com\/es\/wp-json\/wp\/v2\/categories?post=50796"},{"taxonomy":"post_tag","embeddable":true,"href":"https:\/\/www.europesays.com\/es\/wp-json\/wp\/v2\/tags?post=50796"}],"curies":[{"name":"wp","href":"https:\/\/api.w.org\/{rel}","templated":true}]}}