{"id":50800,"date":"2025-08-16T06:13:14","date_gmt":"2025-08-16T06:13:14","guid":{"rendered":"https:\/\/www.europesays.com\/es\/50800\/"},"modified":"2025-08-16T06:13:14","modified_gmt":"2025-08-16T06:13:14","slug":"la-nueva-senal-urbana-de-trafico-que-supone-200-euros-de-multa-y-cuatro-puntos-sino-se-respeta","status":"publish","type":"post","link":"https:\/\/www.europesays.com\/es\/50800\/","title":{"rendered":"La nueva se\u00f1al urbana de tr\u00e1fico que supone 200 euros de multa y cuatro puntos sino se respeta"},"content":{"rendered":"<p data-journey-content=\"true\" data-node-id=\"1\" class=\"body-text css-i9p093 emevuu60\">Se llama S-991c y es una nueva se\u00f1al de tr\u00e1fico que ya se est\u00e1 viendo en algunas ciudades de Espa\u00f1a porque est\u00e1 relacionada con los sem\u00e1foros. Muestra uno en rojo acompa\u00f1ado de ondas de radar y diferentes veh\u00edculos, simbolizando as\u00ed que la calle est\u00e1 vigilada de forma electr\u00f3nica, con una c\u00e1mara. Se coloca justo antes del cruce, a unos metros de la l\u00ednea en que se detiene el veh\u00edculo. <\/p>\n<p>Multa por no respetar un sem\u00e1foro en rojo<\/p>\n<p data-journey-content=\"true\" data-node-id=\"3\" class=\"css-i9p093 emevuu60\">Su objetivo es advertir a los conductores de la presencia de sistemas de control en sem\u00e1foros, conocidos popularmente como <a href=\"https:\/\/www.caranddriver.com\/es\/movilidad\/a39889817\/multas-semaforo-rojo\/\" target=\"_blank\" data-vars-ga-outbound-link=\"https:\/\/www.caranddriver.com\/es\/movilidad\/a39889817\/multas-semaforo-rojo\/\" data-vars-ga-ux-element=\"Hyperlink\" data-vars-ga-call-to-action=\"radares \u201cfoto-rojo\u201d\" data-node-id=\"3.1\" class=\"body-link css-168zq96 emevuu60\" rel=\"nofollow noopener\">radares \u201cfoto-rojo\u201d<\/a>, que capturan a los veh\u00edculos que no respetan la luz roja. La infracci\u00f3n supone 200 euros de multa y la retirada de cuatro puntos del carnet.<\/p>\n<p data-journey-content=\"true\" data-node-id=\"4\" class=\"css-i9p093 emevuu60\">Seg\u00fan datos de la propia DGT, actualmente en Espa\u00f1a hay m\u00e1s de 500 c\u00e1maras de este tipo instaladas en sem\u00e1foros, principalmente en grandes ciudades como Madrid y Barcelona.<\/p>\n<p data-journey-content=\"true\" data-node-id=\"6\" class=\"css-i9p093 emevuu60\">Su funcionamiento est\u00e1 automatizado y se basa en un mecanismo de control que se activa en el instante en que el sem\u00e1foro cambia a rojo. Dos c\u00e1maras registran el paso del veh\u00edculo: la primera cuando cruza la l\u00ednea de detenci\u00f3n y la segunda cuando ya ha rebasado el cruce. Si en ambas im\u00e1genes se aprecia que el sem\u00e1foro estaba en fase no permisiva, la denuncia se considera v\u00e1lida y se tramita.<\/p>\n<p><img draggable=\"true\" alt=\"se\u00f1al semaforo\" title=\"se\u00f1al semaforo\" loading=\"lazy\" width=\"1536\" height=\"1024\" decoding=\"async\" data-nimg=\"1\" style=\"color:transparent;width:100%;height:auto;\"   src=\"https:\/\/www.europesays.com\/es\/wp-content\/uploads\/2025\/08\/sen-al-s-991c-689dc2c0f202e.png\" class=\"css-0 e1g79fud0\"\/><a target=\"_blank\" rel=\"noopener nofollow\" data-theme-key=\"base-link\" href=\"https:\/\/pinterest.com\/pin\/create\/button\/?url=https:\/\/www.caranddriver.com\/es\/movilidad\/trafico\/a65778442\/la-nueva-senal-urbana-de-trafico-que-supone-200-euros-de-multa-y-cuatro-puntos-sino-se-respeta\/&amp;description=&amp;media=https:\/\/hips.hearstapps.com\/hmg-prod\/images\/sen-al-s-991c-689dc2c0f202e.png?resize=1600:*\" class=\"pinterest css-on9hn5 e1c1bym14\"><img decoding=\"async\" data-dynamic-svg=\"true\" src=\"https:\/\/www.caranddriver.com\/_assets\/design-tokens\/fre\/static\/icons\/social\/pinterest.e8cf655.svg?primary=%2523ffffff\" loading=\"lazy\" data-testid=\"dynamic-svg-base\" height=\"auto\" width=\"auto\" alt=\"pinterest\" class=\"css-4lml0h e1mlxuuw1\"\/><\/a><\/p>\n<p>Pyramid Consulting<\/p>\n<p data-journey-content=\"true\" data-node-id=\"8\" class=\"css-i9p093 emevuu60\">En cuanto a cuando el sem\u00e1foro est\u00e1 en \u00e1mbar, la normativa lo considera una fase de precauci\u00f3n: no es sancionable si se cruza en ese momento, siempre que la maniobra no implique un riesgo para la seguridad. Sin embargo, si el conductor acelera de manera brusca o temeraria para evitar la luz roja, un agente podr\u00eda imponer una sanci\u00f3n distinta por conducci\u00f3n negligente. En cambio, saltarse el rojo s\u00ed acarrea la sanci\u00f3n directa de 200 euros y la p\u00e9rdida de cuatro puntos del permiso, notificada posteriormente por carta e ilustrada con la correspondiente fotograf\u00eda<\/p>\n<p data-journey-content=\"true\" data-node-id=\"9\" class=\"css-i9p093 emevuu60\">La medida busca mejorar la seguridad vial en intersecciones, reducir la siniestralidad y disuadir conductas imprudentes. No obstante, algunas asociaciones de automovilistas han cuestionado su aplicaci\u00f3n, alegando falta de garant\u00edas t\u00e9cnicas y procedimientos que ya han dado lugar a recursos judiciales en casos previos. <\/p>\n<p data-journey-content=\"true\" data-node-id=\"10\" class=\"css-i9p093 emevuu60\">Si nos llega una multa de este tipo, hay que recordar que no todas las denuncias son procedentes. En ocasiones se producen errores t\u00e9cnicos en la captura de im\u00e1genes, defectos en la se\u00f1alizaci\u00f3n o irregularidades en el procedimiento que pueden invalidar la multa, tal y como se\u00f1alan desde <a href=\"https:\/\/www.caranddriver.com\/es\/coches\/planeta-motor\/a39504173\/nueva-ley-de-trafico-normativa\/\" target=\"_blank\" data-vars-ga-outbound-link=\"https:\/\/www.caranddriver.com\/es\/coches\/planeta-motor\/a39504173\/nueva-ley-de-trafico-normativa\/\" data-vars-ga-ux-element=\"Hyperlink\" data-vars-ga-call-to-action=\"Pyramid Consulting\" data-node-id=\"10.1\" class=\"body-link css-168zq96 emevuu60\" rel=\"nofollow noopener\">Pyramid Consulting<\/a> que recomiendan a los conductores que se informen de la viabilidad de presentar un recurso. Y es que contar con asesoramiento especializado puede evitar el pago de una multa injusta y la p\u00e9rdida de puntos en el permiso de conducir.<\/p>\n<p><img src=\"https:\/\/www.europesays.com\/es\/wp-content\/uploads\/2025\/08\/b3e08b4e-fdb1-4ca3-9d6d-3ec5a9e35441_1657701750.file\" alt=\"Headshot of Rodrigo Pareja\" title=\"Headshot of Rodrigo Pareja\" width=\"100%\" height=\"100%\" decoding=\"async\" loading=\"lazy\" class=\"css-o0wq4v ev8dhu53\"\/><\/p>\n<p>Periodista especializado en movilidad en todas sus variantes: coche, moto, bicicleta, patinete el\u00e9ctrico&#8230; y no siempre por este orden, dado que la forma en la que nos desplazamos est\u00e1 cambiando. M\u00e1s de 20 a\u00f1os de experiencia en el mundo del autom\u00f3vil y en constante adaptaci\u00f3n en un sector que no deja de generar noticias. \u00a0\u00a0<\/p>\n","protected":false},"excerpt":{"rendered":"Se llama S-991c y es una nueva se\u00f1al de tr\u00e1fico que ya se est\u00e1 viendo en algunas ciudades&hellip;\n","protected":false},"author":2,"featured_media":50801,"comment_status":"","ping_status":"","sticky":false,"template":"","format":"standard","meta":{"footnotes":""},"categories":[8],"tags":[17,18,253,25,24,13,14,11,19,20,9,10,15,16,23,12,21,22],"class_list":{"0":"post-50800","1":"post","2":"type-post","3":"status-publish","4":"format-standard","5":"has-post-thumbnail","7":"category-espana","8":"tag-breaking-news","9":"tag-breakingnews","10":"tag-discover","11":"tag-es","12":"tag-espana","13":"tag-featured-news","14":"tag-featurednews","15":"tag-headlines","16":"tag-latest-news","17":"tag-latestnews","18":"tag-news","19":"tag-noticias","20":"tag-noticias-destacadas","21":"tag-noticiasdestacadas","22":"tag-spain","23":"tag-titulares","24":"tag-ultimas-noticias","25":"tag-ultimasnoticias"},"share_on_mastodon":{"url":"","error":""},"_links":{"self":[{"href":"https:\/\/www.europesays.com\/es\/wp-json\/wp\/v2\/posts\/50800","targetHints":{"allow":["GET"]}}],"collection":[{"href":"https:\/\/www.europesays.com\/es\/wp-json\/wp\/v2\/posts"}],"about":[{"href":"https:\/\/www.europesays.com\/es\/wp-json\/wp\/v2\/types\/post"}],"author":[{"embeddable":true,"href":"https:\/\/www.europesays.com\/es\/wp-json\/wp\/v2\/users\/2"}],"replies":[{"embeddable":true,"href":"https:\/\/www.europesays.com\/es\/wp-json\/wp\/v2\/comments?post=50800"}],"version-history":[{"count":0,"href":"https:\/\/www.europesays.com\/es\/wp-json\/wp\/v2\/posts\/50800\/revisions"}],"wp:featuredmedia":[{"embeddable":true,"href":"https:\/\/www.europesays.com\/es\/wp-json\/wp\/v2\/media\/50801"}],"wp:attachment":[{"href":"https:\/\/www.europesays.com\/es\/wp-json\/wp\/v2\/media?parent=50800"}],"wp:term":[{"taxonomy":"category","embeddable":true,"href":"https:\/\/www.europesays.com\/es\/wp-json\/wp\/v2\/categories?post=50800"},{"taxonomy":"post_tag","embeddable":true,"href":"https:\/\/www.europesays.com\/es\/wp-json\/wp\/v2\/tags?post=50800"}],"curies":[{"name":"wp","href":"https:\/\/api.w.org\/{rel}","templated":true}]}}