{"id":508125,"date":"2026-04-20T14:08:14","date_gmt":"2026-04-20T14:08:14","guid":{"rendered":"https:\/\/www.europesays.com\/es\/508125\/"},"modified":"2026-04-20T14:08:14","modified_gmt":"2026-04-20T14:08:14","slug":"el-personal-de-las-gasolineras-ira-a-la-huelga-el-30-de-abril-y-el-3-de-mayo-en-pleno-puente","status":"publish","type":"post","link":"https:\/\/www.europesays.com\/es\/508125\/","title":{"rendered":"El personal de las gasolineras ir\u00e1 a la huelga el 30 de abril y el 3 de mayo, en pleno puente"},"content":{"rendered":"<p class=\"article-text\">\n        Los sindicatos CCOO Industria y UGT FICA convocan este lunes una huelga del personal de las gasolineras para los d\u00edas 30 de abril y 3 de mayo de 2026 con el objetivo de \u201cdesbloquear la negociaci\u00f3n del convenio colectivo, la retirada de propuestas salariales y el intento de imponer recortes encubiertos\u201d.\n    <\/p>\n<p>    <a href=\"https:\/\/www.eldiario.es\/economia\/gasolineras-empiezan-subir-precios-ataque-iran-si-veo-aumentar-lleno-deposito_1_13032772.html\" data-mrf-recirculation=\"saber-mas\" data-dl-event=\"saber-mas\" rel=\"nofollow noopener\" target=\"_blank\"><\/p>\n<p class=\"know-more__title\">Las gasolineras empiezan a subir precios tras el ataque a Ir\u00e1n: \u201cSi veo que van a aumentar, lleno el dep\u00f3sito\u201d<\/p>\n<p>            <img decoding=\"async\" class=\"lazy\" loading=\"lazy\" data-src=\"https:\/\/static.eldiario.es\/clip\/92e2d19e-19b4-4c67-8a49-c6ed850284a1_16-9-aspect-ratio_default_0.jpg\" src=\"data:image\/svg+xml,%3Csvg xmlns=\" http:=\"\" viewbox=\"0 0 880 495\" alt=\"Las gasolineras empiezan a subir precios tras el ataque a Ir\u00e1n: \u201cSi veo que van a aumentar, lleno el dep\u00f3sito\u201d\"\/><\/p>\n<p>                        <\/a><\/p>\n<p class=\"article-text\">\n        Los sindicatos exigen un incremento salarial m\u00ednimo del 2% anual y un mecanismo de garant\u00eda que asegure, por lo menos, la actualizaci\u00f3n conforme al IPC real m\u00e1s un 0,5%. Esto se a\u00f1ade a otras reivindicaciones como la conciliaci\u00f3n, la reducci\u00f3n de jornada o la mejora de los pluses.\n    <\/p>\n<p class=\"article-text\">\n        Reclaman un convenio \u201cdigno\u201d que garantice salarios \u201cjustos\u201d y derechos \u201creales\u201d para los trabajadores. Los sindicatos culpan as\u00ed a la patronal de \u201cbloquear\u201d la negociaci\u00f3n y de dar un \u201cpaso atr\u00e1s inadmisible\u201d al retirar propuestas previamente planteadas. Eso, consideran CCOO y UGT, supone un \u201cplanteamiento econ\u00f3mico regresivo\u201d y un \u201cataque directo a las plantillas\u201d.\n    <\/p>\n<p class=\"article-text\">\n        Sobre los detalles de la huelga, informan de que se desarrollar\u00e1 el 30 de abril de 2026, de 12:00 a 16:00 horas, y el 3 de mayo de 2026 durante toda la jornada, coincidiendo por tanto con el regreso del puente de mayo.\n    <\/p>\n<p>    <a href=\"https:\/\/www.eldiario.es\/economia\/gobierno-controlara-subidas-combustible-transporte-evitar-abusos-excusa-guerra_1_13141605.html\" data-mrf-recirculation=\"saber-mas-abajo\" data-dl-event=\"saber-mas-abajo\" rel=\"nofollow noopener\" target=\"_blank\"><\/p>\n<p class=\"know-more__title\">El Gobierno controlar\u00e1 las subidas del combustible en el transporte para evitar abusos con la excusa de la guerra<\/p>\n<p>            <img decoding=\"async\" class=\"lazy\" loading=\"lazy\" data-src=\"https:\/\/static.eldiario.es\/clip\/e680088e-06ad-481d-837d-81f473bfa85b_16-9-aspect-ratio_default_0.jpg\" src=\"data:image\/svg+xml,%3Csvg xmlns=\" http:=\"\" viewbox=\"0 0 880 495\" alt=\"El Gobierno controlar\u00e1 las subidas del combustible en el transporte para evitar abusos con la excusa de la guerra\"\/><\/p>\n<p>                        <\/a><\/p>\n<p class=\"article-text\">\n        Los sindicatos acusan a la patronal de beneficiarse de los altos precios de la energ\u00eda, derivados de la guerra de Ir\u00e1n, para aumentar sus ingresos mientras los salarios de los trabajadores en el sector contin\u00faan \u201cpor los suelos\u201d. Adem\u00e1s, el hecho de no actualizar los salarios y reducir as\u00ed el poder adquisitivo supone \u201ctrasladar el coste de la situaci\u00f3n econ\u00f3mica a las personas trabajadoras\u201d.\n    <\/p>\n","protected":false},"excerpt":{"rendered":"Los sindicatos CCOO Industria y UGT FICA convocan este lunes una huelga del personal de las gasolineras para&hellip;\n","protected":false},"author":2,"featured_media":508126,"comment_status":"","ping_status":"","sticky":false,"template":"","format":"standard","meta":{"footnotes":""},"categories":[8],"tags":[1554,1881,3360,17,18,25,24,13,14,21126,11,13181,15902,19,20,10695,9,10,15,16,3053,2464,2497,23,12,21,22],"class_list":["post-508125","post","type-post","status-publish","format-standard","has-post-thumbnail","category-espana","tag-1554","tag-1881","tag-abrir","tag-breaking-news","tag-breakingnews","tag-es","tag-espana","tag-featured-news","tag-featurednews","tag-gasolineras","tag-headlines","tag-huelga","tag-ira","tag-latest-news","tag-latestnews","tag-mayo","tag-news","tag-noticias","tag-noticias-destacadas","tag-noticiasdestacadas","tag-personal","tag-pleno","tag-puente","tag-spain","tag-titulares","tag-ultimas-noticias","tag-ultimasnoticias"],"share_on_mastodon":{"url":"https:\/\/pubeurope.com\/@es\/116437431468361669","error":""},"_links":{"self":[{"href":"https:\/\/www.europesays.com\/es\/wp-json\/wp\/v2\/posts\/508125","targetHints":{"allow":["GET"]}}],"collection":[{"href":"https:\/\/www.europesays.com\/es\/wp-json\/wp\/v2\/posts"}],"about":[{"href":"https:\/\/www.europesays.com\/es\/wp-json\/wp\/v2\/types\/post"}],"author":[{"embeddable":true,"href":"https:\/\/www.europesays.com\/es\/wp-json\/wp\/v2\/users\/2"}],"replies":[{"embeddable":true,"href":"https:\/\/www.europesays.com\/es\/wp-json\/wp\/v2\/comments?post=508125"}],"version-history":[{"count":0,"href":"https:\/\/www.europesays.com\/es\/wp-json\/wp\/v2\/posts\/508125\/revisions"}],"wp:featuredmedia":[{"embeddable":true,"href":"https:\/\/www.europesays.com\/es\/wp-json\/wp\/v2\/media\/508126"}],"wp:attachment":[{"href":"https:\/\/www.europesays.com\/es\/wp-json\/wp\/v2\/media?parent=508125"}],"wp:term":[{"taxonomy":"category","embeddable":true,"href":"https:\/\/www.europesays.com\/es\/wp-json\/wp\/v2\/categories?post=508125"},{"taxonomy":"post_tag","embeddable":true,"href":"https:\/\/www.europesays.com\/es\/wp-json\/wp\/v2\/tags?post=508125"}],"curies":[{"name":"wp","href":"https:\/\/api.w.org\/{rel}","templated":true}]}}