{"id":508348,"date":"2026-04-20T17:03:13","date_gmt":"2026-04-20T17:03:13","guid":{"rendered":"https:\/\/www.europesays.com\/es\/508348\/"},"modified":"2026-04-20T17:03:13","modified_gmt":"2026-04-20T17:03:13","slug":"el-manager-de-dani-fernandez-actualiza-su-estado-de-salud-tras-la-operacion-era-mas-grave-de-lo-que-pensabamos","status":"publish","type":"post","link":"https:\/\/www.europesays.com\/es\/508348\/","title":{"rendered":"El m\u00e1nager de Dani Fern\u00e1ndez actualiza su estado de salud tras la operaci\u00f3n: \u00abEra m\u00e1s grave de lo que pens\u00e1bamos\u00bb"},"content":{"rendered":"<p>Dani Fern\u00e1ndez sufri\u00f3 una aparatosa ca\u00edda en el Roig Arena de Valencia el pasado s\u00e1bado. Aunque el m\u00fasico sigui\u00f3 con la actuaci\u00f3n y salt\u00f3 de  &#8230; nuevo al escenario con el brazo en cabestrillo tras recibir atenci\u00f3n m\u00e9dica, tuvo que ser ingresado en el hospital para ser operado de urgencia. \u00abResulta que tengo rotura de ligamentos en el hombro. Me van a tener que operar y no sabemos c\u00f3mo va a ser la recuperaci\u00f3n\u00bb, explic\u00f3 en sus redes sociales.<\/p>\n<p class=\"v-p\">Tras pasar por quir\u00f3fano, este lunes ha sido su m\u00e1nager quien ha actualizado el estado de salud del cantante. \u00abHola chicos, soy Franchejo el manager de Dani. La operaci\u00f3n de esta ma\u00f1ana ha salido bien y Dani est\u00e1 recuper\u00e1ndose\u00ab, detalla. Finalmente, \u00bbera m\u00e1s grave de lo que se esperaba, pero hemos estado en las mejores manos posible y la intervenci\u00f3n ha sido un \u00e9xito\u00bb, a\u00f1ade y deja en el aire sus pr\u00f3ximas citas musicales enmarcadas en &#8216;La Insurrecci\u00f3n Tour&#8217;, donde repasa los grandes hitos de su carrera e introduce los temas de su \u00faltimo \u00e1lbum, &#8216;La Jaur\u00eda&#8217;. \u00abA todos los que nos est\u00e1is preguntando por los pr\u00f3ximos conciertos, en unas horas esperamos deciros algo m\u00e1s, ahora mismo estamos valorando la situaci\u00f3n y trabajando en ello\u00bb, expresa.<\/p>\n<p><a href=\"http:\/\/www.elcorreo.com\/gente-estilo\/dani-fernandez-rompe-ligamentos-hombro-tras-brutal-20260419105010-nt.html#vtm_modulosEngag=mod-rel:gente-estilo:noticia:1:cmp:1-not\" class=\"v-a-link\" title=\"Dani Fern\u00e1ndez se rompe los ligamentos de un hombro tras una brutal ca\u00edda en pleno concierto y sale de nuevo a cantar\" rel=\"nofollow noopener\" target=\"_blank\"><br \/>\n<img decoding=\"async\" loading=\"lazy\" src=\"https:\/\/www.europesays.com\/es\/wp-content\/uploads\/2026\/04\/fernandez-caida-kX9E--1200x840@El Correo.PNG\" class=\"v-a-img\" width=\"258\" height=\"180\" alt=\"Dani Fern\u00e1ndez se rompe los ligamentos de un hombro tras una brutal ca\u00edda en pleno concierto y sale de nuevo a cantar\"\/><\/p>\n<p><\/a><\/p>\n<p class=\"v-p\">El pr\u00f3ximo concierto tendr\u00eda lugar este s\u00e1bado 25 de abril en el Navarra Arena de Pamplona. La gira pasa tambi\u00e9n por A Coru\u00f1a, Avil\u00e9s, Ciudad de M\u00e9xico, Murcia, Granada, Sevilla, Fuengirola, Santander, Pontevedra, Albacete y termina con tres conciertos en Madrid. Adem\u00e1s, el cantante tiene previsto participar en la pr\u00f3xima edici\u00f3n del BBK Live. Su concierto est\u00e1 programado para el jueves 9 de julio.<\/p>\n","protected":false},"excerpt":{"rendered":"Dani Fern\u00e1ndez sufri\u00f3 una aparatosa ca\u00edda en el Roig Arena de Valencia el pasado s\u00e1bado. Aunque el m\u00fasico&hellip;\n","protected":false},"author":2,"featured_media":508349,"comment_status":"","ping_status":"","sticky":false,"template":"","format":"standard","meta":{"footnotes":""},"categories":[174],"tags":[7495,255,1996,146,147,981,25,24,693,256,10994,12050,12064,2885,90696,166,23,575],"class_list":["post-508348","post","type-post","status-publish","format-standard","has-post-thumbnail","category-famosos","tag-actualiza","tag-celebrities","tag-dani","tag-entertainment","tag-entretenimiento","tag-era","tag-es","tag-espana","tag-estado","tag-famosos","tag-fernandez","tag-grave","tag-manager","tag-operacion","tag-pensabamos","tag-salud","tag-spain","tag-tras"],"share_on_mastodon":{"url":"https:\/\/pubeurope.com\/@es\/116438119670308514","error":""},"_links":{"self":[{"href":"https:\/\/www.europesays.com\/es\/wp-json\/wp\/v2\/posts\/508348","targetHints":{"allow":["GET"]}}],"collection":[{"href":"https:\/\/www.europesays.com\/es\/wp-json\/wp\/v2\/posts"}],"about":[{"href":"https:\/\/www.europesays.com\/es\/wp-json\/wp\/v2\/types\/post"}],"author":[{"embeddable":true,"href":"https:\/\/www.europesays.com\/es\/wp-json\/wp\/v2\/users\/2"}],"replies":[{"embeddable":true,"href":"https:\/\/www.europesays.com\/es\/wp-json\/wp\/v2\/comments?post=508348"}],"version-history":[{"count":0,"href":"https:\/\/www.europesays.com\/es\/wp-json\/wp\/v2\/posts\/508348\/revisions"}],"wp:featuredmedia":[{"embeddable":true,"href":"https:\/\/www.europesays.com\/es\/wp-json\/wp\/v2\/media\/508349"}],"wp:attachment":[{"href":"https:\/\/www.europesays.com\/es\/wp-json\/wp\/v2\/media?parent=508348"}],"wp:term":[{"taxonomy":"category","embeddable":true,"href":"https:\/\/www.europesays.com\/es\/wp-json\/wp\/v2\/categories?post=508348"},{"taxonomy":"post_tag","embeddable":true,"href":"https:\/\/www.europesays.com\/es\/wp-json\/wp\/v2\/tags?post=508348"}],"curies":[{"name":"wp","href":"https:\/\/api.w.org\/{rel}","templated":true}]}}