{"id":508672,"date":"2026-04-20T21:02:15","date_gmt":"2026-04-20T21:02:15","guid":{"rendered":"https:\/\/www.europesays.com\/es\/508672\/"},"modified":"2026-04-20T21:02:15","modified_gmt":"2026-04-20T21:02:15","slug":"daniel-radcliffe-elige-la-pelicula-de-harry-potter-que-menos-le-gusta-es-por-mi-no-es-por-la-pelicula-noticias-de-cine","status":"publish","type":"post","link":"https:\/\/www.europesays.com\/es\/508672\/","title":{"rendered":"Daniel Radcliffe elige la pel\u00edcula de &#8216;Harry Potter&#8217; que menos le gusta: \u00abEs por m\u00ed. No es por la pel\u00edcula\u00bb &#8211; Noticias de cine"},"content":{"rendered":"<p>El actor tambi\u00e9n ha destacado la entrega de la saga de fantas\u00eda que se ha convertido en su favorita<\/p>\n<p class=\"bo-p\">Puede ser dif\u00edcil, incluso para los fans de <b>Harry Potter<\/b>, elegir la mejor y la peor pel\u00edcula de la saga. Imagina si, encima, esos filmes tienen un valor sentimental mucho m\u00e1s grande para ti porque, b\u00e1sicamente, los protagonizaste. A eso ha tenido que enfrentarse <a href=\"https:\/\/www.sensacine.com\/actores\/actor-61009\/\" class=\"bo-link\" rel=\"nofollow noopener\" target=\"_blank\">Daniel Radcliffe<\/a>, que ha elegido su entrega favorita y la que menos lo es de la franquicia de fantas\u00eda.<\/p>\n<p class=\"bo-p\">El actor, que dio vida a Harry Potter a lo largo de las ocho entregas de la saga, ha tomado la decisi\u00f3n en el podcast Happy Sad Confused. El presentador le ha ido diciendo los t\u00edtulos de dos en dos y ha tenido que decantarse por uno y, despu\u00e9s, los seleccionados compet\u00edan entre s\u00ed hasta resultar en un \u00fanico vencedor. Antes de comenzar, Radcliffe ha adelantado que <a href=\"https:\/\/www.sensacine.com\/peliculas\/pelicula-134925\/\" class=\"bo-link\" rel=\"nofollow noopener\" target=\"_blank\">Las Reliquias de la Muerte: Parte 2<\/a> (2011) iba a ganar. <b>\u00abEs mi favorita de todas\u00bb<\/b>, afirma.<\/p>\n<p class=\"bo-p\">Cuando ha tenido que elegir entre <a href=\"https:\/\/www.sensacine.com\/peliculas\/pelicula-58608\/\" class=\"bo-link\" rel=\"nofollow noopener\" target=\"_blank\">La Orden del F\u00e9nix<\/a> (2007) y <a href=\"https:\/\/www.sensacine.com\/peliculas\/pelicula-116305\/\" class=\"bo-link\" rel=\"nofollow noopener\" target=\"_blank\">El misterio del pr\u00edncipe<\/a> (2009), el actor ha destacado que la segunda es la que menos le gusta de todas. \u00abLa Orden del F\u00e9nix, sin duda\u00bb, dice sobre su favorita de las dos. <b>\u00ab<\/b><b>El misterio del pr\u00edncipe<\/b><b> es, probablemente, la que menos me gusta. Es por m\u00ed. No es por la pel\u00edcula\u00bb<\/b>.<\/p>\n<p>    <a class=\"cms-see-also\" data-title=\"Link relacionado\" href=\"https:\/\/www.sensacine.com\/noticias\/series\/noticia-1000196615\/\" rel=\"nofollow noopener\" target=\"_blank\">Me puse a ver el tr\u00e1iler de &#8216;Harry Potter&#8217; con mucha ilusi\u00f3n, pero termin\u00e9 desencantada: sin la m\u00fasica de John Williams ha perdido gran parte de su magia<\/a><br \/>\nLas favoritas de Daniel Radcliffe<\/p>\n<p>                                <img loading=\"lazy\" decoding=\"async\" class=\"article-figure-img\" daniel=\"\" radcliffe=\"\" y=\"\" ralph=\"\" fiennes=\"\" como=\"\" harry=\"\" potter=\"\" voldemort=\"\" en=\"\" reliquias=\"\" de=\"\" la=\"\" muerte:=\"\" parte=\"\" src=\"https:\/\/www.europesays.com\/es\/wp-content\/uploads\/2026\/04\/3084a0df27535645c63c692b4f609f47.jpg\" width=\"640\" height=\"320\" alt=\"Daniel Radcliffe y Ralph Fiennes como Harry Potter y Voldemort en 'Las Reliquias de la Muerte: Parte 2'\"\/><\/p>\n<p>                                    Warner Bros.<\/p>\n<p>                    Daniel Radcliffe y Ralph Fiennes como Harry Potter y Voldemort en &#8216;Las Reliquias de la Muerte: Parte 2&#8217;<\/p>\n<p class=\"bo-p\">La batalla final ha sido entre Las Reliquias de la Muerte: Parte 2 y <a href=\"https:\/\/www.sensacine.com\/peliculas\/pelicula-53756\/\" class=\"bo-link\" rel=\"nofollow noopener\" target=\"_blank\">El C\u00e1liz de Fuego<\/a> (2005), quedando la primera como la gran vencedora, tal y como hab\u00eda adelantado el actor. \u00abEstoy fascinado. No lo habr\u00eda dicho ahora si hubi\u00e9ramos&#8230; interesante\u00bb, confiesa Radcliffe. \u00ab<b>No creo que supiera que <\/b><b>El C\u00e1liz de Fuego<\/b><b> se convertir\u00eda en mi segunda pel\u00edcula favorita<\/b>. Aunque habr\u00eda sobrevivido si las circunstancias hubieran sido diferentes. Habr\u00eda tomado otro rumbo\u00bb.<\/p>\n<p class=\"bo-p\">Radcliffe tambi\u00e9n record\u00f3 con cari\u00f1o <a href=\"https:\/\/www.sensacine.com\/peliculas\/pelicula-41245\/\" class=\"bo-link\" rel=\"nofollow noopener\" target=\"_blank\">La c\u00e1mara secreta<\/a> (2002). <b>\u00abMe encanta el basilisco\u00bb<\/b>, afirma. El actor ha pedido clemencia a los fans por elegir El C\u00e1liz de Fuego en lugar de <a href=\"https:\/\/www.sensacine.com\/peliculas\/pelicula-46865\/\" class=\"bo-link\" rel=\"nofollow noopener\" target=\"_blank\">El prisionero de Azkaban<\/a> (2004). \u00abS\u00e9 que todos quieren que diga Azkaban. S\u00e9 que todos piensan lo mismo, pero me encant\u00f3 el trabajo que hice en la cuarta pel\u00edcula\u00bb, concluye.<\/p>\n<p class=\"bo-p\">La historia del mago creado por <a href=\"https:\/\/www.sensacine.com\/actores\/actor-68219\/\" class=\"bo-link\" rel=\"nofollow noopener\" target=\"_blank\">J.K. Rowling<\/a> vuelve a la vida con la serie <a href=\"https:\/\/www.sensacine.com\/series\/serie-28244\/\" class=\"bo-link\" rel=\"nofollow noopener\" target=\"_blank\">Harry Potter<\/a> que prepara <a href=\"https:\/\/www.sensacine.com\/streaming\/hbo-max\/\" class=\"bo-link\" rel=\"nofollow noopener\" target=\"_blank\">HBO Max<\/a>. La primera temporada se estrena esta Navidad. <\/p>\n","protected":false},"excerpt":{"rendered":"El actor tambi\u00e9n ha destacado la entrega de la saga de fantas\u00eda que se ha convertido en su&hellip;\n","protected":false},"author":2,"featured_media":508673,"comment_status":"","ping_status":"","sticky":false,"template":"","format":"standard","meta":{"footnotes":""},"categories":[169],"tags":[177,101378,146,147,25,24,10962,176,101379,175,23],"class_list":["post-508672","post","type-post","status-publish","format-standard","has-post-thumbnail","category-cine","tag-cine","tag-daniel_radcliffe","tag-entertainment","tag-entretenimiento","tag-es","tag-espana","tag-fantasia","tag-film","tag-harry_potter","tag-movies","tag-spain"],"share_on_mastodon":{"url":"https:\/\/pubeurope.com\/@es\/116439059517068065","error":""},"_links":{"self":[{"href":"https:\/\/www.europesays.com\/es\/wp-json\/wp\/v2\/posts\/508672","targetHints":{"allow":["GET"]}}],"collection":[{"href":"https:\/\/www.europesays.com\/es\/wp-json\/wp\/v2\/posts"}],"about":[{"href":"https:\/\/www.europesays.com\/es\/wp-json\/wp\/v2\/types\/post"}],"author":[{"embeddable":true,"href":"https:\/\/www.europesays.com\/es\/wp-json\/wp\/v2\/users\/2"}],"replies":[{"embeddable":true,"href":"https:\/\/www.europesays.com\/es\/wp-json\/wp\/v2\/comments?post=508672"}],"version-history":[{"count":0,"href":"https:\/\/www.europesays.com\/es\/wp-json\/wp\/v2\/posts\/508672\/revisions"}],"wp:featuredmedia":[{"embeddable":true,"href":"https:\/\/www.europesays.com\/es\/wp-json\/wp\/v2\/media\/508673"}],"wp:attachment":[{"href":"https:\/\/www.europesays.com\/es\/wp-json\/wp\/v2\/media?parent=508672"}],"wp:term":[{"taxonomy":"category","embeddable":true,"href":"https:\/\/www.europesays.com\/es\/wp-json\/wp\/v2\/categories?post=508672"},{"taxonomy":"post_tag","embeddable":true,"href":"https:\/\/www.europesays.com\/es\/wp-json\/wp\/v2\/tags?post=508672"}],"curies":[{"name":"wp","href":"https:\/\/api.w.org\/{rel}","templated":true}]}}