{"id":5088,"date":"2025-07-26T17:02:10","date_gmt":"2025-07-26T17:02:10","guid":{"rendered":"https:\/\/www.europesays.com\/es\/5088\/"},"modified":"2025-07-26T17:02:10","modified_gmt":"2025-07-26T17:02:10","slug":"cucho-hernandez-afina-la-punteria-en-apenas-diez-minutos","status":"publish","type":"post","link":"https:\/\/www.europesays.com\/es\/5088\/","title":{"rendered":"Cucho Hern\u00e1ndez afina la punter\u00eda en apenas diez minutos"},"content":{"rendered":"<p>El delantero del Betis disputa sus primeros minutos de pretemporada viendo porter\u00eda en el partido ante el C\u00f3rdoba<\/p>\n<p><img fetchpriority=\"high\" class=\"voc-img\" src=\"https:\/\/www.europesays.com\/es\/wp-content\/uploads\/2025\/07\/cucho-cordoba-gol-ep-R0lkeDk0UwuoTEPp5N6pOtI-1200x840@diario_abc.jpg\" loading=\"eager\" decoding=\"async\" alt=\"Cucho Hern\u00e1ndez celebra el gol marcado en el C\u00f3rdoba-Betis\" width=\"1200\" height=\"840\"\/><\/p>\n<p>Cucho Hern\u00e1ndez celebra el gol marcado en el C\u00f3rdoba-Betis    ep  <\/p>\n<p><img decoding=\"async\" class=\"voc-author__img\" src=\"https:\/\/www.europesays.com\/es\/wp-content\/uploads\/2025\/07\/autor-3500-foto-3.png\" alt=\"Juan Arbide\"\/><\/p>\n<p>26\/07\/2025<br \/>\n<br \/><strong><br \/>\nActualizado a las 18:44h.<br \/>\n<\/strong><\/p>\n<p class=\"voc-p\" style=\"\">Jornada de regresos en el <strong>Betis<\/strong>. El amistoso disputado este viernes ante el C\u00f3rdoba dej\u00f3, por ejemplo, el debut de <strong>\u00c1lvaro Valles, Pau L\u00f3pez y Rodrigo Riquelme<\/strong>, fichajes del equipo b\u00e9tico en este mercado veraniego. Y el partido correspondiente al Trofeo Puertas de C\u00f3rdoba, que termin\u00f3 con el triunfo del Betis por 3-4, signific\u00f3 tambi\u00e9n la vuelta a las alineaciones de futbolistas que hab\u00edan iniciado la pretemporada unos d\u00edas despu\u00e9s que el grupo dirigido por Manuel Pellegrini.<\/p>\n<p class=\"voc-p\" style=\"\">As\u00ed, <strong>Ricardo Rodr\u00edguez, Isco, Lo Celso y Cucho Hern\u00e1ndez<\/strong>, que el lunes 14 de julio pasaron las habituales pruebas m\u00e9dicas y que a continuaci\u00f3n se incorporaron al grupo de futbolistas que estaba en Portugal, tuvieron este viernes sus primeros minutos en el calendario de amistosos de pretemporada.<\/p>\n<p class=\"voc-p\" style=\"\">Los cuatro fueron titulares y estuvieron en el c\u00e9sped algo m\u00e1s de una hora. Poco tiempo tard\u00f3 en dejar su sello el delantero colombiano. Apenas se hab\u00edan disputado diez minutos del primer tiempo cuando Cucho Hern\u00e1ndez defini\u00f3 para superar a Carlos Mar\u00edn y hacer el<strong> primer gol del encuentro<\/strong>. Poco antes se qued\u00f3 muy cerca de llegar a un centro desde la izquierda de Riquelme, ocasi\u00f3n en la que finalmente el delantero no lleg\u00f3 a encontrar el bal\u00f3n.<\/p>\n<p class=\"voc-p\" style=\"\">El delantero colombiano lleg\u00f3 en el mercado invernal de la pasada temporada, firm\u00f3 un contrato hasta junio de 2030 y ahora afronta el primer inicio de curso con el equipo b\u00e9tico. Cucho Hern\u00e1ndez mostr\u00f3 acierto en el arranque de su etapa como futbolista verdiblanco. No pudo ser inscrito en Conference League de modo que su participaci\u00f3n qued\u00f3 centrada en el campeonato de Primera divisi\u00f3n. Jug\u00f3 15 partidos y marc\u00f3 cinco goles, entre ellos los que decidieron el marcador en los triunfos consecutivos del Betis ante el Legan\u00e9s (2-3) y Sevilla (2-1). <\/p>\n<p class=\"voc-p\" style=\"\">En el minuto 64 del amistoso de este viernes ante el C\u00f3rdoba, Cucho Hern\u00e1ndez fue sustituido por Bakambu, autor de los dos siguientes goles del equipo b\u00e9tico en el partido. <\/p>\n<p>Reportar un error<\/p>\n","protected":false},"excerpt":{"rendered":"El delantero del Betis disputa sus primeros minutos de pretemporada viendo porter\u00eda en el partido ante el C\u00f3rdoba&hellip;\n","protected":false},"author":2,"featured_media":5089,"comment_status":"","ping_status":"","sticky":false,"template":"","format":"standard","meta":{"footnotes":""},"categories":[268],"tags":[4505,4507,4503,168,1630,25,24,280,282,4504,1264,4506,281,23,167],"class_list":{"0":"post-5088","1":"post","2":"type-post","3":"status-publish","4":"format-standard","5":"has-post-thumbnail","7":"category-futbol","8":"tag-afina","9":"tag-apenas","10":"tag-cucho","11":"tag-deportes","12":"tag-diez","13":"tag-es","14":"tag-espana","15":"tag-football","16":"tag-futbol","17":"tag-hernandez","18":"tag-minutos","19":"tag-punteria","20":"tag-soccer","21":"tag-spain","22":"tag-sports"},"share_on_mastodon":{"url":"","error":""},"_links":{"self":[{"href":"https:\/\/www.europesays.com\/es\/wp-json\/wp\/v2\/posts\/5088","targetHints":{"allow":["GET"]}}],"collection":[{"href":"https:\/\/www.europesays.com\/es\/wp-json\/wp\/v2\/posts"}],"about":[{"href":"https:\/\/www.europesays.com\/es\/wp-json\/wp\/v2\/types\/post"}],"author":[{"embeddable":true,"href":"https:\/\/www.europesays.com\/es\/wp-json\/wp\/v2\/users\/2"}],"replies":[{"embeddable":true,"href":"https:\/\/www.europesays.com\/es\/wp-json\/wp\/v2\/comments?post=5088"}],"version-history":[{"count":0,"href":"https:\/\/www.europesays.com\/es\/wp-json\/wp\/v2\/posts\/5088\/revisions"}],"wp:featuredmedia":[{"embeddable":true,"href":"https:\/\/www.europesays.com\/es\/wp-json\/wp\/v2\/media\/5089"}],"wp:attachment":[{"href":"https:\/\/www.europesays.com\/es\/wp-json\/wp\/v2\/media?parent=5088"}],"wp:term":[{"taxonomy":"category","embeddable":true,"href":"https:\/\/www.europesays.com\/es\/wp-json\/wp\/v2\/categories?post=5088"},{"taxonomy":"post_tag","embeddable":true,"href":"https:\/\/www.europesays.com\/es\/wp-json\/wp\/v2\/tags?post=5088"}],"curies":[{"name":"wp","href":"https:\/\/api.w.org\/{rel}","templated":true}]}}