{"id":50884,"date":"2025-08-16T07:14:21","date_gmt":"2025-08-16T07:14:21","guid":{"rendered":"https:\/\/www.europesays.com\/es\/50884\/"},"modified":"2025-08-16T07:14:21","modified_gmt":"2025-08-16T07:14:21","slug":"su-estilo-iconico-y-provocador-a-los-67-anos","status":"publish","type":"post","link":"https:\/\/www.europesays.com\/es\/50884\/","title":{"rendered":"su estilo ic\u00f3nico y provocador a los 67 a\u00f1os"},"content":{"rendered":"<p id=\"e5BzpoKdbKti\" data-wc=\"113\">Es la reina indiscutible del pop. Y canciones como Like a Virgin (1984), Like a Prayer (1989) o Hung Up (2005) as\u00ed lo corroboran. Ahora, <strong>Madonna<\/strong>, natural de Michigan (Estados Unidos) y <a class=\"hm-link\" href=\"https:\/\/www.hola.com\/actualidad\/20250617838606\/papa-leon-xiv-parentesco-madonna-justin-bieber\/\" data-mrf-recirculation=\"article-body-link\" rel=\"nofollow noopener\" target=\"_blank\">emparentada con el Papa Le\u00f3n XIV<\/a>, est\u00e1 de celebraci\u00f3n, pues <strong>cumple 67 a\u00f1os<\/strong> este 16 de agosto de 2025. Por ello, queremos rendir un homenaje a esta mujer que, a pesar de <a class=\"hm-link\" href=\"https:\/\/www.hola.com\/actualidad\/20241204733854\/madonna-reflexiona-sobre-momento-mas-triste\/\" data-mrf-recirculation=\"article-body-link\" rel=\"nofollow noopener\" target=\"_blank\">un 2024 dif\u00edcil<\/a>, llena estadios, rompe las pistas de baile y lucha por la igualdad de g\u00e9nero y los derechos de la comunidad LGTBIQ+. De ah\u00ed, que, en esta galer\u00eda fotogr\u00e1fica, recopilemos <strong>sus looks m\u00e1s memorables<\/strong> con los que se ha convertido en <strong>la diva m\u00e1s inspiradora e ic\u00f3nica<\/strong>.<\/p>\n<p>118<\/p>\n<p>  <img src=\"https:\/\/www.europesays.com\/es\/wp-content\/uploads\/2025\/08\/4e8033913858-gettyimages-2213618461.jpg\"   width=\"682\" height=\"1024\" loading=\"lazy\" decoding=\"async\" alt=\"Madonna\" fetchpriority=\"auto\" class=\"image ho-image\"\/>\u00a9 Getty Images<\/p>\n<p> La fiesta de moda a la que no puede faltar<\/p>\n<p id=\"eeIVtXLv_36\">A gran fiesta de la moda que es la Gala MET, no pod\u00eda faltar un icono como Madonna. A ella, ha acudido en varias ocasiones y, en 2025, se ci\u00f1\u00f3 a la <a class=\"hm-link\" href=\"https:\/\/www.hola.com\/moda\/20250506830450\/met-gala-2025-mejores-looks-alfombra-roja\/\" data-mrf-recirculation=\"article-body-link\" rel=\"nofollow noopener\" target=\"_blank\"><strong>est\u00e9tica dandy que imper\u00f3 en esta celebraci\u00f3n<\/strong><\/a>. Lo hizo con un look en blanco de corte masculino y brillo nacarado, de Haider Ackermann para Tom Ford.<\/p>\n<p>218<\/p>\n<p>  <img src=\"https:\/\/www.europesays.com\/es\/wp-content\/uploads\/2025\/08\/3b7cfe8313a3-madonna-gira-looks-13-a.jpg\"   width=\"682\" height=\"1024\" loading=\"lazy\" decoding=\"async\" alt=\"madonna gira looks 13\" fetchpriority=\"auto\" class=\"image ho-image\"\/>\u00a9 Getty Images<\/p>\n<p> Los lookazos de su \u00faltima gira<\/p>\n<p id=\"ebzU9IJdS6rK\">En 2023, Madonna se embarc\u00f3 en <a class=\"hm-link\" href=\"https:\/\/www.hola.com\/moda\/tendencias\/20231016241822\/madonna-the-celebration-world-tour-looks-vestuario\/\" data-mrf-recirculation=\"article-body-link\" rel=\"nofollow noopener\" target=\"_blank\"><strong>la gira\u00a0The Celebration World Tour<\/strong><\/a> y demostr\u00f3 que, sin importar el tiempo que pase, sigue siendo un icono de estilo. Entre sus impactantes estilismos de concierto, encontramos este mono metalizado, de Versace, que recrea el efecto visual de un espejo roto. Lo conjunt\u00f3 con botines plateados, de Prada.\u00a0<\/p>\n<p>318<\/p>\n<p>  <img src=\"https:\/\/www.europesays.com\/es\/wp-content\/uploads\/2025\/08\/c521d2d113bf-madonna-gira-looks-10-a.jpg\"   width=\"1024\" height=\"1024\" loading=\"lazy\" decoding=\"async\" alt=\"madonna gira looks 10\" fetchpriority=\"auto\" class=\"image ho-image\"\/>\u00a9 Getty Images<\/p>\n<p> Tan\u00a0sexy como siempre<\/p>\n<p id=\"eDtydq79d2UZ\">En referencia al videoclip de\u00a0Like A Prayer, la artista escogi\u00f3 para su concierto de Barcelona un lencero rojo con detalles de encaje negro, de la marca In-House, que complet\u00f3 con unas botas altas de boxeo, de Miu Miu. A sus 65 a\u00f1os, dej\u00f3 claro que la sensualidad es un elemento irrevocable en su registro.<\/p>\n<p> <img src=\"https:\/\/www.europesays.com\/es\/wp-content\/uploads\/2025\/08\/1632d931ac60-madonna-16a-a.jpg\"   width=\"667\" height=\"1024\" loading=\"lazy\" decoding=\"async\" alt=\"madonna 16a\" fetchpriority=\"auto\" class=\"image ho-image\"\/>\u00a9 Getty ImagesTotal look\u00a0negro<\/p>\n<p>El negro se ha convertido en un color comod\u00edn para Madonna estos \u00faltimos a\u00f1os. Ahora suele llevarlo de pies a cabeza, sea de d\u00eda o de noche. Un ejemplo de ello es este look que le vimos en abril de 2022, cuando el anterior director creativo de <strong>Burberry<\/strong>, <strong>Ricardo Tisci,\u00a0<\/strong>organiz\u00f3 un evento en Los \u00c1ngeles para celebrar el ic\u00f3nico bolso Lola\u00a0de la marca.\u00a0<\/p>\n<p> <img src=\"https:\/\/www.europesays.com\/es\/wp-content\/uploads\/2025\/08\/bd7941707cbe-madonna-1a-a.jpg\"   width=\"687\" height=\"1024\" loading=\"lazy\" decoding=\"async\" alt=\"madonna 1a\" fetchpriority=\"auto\" class=\"image ho-image\"\/>\u00a9 Getty ImagesUna novia Punk<\/p>\n<p>En septiembre de 1984, un momento ic\u00f3nico qued\u00f3 grabado en la memoria de todos cuando <strong>Madonna\u00a0<\/strong>se present\u00f3 en los premios MTV para interpretar <strong>Like a Virgin.<\/strong> La actuaci\u00f3n, considerada <strong>escandalosa\u00a0<\/strong>por muchos, se convirti\u00f3 en un momento ic\u00f3nico en la historia del pop. Desafiando la tradicional pureza del vestido blanco, la cantante luci\u00f3 un atrevido conjunto que combinaba una parte superior estilo cors\u00e9 con una trasl\u00facida falda de tul. <\/p>\n<p> <img src=\"https:\/\/www.europesays.com\/es\/wp-content\/uploads\/2025\/08\/a186618f3a3d-madonna-8a-a.jpg\"   width=\"679\" height=\"1024\" loading=\"lazy\" decoding=\"async\" alt=\"madonna 8a\" fetchpriority=\"auto\" class=\"image ho-image\"\/>\u00a9 Getty ImagesLa actriz m\u00e1s glamurosa<\/p>\n<p><strong>Madonna\u00a0<\/strong>no se limit\u00f3 al \u00e1mbito musical, sino que tambi\u00e9n se adentr\u00f3 en el mundo cinematogr\u00e1fico, participando en pel\u00edculas como\u00a0<strong>Buscando a Susan desesperadamente.<\/strong><strong>\u00a0<\/strong>Esta producci\u00f3n recibi\u00f3 numerosos aplausos por sus estilismos, los cuales estaban fuertemente influenciados por el estilo de la cantante. Para el estreno de la pel\u00edcula en 1985, la protagonista luci\u00f3 un rompedor vestido blanco, complementado con un glamuroso abrigo de pelo y collares de perlas.\n<\/p>\n<p> <img src=\"https:\/\/www.europesays.com\/es\/wp-content\/uploads\/2025\/08\/bb11838771b1-madonna-2a-a.jpg\"   width=\"718\" height=\"1024\" loading=\"lazy\" decoding=\"async\" alt=\"madonna 2a\" fetchpriority=\"auto\" class=\"image ho-image\"\/>\u00a9 Getty ImagesEl cors\u00e9 m\u00e1s ic\u00f3nico de la historia del pop<\/p>\n<p><strong><a href=\"https:\/\/www.hola.com\/moda\/pasarelas\/galeria\/20230706235268\/jean-paul-gaultier-alta-costura-otono-invierno-2023-2024-desfile\/1\/\" rel=\"nofollow noopener\" target=\"_blank\">Jean Paul Gaultier<\/a> <\/strong>y <strong>Madonna <\/strong>comparten un mutuo respeto y admiraci\u00f3n que se ha podido comprobar en la amplia cantidad de <strong>estilismos Gaultier<\/strong> que la cantante ha lucido. Para la gira del \u00e1lbum<strong> Blonde Ambition\u00a0en 1990,<\/strong> el dise\u00f1ador cre\u00f3 el <strong>ic\u00f3nico cors\u00e9\u00a0<\/strong>que, con el tiempo, se convertir\u00eda en un <strong>\u00edcono indiscutible de la moda contempor\u00e1nea.<\/strong> Destacaba por su<strong> copa c\u00f3nica,<\/strong>\u00a0un motivo que se ha repetido en varios de los desfiles de Gaultier a lo largo de los a\u00f1os.<\/p>\n<p>&#8211;\u00a0<strong><a href=\"https:\/\/www.hola.com\/moda\/tendencias\/20230206225886\/lourdes-leon-madonna-premios-grammy-2023-look\/\" rel=\"nofollow noopener\" target=\"_blank\">Lourdes Leon, heredera de estilo de Madonna con un cors\u00e9 y su cruz de diamantes<\/a><\/strong><\/p>\n<p> <img src=\"https:\/\/www.europesays.com\/es\/wp-content\/uploads\/2025\/08\/c39f7450f26c-madonna-5a-a.jpg\"   width=\"731\" height=\"1024\" loading=\"lazy\" decoding=\"async\" alt=\"madonna 5a\" fetchpriority=\"auto\" class=\"image ho-image\"\/>\u00a9 Getty ImagesCon lentejuelas para Gaultier<\/p>\n<p>La estrecha relaci\u00f3n entre ambos artistas tambi\u00e9n era evidente en la frecuente colaboraci\u00f3n de <strong><a href=\"https:\/\/www.hola.com\/actualidad\/20230301227354\/madonna-muestra-primeros-ensayos-gira-mundial\/\" rel=\"nofollow noopener\" target=\"_blank\">Madonna\u00a0<\/a><\/strong>en los desfiles de<strong>\u00a0Jean Paul Gaultier.\u00a0<\/strong>En 1995, la cantante deslumbr\u00f3 con un espectacular dise\u00f1o de la colecci\u00f3n Primavera\/Verano de la casa. El vestido era transl\u00facido y se complementaba con un chaleco de lentejuelas doradas, todo coronado por un elegante ramo de Anthurium blanco.\n<\/p>\n<p> <img src=\"https:\/\/www.europesays.com\/es\/wp-content\/uploads\/2025\/08\/3d44f85daf06-madonna-4a-a.jpg\"   width=\"674\" height=\"1024\" loading=\"lazy\" decoding=\"async\" alt=\"madonna 4a\" fetchpriority=\"auto\" class=\"image ho-image\"\/>\u00a9 Getty ImagesEl dise\u00f1o m\u00e1s vibrante<\/p>\n<p>El 23 de octubre de 1998, Madonna acudi\u00f3 a los <strong>VH1 Fashion Awards,<\/strong> donde no solo cautiv\u00f3 al p\u00fablico con su interpretaci\u00f3n de The Power of Good-Bye, sino que tambi\u00e9n recibi\u00f3 el prestigioso\u00a0<strong>Premio Tributo a Gianni Versace.<\/strong><strong>\u00a0<\/strong>Para tan especial ocasi\u00f3n, la estrella luci\u00f3 un espectacular vestido <a href=\"https:\/\/www.hola.com\/moda\/tendencias\/20210529190403\/como-llevar-amarillo-looks-verano-ideas\/\" rel=\"nofollow noopener\" target=\"_blank\"><strong>amarillo\u00a0<\/strong><\/a>cortes\u00eda de Olivier Theyskens, el cual fue seleccionado por la talentosa estilista Arianne Phillips. <\/p>\n<p> <img src=\"https:\/\/www.europesays.com\/es\/wp-content\/uploads\/2025\/08\/0b4c740747d4-madonna-6a-a.jpg\"   width=\"690\" height=\"1024\" loading=\"lazy\" decoding=\"async\" alt=\"madonna 6a\" fetchpriority=\"auto\" class=\"image ho-image\"\/>\u00a9 Getty Images\u200b\u200b\u200b\u200bInspiraci\u00f3n cowboy<\/p>\n<p>Para los premios <strong>MTV del a\u00f1o 2000,<\/strong> la cantante opt\u00f3 por un <strong><a href=\"https:\/\/www.hola.com\/novias\/galeria\/20230618233955\/vestido-invitada-boda-rojo\/1\/\" rel=\"nofollow noopener\" target=\"_blank\">conjunto rojo<\/a>\u00a0<\/strong>que presentaba una camisa desabrochada y pantalones embellecidos con lentejuelas. Para dar el toque final de glamour, la cantante a\u00f1adi\u00f3 un cintur\u00f3n de diamantes con su inicial. <\/p>\n<p> <img src=\"https:\/\/www.europesays.com\/es\/wp-content\/uploads\/2025\/08\/c741f4d90c3c-madonna-7a-a.jpg\"   width=\"700\" height=\"1024\" loading=\"lazy\" decoding=\"async\" alt=\"madonna 7a\" fetchpriority=\"auto\" class=\"image ho-image\"\/>\u00a9 Getty ImagesEl estilismo m\u00e1s rockero<\/p>\n<p>Los conjuntos que <strong>Madonna\u00a0<\/strong>llev\u00f3 durante su exitoso tour mundial para Re-Invention recibieron grandes elogios por su estilo vanguardista y, como siempre, provocador. En junio de 2004, la cantante deslumbr\u00f3 al p\u00fablico con un conjunto que compuesto por un cors\u00e9 embellecido con brillantes,<strong>\u00a0<\/strong><a href=\"https:\/\/www.hola.com\/fashion\/tendencias\/2023032475151\/victoria-beckham-look-invitada-medias-rejilla-vestido-rosa\/\" rel=\"nofollow noopener\" target=\"_blank\"><strong>seductoras medias de rejilla<\/strong><\/a><strong>\u00a0<\/strong>y unas botas altas de corte roquero.<\/p>\n<p> <img src=\"https:\/\/www.europesays.com\/es\/wp-content\/uploads\/2025\/08\/4823ab99f4ea-madonna-10a-a.jpg\"   width=\"732\" height=\"1024\" loading=\"lazy\" decoding=\"async\" alt=\"madonna 10a\" fetchpriority=\"auto\" class=\"image ho-image\"\/>\u00a9 Getty ImagesLa gala m\u00e1s exc\u00e9ntrica<\/p>\n<p>En la Gala MET\u00a0<strong>Punk: Chaos to Couture<\/strong> (2013), Madonna apost\u00f3 por un <strong>look rompedor\u00a0<\/strong>compuesto por una blazer Givenchy con estampado tart\u00e1n y tachuelas. Complement\u00f3 el conjunto con medias de rejilla rotas y unos llamativos stilettos rosas. Una vez m\u00e1s, la reina del pop demostraba que no hab\u00eda nadie mejor que ella para interpretar el esp\u00edritu del punk.\u00a0<\/p>\n<p> <img src=\"https:\/\/www.europesays.com\/es\/wp-content\/uploads\/2025\/08\/05d1a98038db-madonna-9a-a.jpg\"   width=\"815\" height=\"1024\" loading=\"lazy\" decoding=\"async\" alt=\"madonna 9a\" fetchpriority=\"auto\" class=\"image ho-image\"\/>\u00a9 Getty ImagesAdelantada al estilo <strong>barbie<\/strong><\/p>\n<p>En los premios <strong>Billboard\u00a0<\/strong>de <strong>2016<\/strong>, Madonna opt\u00f3 por un impresionante <strong><a href=\"https:\/\/www.hola.com\/moda\/actualidad\/galeria\/20230525232617\/kate-middleton-traje-rosa-cinturon-perlas-look\/1\/\" rel=\"nofollow noopener\" target=\"_blank\">traje rosa de Prada<\/a>,<\/strong> delicadamente adornado con encaje. Complement\u00f3 su look con tacones plateados y un elegante bast\u00f3n, adem\u00e1s de lucir su <strong>cabello rizado suelto.<\/strong><\/p>\n<p> <img src=\"https:\/\/www.europesays.com\/es\/wp-content\/uploads\/2025\/08\/e07e5158d7e7-madonna-13a-a.jpg\"   width=\"682\" height=\"1024\" loading=\"lazy\" decoding=\"async\" alt=\"madonna 13a\" fetchpriority=\"auto\" class=\"image ho-image\"\/>\u00a9 Getty ImagesAcierto seguro: transparencias y latex<\/p>\n<p>Para la <strong>Gala Met Manus x Machina:\u00a0<\/strong><strong>Fashion In An Age Of Technology<\/strong>,\u00a0la cantante sorprendi\u00f3 con una elecci\u00f3n audaz: un atrevido dise\u00f1o del italiano Riccardo Tisci. Las <strong><a href=\"https:\/\/www.hola.com\/fashion\/tendencias\/2022071873765\/looks-transparencias-como-llevarlos\/\" rel=\"nofollow noopener\" target=\"_blank\">transparencias<\/a>\u00a0<\/strong>y el <strong>l\u00e1tex\u00a0<\/strong>fueron los protagonistas, causando controversia por su car\u00e1cter provocador.\u00a0<\/p>\n<p> <img src=\"https:\/\/www.europesays.com\/es\/wp-content\/uploads\/2025\/08\/090d7f375345-madonna-15a-a.jpg\"   width=\"679\" height=\"1024\" loading=\"lazy\" decoding=\"async\" alt=\"madonna 15a\" fetchpriority=\"auto\" class=\"image ho-image\"\/>\u00a9 Getty ImagesVestido camo<\/p>\n<p>Para la Gala MET de 2017,\u00a0Rei Kawakubo\/Comme des Garcons, la cantante opt\u00f3 por un ajustado vestido con <strong>estampado camuflaje<\/strong> y cola. El dise\u00f1o, cortes\u00eda de Jeremy Scott para Moschino, fue sellado por la actriz con joyer\u00eda dorada y plateada y guantes de l\u00e1tex negros.\u00a0<\/p>\n<p> <img src=\"https:\/\/www.europesays.com\/es\/wp-content\/uploads\/2025\/08\/0c63de0c2651-madonna-12a-a.jpg\"   width=\"1024\" height=\"738\" loading=\"lazy\" decoding=\"async\" alt=\"madonna 12a\" fetchpriority=\"auto\" class=\"image ho-image\"\/>\u00a9 Getty ImagesAl m\u00e1s puro estilo pirata<\/p>\n<p>En 2019, la reina del pop acudi\u00f3 a\u00a0Eurovisi\u00f3n, donde actu\u00f3 en directo como estrella invitada. Para la ocasi\u00f3n, opt\u00f3 por un cors\u00e9 de cuero dise\u00f1ado por<strong>\u00a0Jean Paul Gaultier,<\/strong> detalles estilo armadura cortes\u00eda de Rinaldi Yunardi y Laurel DeWitt y botas altas de Miu Miu. Como complementos, luci\u00f3 un parche pirata de Gregory Kara y joyer\u00eda de diamantes. <\/p>\n<p> <img src=\"https:\/\/www.europesays.com\/es\/wp-content\/uploads\/2025\/08\/36f611b3c3ac-madonna-11a-a.jpg\"   width=\"683\" height=\"1024\" loading=\"lazy\" decoding=\"async\" alt=\"madonna 11a\" fetchpriority=\"auto\" class=\"image ho-image\"\/>\u00a9 Getty ImagesInseparables treinta a\u00f1os m\u00e1s tarde<\/p>\n<p>Con joyer\u00eda de <strong>Narcisa Pheres<\/strong> y un ramo de rosas negras, Madonna acudi\u00f3, acompa\u00f1ada por su \u00edntimo amigo y dise\u00f1ador <strong>Gaultier<\/strong>, a la <strong>MET Gala\u00a0<\/strong>de <strong>2018.\u00a0<\/strong>El vestido negro con transparencias presentaba detalles <a href=\"https:\/\/www.hola.com\/fashion\/tendencias\/galeria\/2022070273682\/hourglass-vestido-aberturas-laterales-inspiracion\/9\/\" rel=\"nofollow noopener\" target=\"_blank\"><strong>cut-out\u00a0<\/strong><\/a>y tela satinada.<\/p>\n<p> <img src=\"https:\/\/www.europesays.com\/es\/wp-content\/uploads\/2025\/08\/3a0de0c1bfb6-madonna-14a-a.jpg\"   width=\"682\" height=\"1024\" loading=\"lazy\" decoding=\"async\" alt=\"madonna 14a\" fetchpriority=\"auto\" class=\"image ho-image\"\/>\u00a9 Getty ImagesCelebrando el 40\u00ba aniversario de MTV<\/p>\n<p>A sus <strong>63 a\u00f1os<\/strong>, <strong>Madonna\u00a0<\/strong>cautiv\u00f3 al p\u00fablico en los premios MTV de 2021 vestida con un <strong>provocativo body de PVC<\/strong> con <strong>hombreras\u00a0<\/strong>y<a href=\"https:\/\/www.hola.com\/fashion\/tendencias\/2022091574069\/looks-pantalon-cuero-vestido-piel-ideas\/\" rel=\"nofollow noopener\" target=\"_blank\">\u00a0<\/a><strong><a href=\"https:\/\/www.hola.com\/fashion\/tendencias\/2022091574069\/looks-pantalon-cuero-vestido-piel-ideas\/\" rel=\"nofollow noopener\" target=\"_blank\">guantes de l\u00e1tex<\/a>.<\/strong> Complet\u00f3 su conjunto con <strong>medias de rejilla<\/strong> y un<strong>\u00a0llamativo gorro de capit\u00e1n.\u00a0<\/strong><\/p>\n","protected":false},"excerpt":{"rendered":"Es la reina indiscutible del pop. Y canciones como Like a Virgin (1984), Like a Prayer (1989) o&hellip;\n","protected":false},"author":2,"featured_media":50885,"comment_status":"","ping_status":"","sticky":false,"template":"","format":"standard","meta":{"footnotes":""},"categories":[170],"tags":[1024,146,147,25,24,15547,22403,1023,184,185,23],"class_list":{"0":"post-50884","1":"post","2":"type-post","3":"status-publish","4":"format-standard","5":"has-post-thumbnail","7":"category-musica","8":"tag-actualidad-moda","9":"tag-entertainment","10":"tag-entretenimiento","11":"tag-es","12":"tag-espana","13":"tag-madonna","14":"tag-mejores-looks","15":"tag-moda","16":"tag-music","17":"tag-musica","18":"tag-spain"},"share_on_mastodon":{"url":"","error":""},"_links":{"self":[{"href":"https:\/\/www.europesays.com\/es\/wp-json\/wp\/v2\/posts\/50884","targetHints":{"allow":["GET"]}}],"collection":[{"href":"https:\/\/www.europesays.com\/es\/wp-json\/wp\/v2\/posts"}],"about":[{"href":"https:\/\/www.europesays.com\/es\/wp-json\/wp\/v2\/types\/post"}],"author":[{"embeddable":true,"href":"https:\/\/www.europesays.com\/es\/wp-json\/wp\/v2\/users\/2"}],"replies":[{"embeddable":true,"href":"https:\/\/www.europesays.com\/es\/wp-json\/wp\/v2\/comments?post=50884"}],"version-history":[{"count":0,"href":"https:\/\/www.europesays.com\/es\/wp-json\/wp\/v2\/posts\/50884\/revisions"}],"wp:featuredmedia":[{"embeddable":true,"href":"https:\/\/www.europesays.com\/es\/wp-json\/wp\/v2\/media\/50885"}],"wp:attachment":[{"href":"https:\/\/www.europesays.com\/es\/wp-json\/wp\/v2\/media?parent=50884"}],"wp:term":[{"taxonomy":"category","embeddable":true,"href":"https:\/\/www.europesays.com\/es\/wp-json\/wp\/v2\/categories?post=50884"},{"taxonomy":"post_tag","embeddable":true,"href":"https:\/\/www.europesays.com\/es\/wp-json\/wp\/v2\/tags?post=50884"}],"curies":[{"name":"wp","href":"https:\/\/api.w.org\/{rel}","templated":true}]}}