{"id":50886,"date":"2025-08-16T07:15:07","date_gmt":"2025-08-16T07:15:07","guid":{"rendered":"https:\/\/www.europesays.com\/es\/50886\/"},"modified":"2025-08-16T07:15:07","modified_gmt":"2025-08-16T07:15:07","slug":"el-emotivo-reencuentro-de-los-ninos-de-las-cronicas-de-narnia-asi-han-cambiado-sus-protagonistas-20minutos","status":"publish","type":"post","link":"https:\/\/www.europesays.com\/es\/50886\/","title":{"rendered":"El emotivo reencuentro de los ni\u00f1os de &#039;Las cr\u00f3nicas de Narnia&#039;: as\u00ed han cambiado sus protagonistas &#8211; 20Minutos"},"content":{"rendered":"<ol>\n<li><a href=\"https:\/\/news.google.com\/rss\/articles\/CBMiwAFBVV95cUxQX2tuUWxCMm5uTVBpSVF2cmxBY2NuclRSZmNrLTFoWnYxTlQwbWhtRWhhcXY2LUFZUnRDNVpUZElZeHI4UFlBNm9NRElEMzhxTXdHS3cwSVJMMnZTc05DNlhqdFBQX2MzcExXMDl6NlY2UjZyMG4xcHhxUU1LSkN1NklxUDVPSi1sQWg4MkFUcGtybGE4ZG16NjVaZDBoS05VdDI3Z3ZZRVNOeWFNZDRFWVJHYTlJcXFkNk5GbWxySWM?oc=5\" target=\"_blank\" rel=\"nofollow noopener\">El emotivo reencuentro de los ni\u00f1os de &#8216;Las cr\u00f3nicas de Narnia&#8217;: as\u00ed han cambiado sus protagonistas<\/a>&nbsp;&nbsp;20Minutos<\/li>\n<li><a href=\"https:\/\/news.google.com\/rss\/articles\/CBMi4wFBVV95cUxNaEp4cWNWUTd5TmIySGhIODl2QnpxOS1tODNIMFJYVjUyelh4d3Q1WU9zU1VmdWp6LXBlTGc4RE1zTUx2bzIwWHp2YlU5U0tEb2tIdVJxcW8xeDRJN01Ra0w2TTNUTjBleHhvR2dlOElMMUxUcUlLSWl0Q2tpU1NLUFp1cWdZUm45MnJFWmhqVUZGYnk5bWVHODVtQllxd0Q5UU1KemZoZ0YxR09DODd4UDFUOFJneHFjd21teUE5TjhMcjM3cDQ3MnhjaU1VSzZCN0plcF9mZDZyMnpfMnlVVl80TdIB6AFBVV95cUxQb1FIY05udkUtRlVEaW5oR01BSE9nOC0xUE9vaTdtRHdpa3h5NkhRdUJqcW1OVmY1elc3bXl2bDJSanpmRjNfWk5idHkwZVRlWkgtb0M4d0ZnQmhJSXJPV0pmY182RjVackhOUUN1elA2M0lMM2NXWW90X1ExUFZqQ09DRkRRbEZYSWFVZmdHS0ZMMS1MNktNUnU4TE5tN3phN3NIV3lkYUxhME1MeTJSMVozQU81eXlqNFU3Y2FmbHVnQ3c3STVLUGlMa3MtX3V0aFRMbER1SVJ6VnNyaXlsM0ZwLXVjV051?oc=5\" target=\"_blank\" rel=\"nofollow noopener\">7 a\u00f1os despu\u00e9s, la pel\u00edcula m\u00e1s ambiciosa de la historia de Netflix por fin es una realidad: hay&#8230;<\/a>&nbsp;&nbsp;Espinof<\/li>\n<li><a href=\"https:\/\/news.google.com\/rss\/articles\/CBMixwFBVV95cUxNQ0xWQng2eHVDM3FMOVo5Wmx4bHlweDJMQU9TS0tsOUxZMXA4ME5aOWszdWh5TERoa0M3YjdXUDdvVW5fWU55czQ4cVd4blpWR0czUk5IWmZJZkFsd2JxaEloSi05TXF0ZTRZa19wRDh1aTRiMUFsb1pBVlZDV3ZaVXU3dmZ0MTZwd2NkMWNsVmY2emp2R1A3bk56UU1EQ2xGNzJzR182QTZ2LWRGalcwZDY0Vm9IcGl6cDVpang0YmF0N25uU2NR0gHHAUFVX3lxTFBHSG1wT1pKbGJpaUpkTjk4bUd3WjFYSDZFaTI2ZDAyLVlSNzhNU0xGemppRC1pc2J3RUpCTzhLQmV3RmtBQ3Z3OGY1T01yNERKX0hxRlhfdFJ5NXhuSWFhaEkzQ1d1cnRfekNVelg2Wm5TZTh3dXBycWlISnZmZmxJMVhmbVc1U2JCeTdGLUEwRjI3dHUyTHZNdE11WVlMLThUUEVWSlZVOGhnempSOExDVDJyWjExWWJPQkNBQVAzdEpWUDZxN1k?oc=5\" target=\"_blank\" rel=\"nofollow noopener\">El universo de &#8216;Narnia&#8217; regresar\u00e1 a la gran pantalla de la mano de Greta Gerwig<\/a>&nbsp;&nbsp;El Peri\u00f3dico<\/li>\n<li><a href=\"https:\/\/news.google.com\/rss\/articles\/CBMiwwFBVV95cUxQaXl4VEpGbnQ3YW1qYTY2VUdkWTQzTzFNd0NvRDRQekFxWmp1czl0aXBMZlB0TzdRTWl5cVgzUmRFampvYzJfUHNqZmwxMTEzTi1wYU5FeU1xYVE0clhSTC10REdXWUx6NjEyZVJHVUQ0a0VjWlNxekNha2ROX3U2NWczT1ZlRFItZEVCTE03aGlnczY5S2hXN1dfb01vaDFzWGc1UlVlbTBOcWR5Ujk5UXF0OVNSMk9RWDhhWnJRcERBNlXSAdcBQVVfeXFMUExzUS1WaVJtTkpia2I1dUUwTGZNQnBiTTk2WTdhY0dwVVA1Z1hZOVVLc2Jydm1wRVZMcHM2Uy1kRHdHd1EyMTdwUDUyWElfZFhNQkdWUkR4QV9BMkw0MWI5ZmF0dmgzRDYzRTBWeXM1QjdleDhjZm5ZM2k4bFpIZWI4Zkk1U3lxazFPTDZRWWpabmFGRlQ3MXhJM2NiRXpRRUkwdHUwNGdTQWVnYUw4VXdmMkljb2hNU0dZNXloR3lzNjk1S0d3eHNWZ2ZGcTRHcnAzVHcwQWM?oc=5\" target=\"_blank\" rel=\"nofollow noopener\">Comienza el rodaje de &#8216;Las cr\u00f3nicas de Narnia&#8217; de Netflix y Greta Gerwing<\/a>&nbsp;&nbsp;La Raz\u00f3n<\/li>\n<li><a href=\"https:\/\/news.google.com\/rss\/articles\/CBMilgFBVV95cUxNRjQtckJVN3RjMzlYME9FbzNTSnI1bXVaemE2Nm9nc2c3TXJqN0FEekVkMzMxV2ZvQWlXdmhhNTB3YWNpXy0zQk1hN3dmYm5EOWpBWmlBMU1vTG5JQWhiOGJSa0FZRXRHQUZDY3VBRDRGek9QTFEzNVlwRGExX00zdm5ONVpXWDFiX0pRb3Iyd1RXckJic2c?oc=5\" target=\"_blank\" rel=\"nofollow noopener\">Comenz\u00f3 el rodaje de la nueva adaptaci\u00f3n de Las Cr\u00f3nicas de Narnia<\/a>&nbsp;&nbsp;La Corriente | Una voz en movimiento<\/li>\n<\/ol>\n","protected":false},"excerpt":{"rendered":"El emotivo reencuentro de los ni\u00f1os de &#8216;Las cr\u00f3nicas de Narnia&#8217;: as\u00ed han cambiado sus protagonistas&nbsp;&nbsp;20Minutos 7 a\u00f1os&hellip;\n","protected":false},"author":2,"featured_media":50887,"comment_status":"","ping_status":"","sticky":false,"template":"","format":"standard","meta":{"footnotes":""},"categories":[169],"tags":[177,179,178,146,147,25,24,176,22606,175,23],"class_list":{"0":"post-50886","1":"post","2":"type-post","3":"status-publish","4":"format-standard","5":"has-post-thumbnail","7":"category-cine","8":"tag-cine","9":"tag-cinemania-noticias","10":"tag-cinemania-streaming","11":"tag-entertainment","12":"tag-entretenimiento","13":"tag-es","14":"tag-espana","15":"tag-film","16":"tag-greta-gerwig","17":"tag-movies","18":"tag-spain"},"share_on_mastodon":{"url":"","error":""},"_links":{"self":[{"href":"https:\/\/www.europesays.com\/es\/wp-json\/wp\/v2\/posts\/50886","targetHints":{"allow":["GET"]}}],"collection":[{"href":"https:\/\/www.europesays.com\/es\/wp-json\/wp\/v2\/posts"}],"about":[{"href":"https:\/\/www.europesays.com\/es\/wp-json\/wp\/v2\/types\/post"}],"author":[{"embeddable":true,"href":"https:\/\/www.europesays.com\/es\/wp-json\/wp\/v2\/users\/2"}],"replies":[{"embeddable":true,"href":"https:\/\/www.europesays.com\/es\/wp-json\/wp\/v2\/comments?post=50886"}],"version-history":[{"count":0,"href":"https:\/\/www.europesays.com\/es\/wp-json\/wp\/v2\/posts\/50886\/revisions"}],"wp:featuredmedia":[{"embeddable":true,"href":"https:\/\/www.europesays.com\/es\/wp-json\/wp\/v2\/media\/50887"}],"wp:attachment":[{"href":"https:\/\/www.europesays.com\/es\/wp-json\/wp\/v2\/media?parent=50886"}],"wp:term":[{"taxonomy":"category","embeddable":true,"href":"https:\/\/www.europesays.com\/es\/wp-json\/wp\/v2\/categories?post=50886"},{"taxonomy":"post_tag","embeddable":true,"href":"https:\/\/www.europesays.com\/es\/wp-json\/wp\/v2\/tags?post=50886"}],"curies":[{"name":"wp","href":"https:\/\/api.w.org\/{rel}","templated":true}]}}