{"id":508863,"date":"2026-04-20T23:20:12","date_gmt":"2026-04-20T23:20:12","guid":{"rendered":"https:\/\/www.europesays.com\/es\/508863\/"},"modified":"2026-04-20T23:20:12","modified_gmt":"2026-04-20T23:20:12","slug":"trailer-de-practicamente-magia-2","status":"publish","type":"post","link":"https:\/\/www.europesays.com\/es\/508863\/","title":{"rendered":"tr\u00e1iler de &#8216;Pr\u00e1cticamente magia 2&#8217;"},"content":{"rendered":"<p class=\"c-paragraph\">Han pasado 28 a\u00f1os desde <a href=\"https:\/\/www.20minutos.es\/cinemania\/noticias\/sandra-bullock-nicole-kidman-secuela-practicamente-magia-5476361\/\" title=\"Este fracaso de taquilla tendr\u00e1 secuela m\u00e1s de 25 a\u00f1os despu\u00e9s: Sandra Bullock y Nicole Kidman negocian volver\" rel=\"nofollow noopener\" target=\"_blank\">Pr\u00e1cticamente magia<\/a>, y pese a que en su momento fue m\u00e1s bien un fracaso comercial en cines, unos 90 millones de d\u00f3lares de recaudaci\u00f3n para un presupuesto de 75, <b>logr\u00f3 sumar a un gran n\u00famero de fans con el v\u00eddeo dom\u00e9stico y el streaming<\/b>. As\u00ed pues, tendremos pronto secuela con <b>Nicole Kidman<\/b> y <b>Sandra Bullock<\/b> repitiendo en sus roles de las hermanas Owens, dotadas de habilidades especiales para la hechicer\u00eda\u00a0<b>pero marcadas por una maldici\u00f3n familiar <\/b>que provoca la muerte de aquellos hombres a los que aman.<\/p>\n<p class=\"c-paragraph\">En esta ocasi\u00f3n, a <b>Griffin Dunne<\/b> lo sustituye en la direcci\u00f3n la cineasta <b>Susanne Bier<\/b>, que ya ha trabajado antes con las dos, con Bullock en <b>Bird Box: A ciegas<\/b> de Netfix y con Kidman en las miniseries <b>La pareja perfecta<\/b> tambi\u00e9n de Netflix y<b> The Undoing<\/b> de HBO. Pero en el guion repite\u00a0<b>Akiva Goldsman<\/b>, uno de los guionistas que se encarg\u00f3 de la adaptaci\u00f3n de la primera pel\u00edcula, basada en la novela de\u00a0<b>Alice Hoffman<\/b>, y que posteriormente dio lugar a otros tres libros. Adem\u00e1s de sus estrellas principales, vuelven <b>Dianne Wiest<\/b> y <b>Stockard Channing<\/b> interpretando a las t\u00edas de Sally (Bullock) y Gilly Owens (Kidman).<\/p>\n<p class=\"c-paragraph\">La historia nos traer\u00e1 m\u00e1s romance <b>y una maldici\u00f3n que amenaza con destruir para siempre a la familia protagonista<\/b>. En la secuela, Sally tiene hijas adultas que ya han comenzado sus propias vidas, mientras que Gilly se ha instalado en una vida tranquila con un gato negro. Pero, a\u00fan as\u00ed, no pueden escapar de los problemas. <b>Un misterioso personaje saca a las hermanas de su pintoresco pueblo de Massachusetts\u00a0para una dram\u00e1tica misi\u00f3n. <\/b>Y, decididos tambi\u00e9n a mostrar que el paso del tiempo no ha quitado \u00e1pice alguno a la qu\u00edmica entre sus dos protagonistas, Warner Bros. ha lanzado, tras su presentaci\u00f3n en la CinemaCon, <b>el primer adelanto <\/b>de Pr\u00e1cticamente magia 2.<\/p>\n<p class=\"c-paragraph\">Entre las nuevas incorporaciones est\u00e1n<b> Joey King<\/b> (que en Un asunto familiar ya coincidi\u00f3 con Kidman) y <b>Maisie Williams<\/b> (Arya Stark en Juego de tronos) encarnando a las hijas de Sally, mientras que <b>Lee Pace<\/b>, de la serie <a href=\"https:\/\/www.20minutos.es\/cinemania\/series\/apple-tv-renueva-cuarta-temporada-fundacion_6325378_0.html\" title=\"Apple TV+ se atreve a renovar por una cuarta temporada su serie m\u00e1s compleja y cara\" rel=\"nofollow noopener\" target=\"_blank\">Fundaci\u00f3n<\/a> de Apple TV+ interpreta al principal personaje masculino. En cuanto al estreno, est\u00e1 previsto que llegue a los cines<b> el 11 de septiembre<\/b> tanto en Estados Unidos como en Espa\u00f1a.<\/p>\n","protected":false},"excerpt":{"rendered":"Han pasado 28 a\u00f1os desde Pr\u00e1cticamente magia, y pese a que en su momento fue m\u00e1s bien un&hellip;\n","protected":false},"author":2,"featured_media":508864,"comment_status":"","ping_status":"","sticky":false,"template":"","format":"standard","meta":{"footnotes":""},"categories":[169],"tags":[177,146,147,25,24,176,101400,101401,175,8306,101399,81402,23,101402],"class_list":["post-508863","post","type-post","status-publish","format-standard","has-post-thumbnail","category-cine","tag-cine","tag-entertainment","tag-entretenimiento","tag-es","tag-espana","tag-film","tag-joey-king","tag-maisie-williams","tag-movies","tag-nicole-kidman","tag-practicamente-magia-2","tag-sandra-bullock","tag-spain","tag-susanne-bier"],"share_on_mastodon":{"url":"https:\/\/pubeurope.com\/@es\/116439602105888751","error":""},"_links":{"self":[{"href":"https:\/\/www.europesays.com\/es\/wp-json\/wp\/v2\/posts\/508863","targetHints":{"allow":["GET"]}}],"collection":[{"href":"https:\/\/www.europesays.com\/es\/wp-json\/wp\/v2\/posts"}],"about":[{"href":"https:\/\/www.europesays.com\/es\/wp-json\/wp\/v2\/types\/post"}],"author":[{"embeddable":true,"href":"https:\/\/www.europesays.com\/es\/wp-json\/wp\/v2\/users\/2"}],"replies":[{"embeddable":true,"href":"https:\/\/www.europesays.com\/es\/wp-json\/wp\/v2\/comments?post=508863"}],"version-history":[{"count":0,"href":"https:\/\/www.europesays.com\/es\/wp-json\/wp\/v2\/posts\/508863\/revisions"}],"wp:featuredmedia":[{"embeddable":true,"href":"https:\/\/www.europesays.com\/es\/wp-json\/wp\/v2\/media\/508864"}],"wp:attachment":[{"href":"https:\/\/www.europesays.com\/es\/wp-json\/wp\/v2\/media?parent=508863"}],"wp:term":[{"taxonomy":"category","embeddable":true,"href":"https:\/\/www.europesays.com\/es\/wp-json\/wp\/v2\/categories?post=508863"},{"taxonomy":"post_tag","embeddable":true,"href":"https:\/\/www.europesays.com\/es\/wp-json\/wp\/v2\/tags?post=508863"}],"curies":[{"name":"wp","href":"https:\/\/api.w.org\/{rel}","templated":true}]}}