{"id":508910,"date":"2026-04-20T23:57:17","date_gmt":"2026-04-20T23:57:17","guid":{"rendered":"https:\/\/www.europesays.com\/es\/508910\/"},"modified":"2026-04-20T23:57:17","modified_gmt":"2026-04-20T23:57:17","slug":"eguia-logra-imponerse-en-estella-al-sprint","status":"publish","type":"post","link":"https:\/\/www.europesays.com\/es\/508910\/","title":{"rendered":"Eguia logra imponerse en Estella al sprint"},"content":{"rendered":"<p>\n        Ion Eguia <strong>se hizo con la victoria el pasado domingo en Estella, <\/strong>con motivo del <strong>IX Trofeo Cl\u00ednica Dental R\u00edo Ega, <\/strong>carrera reservada a <strong>corredores de categor\u00eda juvenil. <\/strong>Fueron <strong>183 los participantes y casi 85 los kil\u00f3metros<\/strong> que tuvieron que completar. El ciclista ayal\u00e9s fue <strong>el m\u00e1s fuerte en el sprint del grupo principal, formado por 22 unidades. <\/strong>\n<\/p>\n<p>            <a href=\"https:\/\/www.noticiasdealava.eus\/deportes\/2026\/04\/19\/paula-blasi-historia-amstel-10960413.html\" title=\"Paula Blasi hace historia en la Amstel\" class=\"new__media\" rel=\"nofollow noopener\" target=\"_blank\"><\/p>\n<p>                <img alt=\"Paula Blasi hace historia en la Amstel\" data-src=\"https:\/\/www.europesays.com\/es\/wp-content\/uploads\/2026\/04\/2bbbd0cf-20da-454a-9e73-21d2d986453d_16-9-aspect-ratio_default_0_x2995y1548.jpg\" class=\"lozad\"\/><\/p>\n<p>        <\/a><\/p>\n<p>        <a href=\"https:\/\/www.noticiasdealava.eus\/deportes\/2026\/04\/19\/paula-blasi-historia-amstel-10960413.html\" title=\"Paula Blasi hace historia en la Amstel\" class=\"new__headline\" rel=\"nofollow noopener\" target=\"_blank\"><br \/>\n            Paula Blasi hace historia en la Amstel<br \/>\n        <\/a><\/p>\n<p class=\"article-body__text \">\n        Eguia <strong>le dio al Alimco-Campagnolo una nueva victoria, <\/strong>en este caso por delante del vitoriano <strong>Aratz S\u00e1nchez, del Garaje Moderno-Aranako,<\/strong> y de su compa\u00f1ero de equipo<strong> Aner Irizar vencedor hace quince d\u00edas precisamente en Salvatierra.<\/strong>\n<\/p>\n<p>            <a href=\"https:\/\/www.noticiasdealava.eus\/deportes\/2026\/04\/19\/fernandez-impone-ley-10960483.html\" title=\"Miguel \u00c1ngel Fern\u00e1ndez impone su ley en Durana\" class=\"new__media\" rel=\"nofollow noopener\" target=\"_blank\"><\/p>\n<p>                <img alt=\"Miguel \u00c1ngel Fern\u00e1ndez impone su ley en Durana\" data-src=\"https:\/\/www.europesays.com\/es\/wp-content\/uploads\/2026\/04\/de440e28-2bd0-4b54-a1f8-a80f3826a85e_16-9-aspect-ratio_default_0_x3334y1836.jpg\" class=\"lozad\"\/><\/p>\n<p>        <\/a><\/p>\n<p>        <a href=\"https:\/\/www.noticiasdealava.eus\/deportes\/2026\/04\/19\/fernandez-impone-ley-10960483.html\" title=\"Miguel \u00c1ngel Fern\u00e1ndez impone su ley en Durana\" class=\"new__headline\" rel=\"nofollow noopener\" target=\"_blank\"><br \/>\n            Miguel \u00c1ngel Fern\u00e1ndez impone su ley en Durana<br \/>\n        <\/a><\/p>\n<p class=\"article-body__text \">\n        Es <strong>su primer triunfo de la temporada, <\/strong>pero viene a confirmar tambi\u00e9n su <strong>buen comienzo de curso.<\/strong> Y es que la semana anterior hab\u00eda sido <strong>tercero en la Copa de Espa\u00f1a de Montemayor,<\/strong> siendo ahora mismo <strong>cuarto en la clasificaci\u00f3n general. <\/strong>A comienzos de mes, Eguia tambi\u00e9n fue <strong>segundo en Amorebieta, por detr\u00e1s de otro compa\u00f1ero de escuadra, Mauro Ib\u00e1\u00f1ez. <\/strong>\n<\/p>\n<p>            <a href=\"https:\/\/www.noticiasdealava.eus\/deportes\/2026\/04\/19\/jon-conejero-punto-estrenar-casillero-10960530.html\" title=\"Jon Conejero, a punto de estrenar su casillero de triunfos en Ja\u00e9n\" class=\"new__media\" rel=\"nofollow noopener\" target=\"_blank\"><\/p>\n<p>                <img alt=\"Jon Conejero, a punto de estrenar su casillero de triunfos en Ja\u00e9n\" data-src=\"https:\/\/www.europesays.com\/es\/wp-content\/uploads\/2026\/04\/70bbabed-27ae-4526-b5ba-889b0941623b_16-9-aspect-ratio_default_0_x528y329.jpg\" class=\"lozad\"\/><\/p>\n<p>        <\/a><\/p>\n<p>        <a href=\"https:\/\/www.noticiasdealava.eus\/deportes\/2026\/04\/19\/jon-conejero-punto-estrenar-casillero-10960530.html\" title=\"Jon Conejero, a punto de estrenar su casillero de triunfos en Ja\u00e9n\" class=\"new__headline\" rel=\"nofollow noopener\" target=\"_blank\"><br \/>\n            Jon Conejero, a punto de estrenar su casillero de triunfos en Ja\u00e9n<br \/>\n        <\/a><\/p>\n<p class=\"article-body__text \">\n        Tiene el ciclista de Llodio <strong>como objetivo en este pr\u00f3ximo mes escalar posiciones en la mencionada Copa de Espa\u00f1a<\/strong> y <strong>pelear por el triunfo en el Campeonato de Euskadi, <\/strong>que se celebrar\u00e1 cerca de su casa, <strong>en Amurrio en este caso el pr\u00f3ximo 23 de mayo. <\/strong>Casualmente la temporada pasada logr\u00f3 <strong>la \u00fanica victoria del curso, igualmente en la localidad navarra, siendo junior de primer a\u00f1o. <\/strong>Ahora, ha dado <strong>un paso m\u00e1s en su progresi\u00f3n<\/strong> y tras un invierno en el que apenas ha disputado ciclocross <strong>el trabajo empieza a dar sus frutos.<\/strong><\/p>\n","protected":false},"excerpt":{"rendered":"Ion Eguia se hizo con la victoria el pasado domingo en Estella, con motivo del IX Trofeo Cl\u00ednica&hellip;\n","protected":false},"author":2,"featured_media":508911,"comment_status":"","ping_status":"","sticky":false,"template":"","format":"standard","meta":{"footnotes":""},"categories":[273],"tags":[313,312,168,26310,25,24,13102,5805,11812,23,167,3596],"class_list":["post-508910","post","type-post","status-publish","format-standard","has-post-thumbnail","category-ciclismo","tag-ciclismo","tag-cycling","tag-deportes","tag-eguia","tag-es","tag-espana","tag-estella","tag-imponerse","tag-logra","tag-spain","tag-sports","tag-sprint"],"share_on_mastodon":{"url":"https:\/\/pubeurope.com\/@es\/116439747573512732","error":""},"_links":{"self":[{"href":"https:\/\/www.europesays.com\/es\/wp-json\/wp\/v2\/posts\/508910","targetHints":{"allow":["GET"]}}],"collection":[{"href":"https:\/\/www.europesays.com\/es\/wp-json\/wp\/v2\/posts"}],"about":[{"href":"https:\/\/www.europesays.com\/es\/wp-json\/wp\/v2\/types\/post"}],"author":[{"embeddable":true,"href":"https:\/\/www.europesays.com\/es\/wp-json\/wp\/v2\/users\/2"}],"replies":[{"embeddable":true,"href":"https:\/\/www.europesays.com\/es\/wp-json\/wp\/v2\/comments?post=508910"}],"version-history":[{"count":0,"href":"https:\/\/www.europesays.com\/es\/wp-json\/wp\/v2\/posts\/508910\/revisions"}],"wp:featuredmedia":[{"embeddable":true,"href":"https:\/\/www.europesays.com\/es\/wp-json\/wp\/v2\/media\/508911"}],"wp:attachment":[{"href":"https:\/\/www.europesays.com\/es\/wp-json\/wp\/v2\/media?parent=508910"}],"wp:term":[{"taxonomy":"category","embeddable":true,"href":"https:\/\/www.europesays.com\/es\/wp-json\/wp\/v2\/categories?post=508910"},{"taxonomy":"post_tag","embeddable":true,"href":"https:\/\/www.europesays.com\/es\/wp-json\/wp\/v2\/tags?post=508910"}],"curies":[{"name":"wp","href":"https:\/\/api.w.org\/{rel}","templated":true}]}}