{"id":50894,"date":"2025-08-16T07:19:07","date_gmt":"2025-08-16T07:19:07","guid":{"rendered":"https:\/\/www.europesays.com\/es\/50894\/"},"modified":"2025-08-16T07:19:07","modified_gmt":"2025-08-16T07:19:07","slug":"este-es-el-mejor-punto-de-espana-para-ver-las-perseidas-la-lluvia-de-estrellas-mas-bonitas-del-ano","status":"publish","type":"post","link":"https:\/\/www.europesays.com\/es\/50894\/","title":{"rendered":"Este es el mejor punto de Espa\u00f1a para ver las Perseidas, la lluvia de estrellas m\u00e1s bonitas del a\u00f1o"},"content":{"rendered":"<p class=\"article-text\">\n        El verano no solo trae consigo altas temperaturas y d\u00edas largos, sino que tambi\u00e9n regala uno de los espect\u00e1culos astron\u00f3micos m\u00e1s impresionantes del a\u00f1o: la <strong>lluvia de estrellas de las Perseidas<\/strong>. Conocidas en Espa\u00f1a como las <strong>\u201cL\u00e1grimas de San Lorenzo\u201d<\/strong>, las Perseidas ofrecen a los amantes de la astronom\u00eda la oportunidad de observar hasta <strong>200 meteoros por hora<\/strong>. Este fen\u00f3meno, que ocurre cada agosto, tiene su origen en el cometa <strong>Swift-Tuttle<\/strong>, cuya estela de fragmentos c\u00f3smicos se cruza con la \u00f3rbita de la Tierra, creando un espect\u00e1culo \u00fanico y fugaz. \u00bfSab\u00edas que hay un lugar en Espa\u00f1a que te ofrece las mejores vistas de este fen\u00f3meno?\n    <\/p>\n<p>    <a href=\"https:\/\/www.eldiario.es\/canariasahora\/lapalmaahora\/sociedad\/perseidas-2025-ver-lluvia-estrellas-pesar-luna_1_12528249.html\" data-mrf-recirculation=\"saber-mas\" data-dl-event=\"saber-mas\" rel=\"nofollow noopener\" target=\"_blank\"><\/p>\n<p class=\"know-more__title\">Perseidas 2025: c\u00f3mo ver la lluvia de estrellas (a pesar de la Luna)<\/p>\n<p>            <\/a><\/p>\n<p>    <strong>\u00bfQu\u00e9 son las Perseidas y por qu\u00e9 son tan especiales?<\/strong><\/p>\n<p class=\"article-text\">\n        Las <strong>Perseidas<\/strong> no son, en realidad, estrellas, sino peque\u00f1os restos del cometa <strong>Swift-Tuttle<\/strong> que, al entrar en la atm\u00f3sfera de la Tierra, se queman debido a la fricci\u00f3n, creando las famosas estelas luminosas. Este fen\u00f3meno ocurre cada a\u00f1o entre el 17 de julio y el 24 de agosto, siendo el pico de actividad alrededor del <strong>12 de agosto<\/strong>. Aunque puedes observar las <strong>Perseidas<\/strong> en casi cualquier lugar de Espa\u00f1a, el verdadero secreto est\u00e1 en elegir el <strong>mejor sitio<\/strong> para apreciarlas.\n    <\/p>\n<blockquote class=\"instagram-media\" data-instgrm-version=\"14\" data-instgrm-permalink=\"https:\/\/www.instagram.com\/p\/DNEOcYGNj9U\/\" data-instgrm-captioned=\"\"\/>\n<p>    <strong>El mejor lugar en Espa\u00f1a para ver las Perseidas: la regi\u00f3n de Sierra de Gredos<\/strong><\/p>\n<p class=\"article-text\">\n        Entre los mejores sitios para observar este fen\u00f3meno en Espa\u00f1a se encuentra la <strong>Sierra de Gredos<\/strong>, situada en el <strong>Centro de la Pen\u00ednsula<\/strong>, a tan solo unas pocas horas de Madrid. Este lugar destaca no solo por su aislamiento, sino por la <strong>baja contaminaci\u00f3n lum\u00ednica<\/strong>, lo que permite una visi\u00f3n clara y espectacular del cielo nocturno. La <strong>Sierra de Gredos<\/strong>, y m\u00e1s espec\u00edficamente el <strong>Parque Regional de la Sierra de Gredos<\/strong>, es uno de los sitios preferidos por los astr\u00f3nomos aficionados debido a su altitud y paisajes \u00fanicos.\n    <\/p>\n<p>    <strong>\u00bfPor qu\u00e9 la Sierra de Gredos es ideal para ver las Perseidas?<\/strong><\/p>\n<p class=\"article-text\">\n        La clave est\u00e1 en su altitud y su distancia de los grandes n\u00facleos urbanos. La <strong>Sierra de Gredos<\/strong> es un entorno monta\u00f1oso que se eleva a m\u00e1s de 2.000 metros sobre el nivel del mar, lo que ofrece una vista despejada del cielo. Adem\u00e1s, el parque cuenta con <strong>algunos de los cielos m\u00e1s oscuros<\/strong> de la pen\u00ednsula, ideales para observar fen\u00f3menos astron\u00f3micos sin la interferencia de la luz artificial. Durante la noche, el aire limpio y la tranquilidad de la zona permiten disfrutar de un espect\u00e1culo visual incomparable.\n    <\/p>\n<p>    <a href=\"https:\/\/www.eldiario.es\/sociedad\/perseidas-mejor-plan-astronomico-noche-verano-permiso-luna_1_12525714.html\" data-mrf-recirculation=\"saber-mas-abajo\" data-dl-event=\"saber-mas-abajo\" rel=\"nofollow noopener\" target=\"_blank\"><\/p>\n<p class=\"know-more__title\">Perseidas 2025: cu\u00e1ndo y c\u00f3mo se podr\u00e1 ver la lluvia de estrellas m\u00e1s esperada<\/p>\n<p>            <img decoding=\"async\" class=\"lazy\" loading=\"lazy\" data-src=\"https:\/\/static.eldiario.es\/clip\/07e385a5-848f-4205-923b-d6c69989bcc1_16-9-aspect-ratio_default_0.jpg\" src=\"data:image\/svg+xml,%3Csvg xmlns=\" http:=\"\" viewbox=\"0 0 880 495\" alt=\"Perseidas 2025: cu\u00e1ndo y c\u00f3mo se podr\u00e1 ver la lluvia de estrellas m\u00e1s esperada\"\/><\/p>\n<p>                        <\/a><\/p>\n<p>    <strong>Consejos para ver las Perseidas sin que la Luna interfiera<\/strong><\/p>\n<p class=\"article-text\">\n        Aunque las Perseidas pueden ser visibles en cualquier parte del cielo, el <strong>radiante<\/strong>, o punto de origen de los meteoros, se encuentra en la constelaci\u00f3n de <strong>Perseo<\/strong>, al noreste del horizonte. Para disfrutar de este espect\u00e1culo en todo su esplendor, es importante evitar que la <strong>Luna<\/strong> interfiera, ya que su luz puede dificultar la visibilidad. Por ello, se recomienda observar las estrellas <strong>antes del ocaso<\/strong>, cuando la Luna no ha salido, o bien cuando se encuentre en su fase m\u00e1s baja en el cielo. Si no es posible, puedes elegir un lugar con obst\u00e1culos como <strong>monta\u00f1as<\/strong> o <strong>\u00e1rboles<\/strong> para tapar parte de la luminosidad lunar.\n    <\/p>\n<p>                                    <script async src=\"\/\/www.instagram.com\/embed.js\"><\/script><\/p>\n","protected":false},"excerpt":{"rendered":"El verano no solo trae consigo altas temperaturas y d\u00edas largos, sino que tambi\u00e9n regala uno de los&hellip;\n","protected":false},"author":2,"featured_media":50895,"comment_status":"","ping_status":"","sticky":false,"template":"","format":"standard","meta":{"footnotes":""},"categories":[81],"tags":[1611,22607,119,123,124,25,24,782,1479,1684,7385,2678,2320,117,121,122,23,118,120,809],"class_list":{"0":"post-50894","1":"post","2":"type-post","3":"status-publish","4":"format-standard","5":"has-post-thumbnail","7":"category-ciencia-y-tecnologia","8":"tag-ano","9":"tag-bonitas","10":"tag-ciencia","11":"tag-ciencia-y-tecnologia","12":"tag-cienciaytecnologia","13":"tag-es","14":"tag-espana","15":"tag-estrellas","16":"tag-lluvia","17":"tag-mejor","18":"tag-perseidas","19":"tag-pm","20":"tag-punto","21":"tag-science","22":"tag-science-and-technology","23":"tag-scienceandtechnology","24":"tag-spain","25":"tag-technology","26":"tag-tecnologia","27":"tag-ver"},"share_on_mastodon":{"url":"","error":""},"_links":{"self":[{"href":"https:\/\/www.europesays.com\/es\/wp-json\/wp\/v2\/posts\/50894","targetHints":{"allow":["GET"]}}],"collection":[{"href":"https:\/\/www.europesays.com\/es\/wp-json\/wp\/v2\/posts"}],"about":[{"href":"https:\/\/www.europesays.com\/es\/wp-json\/wp\/v2\/types\/post"}],"author":[{"embeddable":true,"href":"https:\/\/www.europesays.com\/es\/wp-json\/wp\/v2\/users\/2"}],"replies":[{"embeddable":true,"href":"https:\/\/www.europesays.com\/es\/wp-json\/wp\/v2\/comments?post=50894"}],"version-history":[{"count":0,"href":"https:\/\/www.europesays.com\/es\/wp-json\/wp\/v2\/posts\/50894\/revisions"}],"wp:featuredmedia":[{"embeddable":true,"href":"https:\/\/www.europesays.com\/es\/wp-json\/wp\/v2\/media\/50895"}],"wp:attachment":[{"href":"https:\/\/www.europesays.com\/es\/wp-json\/wp\/v2\/media?parent=50894"}],"wp:term":[{"taxonomy":"category","embeddable":true,"href":"https:\/\/www.europesays.com\/es\/wp-json\/wp\/v2\/categories?post=50894"},{"taxonomy":"post_tag","embeddable":true,"href":"https:\/\/www.europesays.com\/es\/wp-json\/wp\/v2\/tags?post=50894"}],"curies":[{"name":"wp","href":"https:\/\/api.w.org\/{rel}","templated":true}]}}