{"id":50900,"date":"2025-08-16T07:22:07","date_gmt":"2025-08-16T07:22:07","guid":{"rendered":"https:\/\/www.europesays.com\/es\/50900\/"},"modified":"2025-08-16T07:22:07","modified_gmt":"2025-08-16T07:22:07","slug":"el-gobierno-ve-en-la-exigencia-de-feijoo-de-extremar-el-despliegue-militar-la-busqueda-de-una-polemica-sin-rigor-espana","status":"publish","type":"post","link":"https:\/\/www.europesays.com\/es\/50900\/","title":{"rendered":"El Gobierno ve en la exigencia de Feij\u00f3o de extremar el despliegue militar la b\u00fasqueda de una \u201cpol\u00e9mica\u201d sin \u201crigor\u201d | Espa\u00f1a"},"content":{"rendered":"<p class=\"\">El Gobierno acogi\u00f3 este viernes con \u201cindignaci\u00f3n\u201d la petici\u00f3n, formulada por la ma\u00f1ana por Alberto N\u00fa\u00f1ez Feij\u00f3o, de que el Ministerio de Defensa realice un <a href=\"https:\/\/elpais.com\/espana\/2025-08-15\/feijoo-descarga-de-presion-a-sus-barones-y-reclama-medidas-de-estado-y-el-despliegue-del-ejercito.html\" rel=\"nofollow noopener\" target=\"_blank\">despliegue del Ej\u00e9rcito a mucha mayor escala que la actual<\/a> para combatir los incendios. As\u00ed lo indica una fuente de La Moncloa, que atribuye el movimiento del presidente del PP a la b\u00fasqueda de una \u201cfalsa pol\u00e9mica\u201d, porque la <a href=\"https:\/\/elpais.com\/espana\/2025-08-14\/antonio-diosdado-portavoz-de-la-ume-el-fuego-se-nos-echaba-encima.html\" rel=\"nofollow noopener\" target=\"_blank\">Unidad Militar de Emergencias (UME)<\/a> de las Fuerzas Armadas \u201cno est\u00e1 desbordada\u201d y tiene sobre el terreno los efectivos necesarios para combatir el fuego, que se incrementar\u00e1n \u2014a\u00f1ade\u2014 conforme se detecten nuevas necesidades.<\/p>\n<p class=\"\">Entrevistada en <a href=\"https:\/\/www.lasexta.com\/noticias\/nacional\/margarita-robles-ola-incendios-labor-ume-nunca-han-visto-nada-parecido_20250815689f2f5bdb5881631003d93a.html\" target=\"_self\" rel=\"nofollow noopener\" title=\"https:\/\/www.lasexta.com\/noticias\/nacional\/margarita-robles-ola-incendios-labor-ume-nunca-han-visto-nada-parecido_20250815689f2f5bdb5881631003d93a.html\">La Sexta<\/a>, la ministra de Defensa, Margarita Robles, se\u00f1al\u00f3 ese viernes que la UME ha intervenido ya en 27 incendios y que tiene actualmente unos 1.400 efectivos atacando el fuego sobre el terreno en 12 operaciones en Castilla y Le\u00f3n, Galicia, Asturias y Extremadura, m\u00e1s otros 2.000 miembros de dicho cuerpo en labores de log\u00edstica y \u201ctodo el apoyo del Ej\u00e9rcito de Tierra y el Ej\u00e9rcito del Aire\u201d. Por ello, Robles atribuy\u00f3 al \u201coportunismo\u201d, la \u201cimprovisaci\u00f3n\u201d y el \u201cdesconocimiento\u201d la reclamaci\u00f3n de Feij\u00f3o. <\/p>\n<p class=\"\">\u201cExtinguir incendios no es una cosa sencilla. No se puede enviar a cualquiera. Hace falta mucha preparaci\u00f3n, porque precisamente esa preparaci\u00f3n hace que se salve la vida a las personas, pero tambi\u00e9n a los miembros de la UME, del Ej\u00e9rcito o en su caso de los bomberos o de las personas que est\u00e1n interviniendo\u201d, afirm\u00f3 Robles, que garantiz\u00f3 que Defensa pondr\u00e1 siempre \u201ctodos los medios que sean necesarios\u201d contra las llamas y pidi\u00f3 \u201crigor\u201d a Feij\u00f3\u00f3, m\u00e1s a\u00fan cuando los miembros de la UME est\u00e1n trabajando con \u201criesgo evidente para sus vidas\u201d. \u201cNo voy a entrar en la pol\u00e9mica. El Ministerio de Defensa, el Ej\u00e9rcito y los dem\u00e1s ministerios cumplimos con nuestra obligaci\u00f3n\u201d, a\u00f1adi\u00f3.<\/p>\n<p>Feij\u00f3o: \u201cCrisis nacional\u201d<\/p>\n<p class=\"\">Por la ma\u00f1ana, el l\u00edder del PP hab\u00eda visitado el puesto de mando avanzado de Palacios de Sil, en Le\u00f3n, donde lo acompa\u00f1aba Alfonso Fern\u00e1ndez Ma\u00f1ueco, jefe del Ejecutivo de Castilla y Le\u00f3n, la comunidad m\u00e1s castigada por la <a href=\"https:\/\/elpais.com\/espana\/2025-08-15\/ultima-hora-de-los-incendios-en-espana-en-directo.html\" rel=\"nofollow noopener\" target=\"_blank\">oleada de incendios<\/a>, que suma ya unas 115.000 hect\u00e1reas quemadas en Espa\u00f1a. El presidente del PP dedic\u00f3 su comparecencia a enfatizar la responsabilidad del Gobierno \u2014y a restarla as\u00ed de las comunidades aut\u00f3nomas, en su mayor\u00eda de su partido\u2014 ante una \u201ccrisis nacional\u201d, un \u201cmomento cr\u00edtico\u201d, de \u201cextrema gravedad\u201d, \u201cin\u00e9dito\u201d, \u201cdif\u00edcil, muy dif\u00edcil\u201d. <\/p>\n<p class=\"\">\u201cEs el momento de una pol\u00edtica de Estado, de olvidarse de la pol\u00edtica cutre, de los tuits groseros, de las <a href=\"https:\/\/elpais.com\/espana\/2025-08-15\/psoe-y-pp-abren-una-guerra-por-la-gestion-de-los-incendios-que-asolan-castilla-y-leon-y-galicia.html\" rel=\"nofollow noopener\" target=\"_blank\">provocaciones del Gobierno<\/a>, que no ocurren en ninguna democracia occidental\u201d, abund\u00f3, antes de lanzar su idea estelar: el despliegue del Ej\u00e9rcito. Eso s\u00ed \u2014aclar\u00f3 ante la pregunta de un periodista\u2014, sin llegar al <a href=\"https:\/\/elpais.com\/espana\/2025-04-29\/que-comunidades-mantienen-el-nivel-maximo-de-emergencia-y-cuales-no-tras-el-gran-apagon.html#:~:text=El%20nivel%203%20supone%20que,que%20deban%20emplearse%20para%20ello.\" rel=\"nofollow noopener\" target=\"_blank\">nivel 3 de alerta<\/a>, que implicar\u00eda que el mando lo asume Interior y lo pierden las comunidades, <a href=\"https:\/\/elpais.com\/espana\/2024-11-04\/feijoo-insiste-en-declarar-la-emergencia-nacional-que-situa-a-marlaska-en-lugar-de-mazon-al-frente-de-la-crisis.html\" rel=\"nofollow noopener\" target=\"_blank\">como s\u00ed reclam\u00f3 en la dana<\/a>. El PP no se movi\u00f3 de esta posici\u00f3n, la de no pedir el nivel 3 de alerta, mientras la propia Xunta admite ya que los m\u00faltiples incendios \u201cempiezan a desbaratar los servicios de emergencia\u201d.<\/p>\n<p class=\"\">Aunque la UME ya est\u00e1 desplegada, el l\u00edder del PP insisti\u00f3 en que quiere m\u00e1s. En un mensaje que enfatizaba la responsabilidad de la escala estatal de la administraci\u00f3n, afirm\u00f3: \u201cDebemos pedir al Ej\u00e9rcito que est\u00e9 preparado para desplegar su fuerza operativa y log\u00edstica y su capacidad de apoyo para ayudar a la evacuaci\u00f3n de poblaciones, para avituallar a las poblaciones que tienen que ser trasladadas, para ayudar en la vigilancia de los per\u00edmetros en las patrullas de extinci\u00f3n. Pido que el Ej\u00e9rcito de Espa\u00f1a, a trav\u00e9s de Interior, Protecci\u00f3n Civil y en coordinaci\u00f3n con las comunidades aut\u00f3nomas, ponga sus medios operativos y maquinaria pesada y medios a\u00e9reos para ayudar en la extinci\u00f3n\u201d.<\/p>\n<p class=\"\">Desde Moncloa se\u00f1alan que la reclamaci\u00f3n de Feij\u00f3o no responde a ning\u00fan an\u00e1lisis f\u00e1ctico, sino a un deseo de transmitir una idea de falta de efectivos que no se corresponde con la realidad. \u201cEs la b\u00fasqueda de una falsa pol\u00e9mica, otra m\u00e1s\u201d, se\u00f1ala la citada fuente, que llama la atenci\u00f3n sobre el hecho de que por la ma\u00f1ana fuera el presidente del PP, sin poder institucional, y no Ma\u00f1ueco, el que hiciera la petici\u00f3n. <\/p>\n<p class=\"\">Por la tarde, la presidenta de la Comunidad de Madrid, Isabel D\u00edaz Ayuso, se sum\u00f3 a Feij\u00f3o mediante un mensaje en X reclamando el despliegue del Ej\u00e9rcito ante \u201cla gravedad de la situaci\u00f3n en toda Espa\u00f1a\u201d. \u201cNo se da abasto\u201d, escribi\u00f3.<\/p>\n<blockquote class=\"twitter-tweet\">\n<p lang=\"es\" dir=\"ltr\">Dadas las circunstancias, la gravedad de la situaci\u00f3n en toda Espa\u00f1a, el Gobierno deber\u00eda desplegar el Ej\u00e9rcito, maquinaria pesada y solicitar m\u00e1s medios a\u00e9reos al mecanismo europeo.<\/p>\n<p>Estamos enviando nuestros recursos a zonas alejadas, m\u00e1s all\u00e1 de lo previsto, comprometiendo los\u2026<\/p>\n<p>\u2014 Isabel D\u00edaz Ayuso (@IdiazAyuso) <a href=\"https:\/\/twitter.com\/IdiazAyuso\/status\/1956410477682295269?ref_src=twsrc%5Etfw\" rel=\"nofollow noopener\" target=\"_blank\">August 15, 2025<\/a><\/p><\/blockquote>\n<p class=\"\">El presidente del Gobierno, Pedro S\u00e1nchez, hizo una ronda de llamadas a Alfonso Rueda, Alfonso Fern\u00e1ndez Ma\u00f1ueco, Mar\u00eda Guardiola y Adri\u00e1n Barb\u00f3n, los presidentes de Galicia \u2014la comunidad que m\u00e1s preocupa al Ejecutivo ahora mismo\u2014, Castilla y Le\u00f3n, Extremadura y Asturias, respectivamente. Todos son del PP menos Barb\u00f3n, del PSOE. <\/p>\n<p class=\"\">Tanto Guardiola como Rueda contaron en X que hab\u00edan recibido la llamada y que le hab\u00edan solicitado al presidente m\u00e1s medios para atacar los incendios, pero ni uno ni otro hicieron referencia expl\u00edcita al despliegue militar que s\u00ed reclamaron Feij\u00f3o y Ayuso. S\u00ed lo hizo, en cambio, Ma\u00f1ueco, que afirm\u00f3 que hab\u00eda solicitado a S\u00e1nchez \u201cm\u00e1s medios del Ej\u00e9rcito para reforzar la importante labor que ya est\u00e1n desarrollando los operativos auton\u00f3micos y la UME\u201d.<\/p>\n<blockquote class=\"twitter-tweet\">\n<p lang=\"es\" dir=\"ltr\">He recibido la llamada del presidente del Gobierno de Espa\u00f1a para valorar la situaci\u00f3n en <a href=\"https:\/\/twitter.com\/hashtag\/CastillayLe%C3%B3n?src=hash&amp;ref_src=twsrc%5Etfw\" rel=\"nofollow noopener\" target=\"_blank\">#CastillayLe\u00f3n<\/a>. Adem\u00e1s de informarle del estado actual de los heridos y de los incendios, le he recordado lo mismo que ya le traslad\u00e9 en julio de 2022: Abordar los incendios como temas de\u2026<\/p>\n<p>\u2014 Alfonso F. Ma\u00f1ueco (@alferma1) <a href=\"https:\/\/twitter.com\/alferma1\/status\/1956422019819372940?ref_src=twsrc%5Etfw\" rel=\"nofollow noopener\" target=\"_blank\">August 15, 2025<\/a><\/p><\/blockquote>\n<p><b>S\u00e1nchez en el comit\u00e9 de coordinaci\u00f3n<\/b><\/p>\n<p class=\"\">El Gobierno elevar\u00e1 este s\u00e1bado su perfil. S\u00e1nchez presidir\u00e1 telem\u00e1ticamente desde Lanzarote, donde se encuentra de <a href=\"https:\/\/elpais.com\/espana\/2025-08-14\/politica-y-vacaciones-cuando-el-pp-reclamaba-a-sanchez-aparcar-su-veraneo-por-la-caida-de-kabul.html\" target=\"_self\" rel=\"nofollow noopener\" title=\"https:\/\/elpais.com\/espana\/2025-08-14\/politica-y-vacaciones-cuando-el-pp-reclamaba-a-sanchez-aparcar-su-veraneo-por-la-caida-de-kabul.html\">vacaciones<\/a>, la reuni\u00f3n del Comit\u00e9 Estatal de Coordinaci\u00f3n y Direcci\u00f3n (Cecod) de incendios forestales. La reaparici\u00f3n de S\u00e1nchez se producir\u00e1 un d\u00eda despu\u00e9s de que Feij\u00f3o acaparase el foco con su petici\u00f3n de despliegue del Ej\u00e9rcito, a la que el Gobierno quiere dar el m\u00ednimo recorrido posible. <\/p>\n<p class=\"\">En el Cecod estar\u00e1n presentes representantes de los ministerios de Defensa, Transici\u00f3n Ecol\u00f3gica y Reto Demogr\u00e1fico, Interior, as\u00ed como de Protecci\u00f3n Civil, la Aemet, la Guardia Civil, la Polic\u00eda Nacional, Tr\u00e1fico y la Fiscal\u00eda de Medio Ambiente. Adem\u00e1s, la vicepresidenta tercera y ministra de Transici\u00f3n Ecol\u00f3gica, Sara Aagesen, visitar\u00e1 la BRIF (Brigada de Refuerzo en Incendios Forestales) que trabaja en Pinofranqueado (C\u00e1ceres), actualmente volcada en <a href=\"https:\/\/elpais.com\/espana\/2025-08-14\/dos-municipios-confinados-y-decenas-de-desalojados-en-extremadura-por-el-incendio-de-jarilla.html\" target=\"_self\" rel=\"nofollow noopener\" title=\"https:\/\/elpais.com\/espana\/2025-08-14\/dos-municipios-confinados-y-decenas-de-desalojados-en-extremadura-por-el-incendio-de-jarilla.html\">tareas de extinci\u00f3n<\/a>.<\/p>\n<p class=\"\">El Gobierno no tiene previsto actualmente alterar los niveles de emergencia en vigor. Por la ma\u00f1ana, y pese al dramatismo con el que Feij\u00f3o describi\u00f3 una situaci\u00f3n de desbordamiento, el presidente del PP descart\u00f3 pedir el nivel 3, <a href=\"https:\/\/elpais.com\/espana\/2024-11-04\/feijoo-insiste-en-declarar-la-emergencia-nacional-que-situa-a-marlaska-en-lugar-de-mazon-al-frente-de-la-crisis.html\" rel=\"nofollow noopener\" target=\"_blank\">como hizo con la dana<\/a>, lo que supondr\u00eda dar el mando a Interior. \u201cLas comunidades son las que conocen mejor c\u00f3mo atajar [los incendios] y no han pedido el nivel 3\u201d, explic\u00f3 Feij\u00f3o. Desde Moncloa se declaran expectantes ante lo que sobre los niveles de alerta soliciten las comunidades, y recuerdan que durante el apag\u00f3n <a href=\"https:\/\/elpais.com\/espana\/2025-04-28\/sanchez-declara-la-emergencia-nacional-en-las-tres-comunidades-que-lo-han-solicitado.html\" rel=\"nofollow noopener\" target=\"_blank\">hubo ocho \u2014entre ellas Madrid\u2014 que lo solicitaron<\/a>. A priori, a\u00f1aden, el Gobierno cree preferible que el mando lo tengan los ejecutivos auton\u00f3micos, los que \u201cmejor conocen el terreno\u201d, pero la situaci\u00f3n podr\u00eda cambiar si alguna comunidad pidiese el nivel 3 o si se hiciese evidente que alguna es \u201cincapaz de asumir el control\u201d. \u201cNo obstante, ahora mismo las comunidades tienen ya al 100% a su disposici\u00f3n los recursos del Estado. Lo \u00fanico que cambiar\u00eda con el nivel 3 es que el mando pasar\u00eda al Ministerio del Interior\u201d, concluyen. <\/p>\n<p><script async src=\"https:\/\/platform.twitter.com\/widgets.js\" charset=\"utf-8\"><\/script><\/p>\n","protected":false},"excerpt":{"rendered":"El Gobierno acogi\u00f3 este viernes con \u201cindignaci\u00f3n\u201d la petici\u00f3n, formulada por la ma\u00f1ana por Alberto N\u00fa\u00f1ez Feij\u00f3o, de&hellip;\n","protected":false},"author":2,"featured_media":50901,"comment_status":"","ping_status":"","sticky":false,"template":"","format":"standard","meta":{"footnotes":""},"categories":[8],"tags":[17,18,14943,25,24,13,14,816,582,11,4342,8877,19,20,9,10,15,16,956,1699,23,12,21,22],"class_list":{"0":"post-50900","1":"post","2":"type-post","3":"status-publish","4":"format-standard","5":"has-post-thumbnail","7":"category-espana","8":"tag-breaking-news","9":"tag-breakingnews","10":"tag-ejercito-espanol","11":"tag-es","12":"tag-espana","13":"tag-featured-news","14":"tag-featurednews","15":"tag-galicia","16":"tag-gobierno","17":"tag-headlines","18":"tag-incendios","19":"tag-incendios-forestales","20":"tag-latest-news","21":"tag-latestnews","22":"tag-news","23":"tag-noticias","24":"tag-noticias-destacadas","25":"tag-noticiasdestacadas","26":"tag-pp","27":"tag-psoe","28":"tag-spain","29":"tag-titulares","30":"tag-ultimas-noticias","31":"tag-ultimasnoticias"},"share_on_mastodon":{"url":"","error":""},"_links":{"self":[{"href":"https:\/\/www.europesays.com\/es\/wp-json\/wp\/v2\/posts\/50900","targetHints":{"allow":["GET"]}}],"collection":[{"href":"https:\/\/www.europesays.com\/es\/wp-json\/wp\/v2\/posts"}],"about":[{"href":"https:\/\/www.europesays.com\/es\/wp-json\/wp\/v2\/types\/post"}],"author":[{"embeddable":true,"href":"https:\/\/www.europesays.com\/es\/wp-json\/wp\/v2\/users\/2"}],"replies":[{"embeddable":true,"href":"https:\/\/www.europesays.com\/es\/wp-json\/wp\/v2\/comments?post=50900"}],"version-history":[{"count":0,"href":"https:\/\/www.europesays.com\/es\/wp-json\/wp\/v2\/posts\/50900\/revisions"}],"wp:featuredmedia":[{"embeddable":true,"href":"https:\/\/www.europesays.com\/es\/wp-json\/wp\/v2\/media\/50901"}],"wp:attachment":[{"href":"https:\/\/www.europesays.com\/es\/wp-json\/wp\/v2\/media?parent=50900"}],"wp:term":[{"taxonomy":"category","embeddable":true,"href":"https:\/\/www.europesays.com\/es\/wp-json\/wp\/v2\/categories?post=50900"},{"taxonomy":"post_tag","embeddable":true,"href":"https:\/\/www.europesays.com\/es\/wp-json\/wp\/v2\/tags?post=50900"}],"curies":[{"name":"wp","href":"https:\/\/api.w.org\/{rel}","templated":true}]}}