{"id":50910,"date":"2025-08-16T07:30:16","date_gmt":"2025-08-16T07:30:16","guid":{"rendered":"https:\/\/www.europesays.com\/es\/50910\/"},"modified":"2025-08-16T07:30:16","modified_gmt":"2025-08-16T07:30:16","slug":"f1-la-llave-que-tendria-colapinto-para-quedarse-en-alpine-en-2026","status":"publish","type":"post","link":"https:\/\/www.europesays.com\/es\/50910\/","title":{"rendered":"F1: la llave que tendr\u00eda Colapinto para quedarse en Alpine en 2026"},"content":{"rendered":"<p>La <strong>F\u00f3rmula 1<\/strong> se encuentra transitando su receso de verano, mientras espera por lo que ser\u00e1 el reinicio de la actividad con el <strong>Gran Premio de Pa\u00edses Bajos<\/strong> en Zandvoort, el pr\u00f3ximo 31 de agosto. Los pilotos aprovechan los d\u00edas para descansar, pero las novedades y los rumores siguen dando vueltas en el ambiente de la m\u00e1xima categor\u00eda.\u00a0<\/p>\n<p><strong><a href=\"http:\/\/carburando.com\/notas\/f1-el-conmovedor-posteo-de-alpine-para-colapinto\" rel=\"nofollow noopener\" target=\"_blank\">Leer adem\u00e1s: El conmovedor video que subi\u00f3 Alpine retratando a Colapinto<\/a><\/strong><\/p>\n<p><strong>Franco Colapinto <\/strong>sigue con su preparaci\u00f3n y reparte sus d\u00edas tambi\u00e9n con actividades de ocio. Sin embargo, <strong>el oriundo de Pilar se mantiene en el foco de las noticias de los diferentes portales europeos, los cuales hacen foco puntualmente en su futuro y en la posibilidad o no de continuidad durante 2026.\u00a0<\/strong><\/p>\n<p>El periodista <strong>Nate Saunders<\/strong> de <strong>ESPN Gran Breta\u00f1a<\/strong> analiz\u00f3 los pr\u00f3ximos pasos de Alpine y puso sobre la mesa <strong>la alternativa de que Colapinto sea reemplazado de cara al a\u00f1o que viene<\/strong>. La opci\u00f3n inicial que se\u00f1ala es la de V<strong>altteri Bottas <\/strong>por su ligaz\u00f3n con Mercedes, aunque este transcendido viene desde hace tiempo y <strong>hoy estar\u00eda supeditado a si el finland\u00e9s es convocado o no por Cadillac.\u00a0<\/strong><\/p>\n<p>&#13;<br \/>\n&#13;<\/p>\n<p><strong><img decoding=\"async\" src=\"https:\/\/www.europesays.com\/es\/wp-content\/uploads\/2025\/08\/AD_4nXfTwUY--wMkknZILY3rhsNQIrd4ki9zl0WbGYU-j3-dGStZl-PumIL6IIG6IVa_l67jaZzItq_vf9hR3tf9yq-mHk28O17H.jpeg\" style=\"height:449px; width:800px\"\/><\/strong><\/p>\n<p>Otro de los nombres que se\u00f1ala Saunders en su publicaci\u00f3n es el de <strong>Paul Aron<\/strong>, quien actualmente ocupa el lugar de reserva del equipo galo. Seg\u00fan comunic\u00f3 el brit\u00e1nico, <strong>el estonio podr\u00eda tener su oportunidad sobre finales de la temporada<\/strong>. Sin embargo, Colapinto tambi\u00e9n tendr\u00eda chances de mantener su asiento en 2026.\u00a0<\/p>\n<p>&#13;<br \/>\n&#13;<\/p>\n<p><strong><a href=\"http:\/\/carburando.com\/notas\/asi-pasan-sus-vacaciones-los-pilotos-de-f1\" rel=\"nofollow noopener\" target=\"_blank\">Leer adem\u00e1s: \u00bfQu\u00e9 hacen los pilotos de la F1 durante las vacaciones?<\/a><\/strong><\/p>\n<p>A lo largo de su nota, Saunders se\u00f1ala que antes de que comience el receso <strong>fuentes cercanas a Alpine le hab\u00edan expresado que Franco puede continuar dentro de la formaci\u00f3n con sede en Enstone una vez culminado el 2025 y sin depender de su rendimiento, debido al fuerte apoyo econ\u00f3mico que aporta<\/strong>. Cabe recordar que el bonaerense cuenta con una cartera significativa de sponsor.\u00a0<\/p>\n<p>&#13;<br \/>\n&#13;<br \/>\n<strong>\u00bfColapinto a IndyCar o el WEC?<\/strong>&#13;<br \/>\n&#13;<\/p>\n<p>Si bien Colapinto no vive un momento c\u00f3modo con Alpine, algunos medios europeos ya indican que sus d\u00edas en la F1 est\u00e1n contados.<strong> El sitio web F\u00f3rmula 1 Magazine, que es de Pa\u00edses Bajos, dio a entender que los managers del argentino estar\u00edan barajando opciones como la IndyCar o el WEC para la continuidad del joven albiceleste.<\/strong><\/p>\n<p>&#13;<br \/>\n&#13;<\/p>\n<p><strong><img decoding=\"async\" src=\"https:\/\/www.europesays.com\/es\/wp-content\/uploads\/2025\/08\/AD_4nXclBoR3tviZuGBOflMtC6k76KvLZibYp0gMKraT_GkXbImojq-AJYCEDWRFUJQhdt1wFx21mCKGw0pcfLNPdPQkCuaEjB_N.jpeg\" style=\"height:452px; width:800px\"\/><\/strong><\/p>\n","protected":false},"excerpt":{"rendered":"La F\u00f3rmula 1 se encuentra transitando su receso de verano, mientras espera por lo que ser\u00e1 el reinicio&hellip;\n","protected":false},"author":2,"featured_media":50911,"comment_status":"","ping_status":"","sticky":false,"template":"","format":"standard","meta":{"footnotes":""},"categories":[270],"tags":[168,25,24,4636,306,271,272,23,167],"class_list":{"0":"post-50910","1":"post","2":"type-post","3":"status-publish","4":"format-standard","5":"has-post-thumbnail","7":"category-formula-1","8":"tag-deportes","9":"tag-es","10":"tag-espana","11":"tag-frmula-1","12":"tag-f1","13":"tag-formula-1","14":"tag-formula1","15":"tag-spain","16":"tag-sports"},"share_on_mastodon":{"url":"","error":""},"_links":{"self":[{"href":"https:\/\/www.europesays.com\/es\/wp-json\/wp\/v2\/posts\/50910","targetHints":{"allow":["GET"]}}],"collection":[{"href":"https:\/\/www.europesays.com\/es\/wp-json\/wp\/v2\/posts"}],"about":[{"href":"https:\/\/www.europesays.com\/es\/wp-json\/wp\/v2\/types\/post"}],"author":[{"embeddable":true,"href":"https:\/\/www.europesays.com\/es\/wp-json\/wp\/v2\/users\/2"}],"replies":[{"embeddable":true,"href":"https:\/\/www.europesays.com\/es\/wp-json\/wp\/v2\/comments?post=50910"}],"version-history":[{"count":0,"href":"https:\/\/www.europesays.com\/es\/wp-json\/wp\/v2\/posts\/50910\/revisions"}],"wp:featuredmedia":[{"embeddable":true,"href":"https:\/\/www.europesays.com\/es\/wp-json\/wp\/v2\/media\/50911"}],"wp:attachment":[{"href":"https:\/\/www.europesays.com\/es\/wp-json\/wp\/v2\/media?parent=50910"}],"wp:term":[{"taxonomy":"category","embeddable":true,"href":"https:\/\/www.europesays.com\/es\/wp-json\/wp\/v2\/categories?post=50910"},{"taxonomy":"post_tag","embeddable":true,"href":"https:\/\/www.europesays.com\/es\/wp-json\/wp\/v2\/tags?post=50910"}],"curies":[{"name":"wp","href":"https:\/\/api.w.org\/{rel}","templated":true}]}}