{"id":509395,"date":"2026-04-21T06:56:16","date_gmt":"2026-04-21T06:56:16","guid":{"rendered":"https:\/\/www.europesays.com\/es\/509395\/"},"modified":"2026-04-21T06:56:16","modified_gmt":"2026-04-21T06:56:16","slug":"alimerka-oviedo-baloncesto-primera-feb-8","status":"publish","type":"post","link":"https:\/\/www.europesays.com\/es\/509395\/","title":{"rendered":"ALIMERKA OVIEDO BALONCESTO PRIMERA FEB"},"content":{"rendered":"<p class=\"ft-text ft-helper-closenews\">El<strong> <\/strong><a class=\"ft-link ft-link--decoration\" href=\"https:\/\/www.lne.es\/deportes\/deporte-astur\/2026\/04\/19\/fe-alimerka-oviedo-baloncesto-suficiente-129277963.html\" rel=\"nofollow noopener\" target=\"_blank\"><strong>Alimerka Oviedo<\/strong><\/a>jugar\u00e1 el <strong>play-off de ascenso a la ACB<\/strong> si gana ma\u00f1ana (<strong>20:30 horas<\/strong>) al <strong>Palmer Mallorca<\/strong> en el <strong>Palacio de los Deportes de Oviedo<\/strong>. La clasificaci\u00f3n ser\u00e1 matem\u00e1tica si a ese resultado se le une la derrota del <strong>Caja Rural Zamora<\/strong> a la misma hora en la cancha del <strong>Cartagena<\/strong> pero, aunque el equipo entrenado por <strong>Saulo Hern\u00e1ndez<\/strong> ganara su partido, la clasificaci\u00f3n, en la pr\u00e1ctica, tambi\u00e9n estar\u00eda hecha. En estos momentos, <strong>Oviedo<\/strong> lleva <strong>16 victorias<\/strong> por las <strong>13 de Zamora<\/strong> cuando quedan <strong>cuatro jornadas<\/strong> por disputarse.<\/p>\n<p><img decoding=\"async\" src=\"https:\/\/www.europesays.com\/es\/wp-content\/uploads\/2026\/04\/ce5afd3f-4c10-44f5-9a41-44a9cec34775_alta-libre-aspect-ratio_default_0_x155y221.jpg\" width=\"1200\" height=\"2558\" alt=\"Clasificaci\u00f3n y resto de jornadas para los implicados en la lucha por el play-off\" class=\"ft-helper-img-rd\" loading=\"lazy\" fetchpriority=\"auto\"\/><\/p>\n<p class=\"ft-helper-fontColor-quaternary ft-helper-fontSize-body-S ft-helper-spacer-t-xxs\">Clasificaci\u00f3n y resto de jornadas para los implicados en la lucha por el play-off  \/ LNE<\/p>\n<p>Las cuentas del play-off<\/p>\n<p class=\"ft-text\">La raz\u00f3n por la que <strong>Oviedo<\/strong> puede dejar casi certificada su clasificaci\u00f3n para el <strong>play-off<\/strong> ganando ma\u00f1ana es que en la ecuaci\u00f3n entra tambi\u00e9n el <strong>HLA Alicante<\/strong>, que lleva <strong>15 victorias<\/strong>, tiene perdido el <strong>basket-average<\/strong> particular con el <strong>OCB<\/strong> y descansa la pr\u00f3xima jornada. Si ganan <strong>Oviedo<\/strong> y <a class=\"ft-link ft-link--decoration\" href=\"https:\/\/www.lne.es\/deportes\/deporte-astur\/2026\/04\/19\/alimerka-oviedo-baloncesto-cerca-play-129286166.html\" rel=\"nofollow noopener\" target=\"_blank\"><strong>Zamora<\/strong><\/a><strong>,<\/strong> el equipo de <strong>Saulo Hern\u00e1ndez<\/strong> tendr\u00eda que ganar todos sus partidos (entre ellos al <strong>Alimerka Oviedo<\/strong> en el <strong>Palacio<\/strong>) para alcanzar al <strong>OCB<\/strong> y uno de ellos es precisamente contra el <strong>Alicante<\/strong>. En ese caso, <strong>Zamora<\/strong>, <strong>Alicante<\/strong> y <strong>Oviedo<\/strong> se quedar\u00edan igualados a <strong>17 victorias<\/strong>, situaci\u00f3n en la que el conjunto levantino saldr\u00eda perjudicado y se quedar\u00eda sin jugar el <strong>play-off<\/strong>.<\/p>\n<p><img decoding=\"async\" src=\"https:\/\/www.europesays.com\/es\/wp-content\/uploads\/2026\/04\/a0f4c5d7-9f7f-481b-be39-1e4e9bc3ca14_alta-libre-aspect-ratio_default_0_x351y58.jpg\" width=\"1200\" height=\"297\" alt=\"Los average del Alimerka Oviedo Baloncesto con sus rivales por el play-off\" class=\"ft-helper-img-rd\" loading=\"lazy\" fetchpriority=\"auto\"\/><\/p>\n<p class=\"ft-helper-fontColor-quaternary ft-helper-fontSize-body-S ft-helper-spacer-t-xxs\">Los average del Alimerka Oviedo Baloncesto con sus rivales por el play-off  \/ LNE<\/p>\n<p>M\u00faltiples combinaciones en la recta final<\/p>\n<p class=\"ft-text\">A pesar de esta circunstancia, a\u00fan no se puede decir que la clasificaci\u00f3n sea matem\u00e1tica si <a class=\"ft-link ft-link--decoration\" href=\"https:\/\/www.lne.es\/deportes\/deporte-astur\/2026\/04\/19\/javi-rodriguez-entrenador-alimerka-oviedo-129288578.html\" rel=\"nofollow noopener\" target=\"_blank\"><strong>Oviedo <\/strong><\/a>gana ma\u00f1ana porque a ese tr\u00edo se le podr\u00edan unir otros tres equipos \u2013<strong>Gipuzkoa<\/strong>, <strong>Fuenlabrada<\/strong> y <strong>Menorca<\/strong>\u2013 y eso multiplica las posibles combinaciones. Depende de c\u00f3mo hayan quedado entre ellos a lo largo de la temporada, pero los buenos resultados que ha tenido <strong>Oviedo<\/strong> con sus rivales por el <strong>play-off<\/strong> indican que esa clasificaci\u00f3n se dar\u00eda en pr\u00e1cticamente todos los casos.<\/p>\n<p data-close=\"closedContent\" class=\"subscribeHideForDisplay\">Suscr\u00edbete para seguir leyendo<\/p>\n","protected":false},"excerpt":{"rendered":"El Alimerka Oviedojugar\u00e1 el play-off de ascenso a la ACB si gana ma\u00f1ana (20:30 horas) al Palmer Mallorca&hellip;\n","protected":false},"author":2,"featured_media":509396,"comment_status":"","ping_status":"","sticky":false,"template":"","format":"standard","meta":{"footnotes":""},"categories":[269],"tags":[2206,1795,299,298,4616,168,25,24,1796,11394,23,167,1261,2946],"class_list":["post-509395","post","type-post","status-publish","format-standard","has-post-thumbnail","category-baloncesto","tag-alicante","tag-alimerka","tag-baloncesto","tag-basketball","tag-clasificacion","tag-deportes","tag-es","tag-espana","tag-oviedo","tag-play","tag-spain","tag-sports","tag-victoria","tag-zamora"],"share_on_mastodon":{"url":"https:\/\/pubeurope.com\/@es\/116441395742453670","error":""},"_links":{"self":[{"href":"https:\/\/www.europesays.com\/es\/wp-json\/wp\/v2\/posts\/509395","targetHints":{"allow":["GET"]}}],"collection":[{"href":"https:\/\/www.europesays.com\/es\/wp-json\/wp\/v2\/posts"}],"about":[{"href":"https:\/\/www.europesays.com\/es\/wp-json\/wp\/v2\/types\/post"}],"author":[{"embeddable":true,"href":"https:\/\/www.europesays.com\/es\/wp-json\/wp\/v2\/users\/2"}],"replies":[{"embeddable":true,"href":"https:\/\/www.europesays.com\/es\/wp-json\/wp\/v2\/comments?post=509395"}],"version-history":[{"count":0,"href":"https:\/\/www.europesays.com\/es\/wp-json\/wp\/v2\/posts\/509395\/revisions"}],"wp:featuredmedia":[{"embeddable":true,"href":"https:\/\/www.europesays.com\/es\/wp-json\/wp\/v2\/media\/509396"}],"wp:attachment":[{"href":"https:\/\/www.europesays.com\/es\/wp-json\/wp\/v2\/media?parent=509395"}],"wp:term":[{"taxonomy":"category","embeddable":true,"href":"https:\/\/www.europesays.com\/es\/wp-json\/wp\/v2\/categories?post=509395"},{"taxonomy":"post_tag","embeddable":true,"href":"https:\/\/www.europesays.com\/es\/wp-json\/wp\/v2\/tags?post=509395"}],"curies":[{"name":"wp","href":"https:\/\/api.w.org\/{rel}","templated":true}]}}