{"id":50953,"date":"2025-08-16T07:57:14","date_gmt":"2025-08-16T07:57:14","guid":{"rendered":"https:\/\/www.europesays.com\/es\/50953\/"},"modified":"2025-08-16T07:57:14","modified_gmt":"2025-08-16T07:57:14","slug":"rinoplastia-3d-a-la-montaraza-una-nariz-creada-con-impresora-para-la-escultura","status":"publish","type":"post","link":"https:\/\/www.europesays.com\/es\/50953\/","title":{"rendered":"Rinoplastia 3D a &#8216;La Montaraza&#8217;: una nariz creada con impresora para la escultura"},"content":{"rendered":"<p><a class=\"v-mdl-ath__fig-a\" href=\"https:\/\/www.lagacetadesalamanca.es\/autor\/carlos-rincon-6180.html\" title=\"Carlos Rinc\u00f3n\" rel=\"nofollow noopener\" target=\"_blank\"><br \/>\n<img decoding=\"async\" class=\"v-mdl-ath__img\" src=\"https:\/\/www.europesays.com\/es\/wp-content\/uploads\/2025\/08\/autor-6180-foto-1.png\" alt=\"Carlos Rinc\u00f3n\"\/><br \/>\n<\/a><\/p>\n<p class=\"v-mdl-ath__p v-mdl-ath__p--6\">\nS\u00e1bado, 16 de agosto 2025, 06:30<\/p>\n<p class=\"v-p\">En dos semanas la <strong>escultura de &#8216;La Montaraza&#8217;<\/strong>, en la plaza de Gabriel y Gal\u00e1n, volver\u00e1 a lucir un rostro completo, muy similar al que le dio su autor, <strong>Juan Crist\u00f3bal Gonz\u00e1lez<\/strong>. Para esta &#8216;rinoplastia&#8217; a la que se someter\u00e1 la obra, su <strong>restaurador Miguel Garc\u00eda<\/strong> ha optado por utilizar las nuevas tecnolog\u00edas. Tomando como referencia la nariz de la otra escultura de mujer del mismo escultor que comparte espacio con ella, ha recreado digitalmente el rostro completo de la pieza da\u00f1ada. Y ser\u00e1 una impresora digital la que &#8216;esculpa&#8217; esa nariz que posteriormente se unir\u00e1 a la estatua.<\/p>\n<p><img decoding=\"async\" loading=\"lazy\" src=\"https:\/\/www.europesays.com\/es\/wp-content\/uploads\/2025\/08\/WhatsApp Image 2025-08-14 at 14.04.14 (1)-U67535212201aoH-748x524@Gaceta Salamanca.jpg\" class=\"v-a-img\" width=\"748\" height=\"524\" alt=\"Recreaci\u00f3n 3D de la escultura con la nueva nariz.\" data-voc-vtm-id=\"in-text-traffic\"\/><\/p>\n<p>Recreaci\u00f3n 3D de la escultura con la nueva nariz.<\/p>\n<p><img loading=\"lazy\" decoding=\"async\" src=\"https:\/\/www.europesays.com\/es\/wp-content\/uploads\/2025\/08\/WhatsApp Image 2025-08-14 at 14.04.14 (1)-U67535212201aoH-748x524@Gaceta Salamanca.jpg\" class=\"v-mdl__img-z\" width=\"748\" height=\"524\" alt=\"\"\/><\/p>\n<p><img decoding=\"async\" loading=\"lazy\" src=\"https:\/\/www.europesays.com\/es\/wp-content\/uploads\/2025\/08\/WhatsApp Image 2025-08-14 at 14.04.14-U78605534461xXN-748x524@Gaceta Salamanca.jpg\" class=\"v-a-img\" width=\"748\" height=\"524\" alt=\"Estado original de la obra.\" data-voc-vtm-id=\"in-text-traffic\"\/><\/p>\n<p>Estado original de la obra.<\/p>\n<p><img loading=\"lazy\" decoding=\"async\" src=\"https:\/\/www.europesays.com\/es\/wp-content\/uploads\/2025\/08\/WhatsApp Image 2025-08-14 at 14.04.14-U78605534461xXN-748x524@Gaceta Salamanca.jpg\" class=\"v-mdl__img-z\" width=\"748\" height=\"524\" alt=\"\"\/><\/p>\n<p class=\"v-p\">\u00abHay que poner el \u00e9nfasis en que el restaurador trata de realizar un trabajo t\u00e9cnico y no art\u00edstico. Aunque se intenta dominar todas las t\u00e9cnicas art\u00edsticas, no somos creativos ni creadores. La idea es devolver, en la medida de lo posible, la imagen a su estado original, a como lo cre\u00f3 el artista\u00bb, explica Garc\u00eda. \u00abM\u00e1s all\u00e1 de interpretar una nariz nueva, porque adem\u00e1s no hay muchas referencias. Solo alguna fotograf\u00eda muestra como era antes de que se rompiera\u00bb, a\u00f1ade.<\/p>\n<p class=\"v-p\">Despu\u00e9s de haber acabado con la restauraci\u00f3n de dos obras de <strong>Antonio Casillas<\/strong> que se encuentran en <strong>La Alamedilla<\/strong> (&#8216;Mujer dibujando en la tierra&#8217; y &#8216;El rapto de Europa&#8217;), as\u00ed como del escudo municipal que est\u00e1 en el mismo parque, el pasado jueves el restaurador delimit\u00f3 el &#8216;quir\u00f3fano&#8217; en el que se acometer\u00e1 esta particular rinoplastia. &#8216;La Montaraza&#8217; qued\u00f3 completamente vallada para acometer no solo la rehabilitaci\u00f3n de su rostro, sino tambi\u00e9n la limpieza completa de esta pieza de m\u00e1rmol, ya que recientemente ha sido objeto de nuevos actos vand\u00e1licos. Esta labor le llevar\u00e1 al experto aproximadamente dos semanas, seg\u00fan apunta.<\/p>\n<p><img decoding=\"async\" loading=\"lazy\" src=\"https:\/\/www.europesays.com\/es\/wp-content\/uploads\/2025\/08\/WhatsApp Image 2025-08-14 at 14.04.04 (2)-U35243732183MBk-748x524@Gaceta Salamanca.jpg\" class=\"v-a-img\" width=\"748\" height=\"524\" alt=\"Recreaci\u00f3n 3D de la escultura con la nueva nariz.\" data-voc-vtm-id=\"in-text-traffic\"\/><\/p>\n<p>Recreaci\u00f3n 3D de la escultura con la nueva nariz.<\/p>\n<p><img loading=\"lazy\" decoding=\"async\" src=\"https:\/\/www.europesays.com\/es\/wp-content\/uploads\/2025\/08\/WhatsApp Image 2025-08-14 at 14.04.04 (2)-U35243732183MBk-748x524@Gaceta Salamanca.jpg\" class=\"v-mdl__img-z\" width=\"748\" height=\"524\" alt=\"\"\/><\/p>\n<p><img decoding=\"async\" loading=\"lazy\" src=\"https:\/\/www.europesays.com\/es\/wp-content\/uploads\/2025\/08\/WhatsApp Image 2025-08-14 at 14.04.04 (1)-U55678100331ppL-748x524@Gaceta Salamanca.jpg\" class=\"v-a-img\" width=\"748\" height=\"524\" alt=\"Estado original de 'La Montaraza'.\" data-voc-vtm-id=\"in-text-traffic\"\/><\/p>\n<p>Estado original de &#8216;La Montaraza&#8217;.<\/p>\n<p><img loading=\"lazy\" decoding=\"async\" src=\"https:\/\/www.europesays.com\/es\/wp-content\/uploads\/2025\/08\/WhatsApp Image 2025-08-14 at 14.04.04 (1)-U55678100331ppL-748x524@Gaceta Salamanca.jpg\" class=\"v-mdl__img-z\" width=\"748\" height=\"524\" alt=\"\"\/><\/p>\n<p class=\"v-p\">Miguel Garc\u00eda ha escaneado tanto el rostro de la obra a rehabilitar como la nariz de la otra escultura de mujer que se encuentra junto a ella en la plaza de Gabriel y Gal\u00e1n. Con la ayuda de <strong>Gemma Mart\u00edn Rodr\u00edguez<\/strong>, han editado y montado las im\u00e1genes obtenidas para generar una imagen 3D lo m\u00e1s aproximada posible a la nariz original de la estatua. Tras esa recreaci\u00f3n digital, el siguiente paso es imprimirla. \u00abUtilizamos un material lo m\u00e1s estable posible dentro de la gama que puede usar una impresora aditiva, que es la que vamos a emplear, y, sobre todo, hay que elegir un material al que no le afecten en la medida de lo posible las inclemencias ambientales, sobre todo temperatura y humedad\u00bb, a\u00f1ade. Una vez disponga de la pieza, se realizar\u00e1n unos anclajes en la escultura para adherir la nueva nariz realizando un buen ajuste y un sellado de grietas con una argamasa, tal y como ha hecho para cerrar la grieta que atravesaba el escudo de La Alamedilla.<\/p>\n<p class=\"v-p\">\u00ab\u00bfC\u00f3mo va a salir la nariz de la impresora 3D? En un tono que seguramente haya que ajustar tambi\u00e9n al de la propia escultura, y eso se har\u00e1 del mismo modo que se hace la reintegraci\u00f3n crom\u00e1tica en una obra de arte. Creo que voy a emplear la t\u00e9cnica del puntillismo, es decir, puntos de una gama crom\u00e1tica lo m\u00e1s blanquecina posible, como el m\u00e1rmol original, y para que en la distancia se pueda ver uniformidad en la escultura, pero desde un lugar m\u00e1s pr\u00f3ximo se observar\u00e1n esos detalles. As\u00ed la parte reintegrada tendr\u00e1 un tono distinto, y se podr\u00e1 diferenciar la parte que ha realizado el restaurador de la que hizo el autor\u00bb, explica Garc\u00eda.<\/p>\n<p class=\"v-p\">El trabajo de restauraci\u00f3n que est\u00e1 llevando a cabo Miguel Garc\u00eda no solo con &#8216;La Montaraza&#8217;, sino tambi\u00e9n con las obras de Antonio Casillas que se exhiben en La Alamedilla o con el escudo que est\u00e1 tambi\u00e9n en este parque responde a un encargo del Ayuntamiento de Salamanca para rehabilitar el arte urbano.<\/p>\n<p class=\"v-p\">En las pr\u00f3ximas semanas el restaurador debe restaurar tambi\u00e9n la escultura de <strong>&#8216;El Ni\u00f1o del avi\u00f3n&#8217; de Carmelitas<\/strong> as\u00ed como la inscripci\u00f3n que se encuentra junto al <strong>Lazarillo de Tormes<\/strong>, cerca del Puente Romano.<\/p>\n<p>Comenta<\/p>\n<p>Reporta un error<\/p>\n","protected":false},"excerpt":{"rendered":"S\u00e1bado, 16 de agosto 2025, 06:30 En dos semanas la escultura de &#8216;La Montaraza&#8217;, en la plaza de&hellip;\n","protected":false},"author":2,"featured_media":50954,"comment_status":"","ping_status":"","sticky":false,"template":"","format":"standard","meta":{"footnotes":""},"categories":[173],"tags":[229,233,231,230,22631,232,234,146,147,25,1246,24,22632,22630,14840,22629,23],"class_list":{"0":"post-50953","1":"post","2":"type-post","3":"status-publish","4":"format-standard","5":"has-post-thumbnail","7":"category-arte-y-diseno","8":"tag-arte","9":"tag-arte-y-diseno","10":"tag-arts","11":"tag-arts-and-design","12":"tag-creada","13":"tag-design","14":"tag-diseno","15":"tag-entertainment","16":"tag-entretenimiento","17":"tag-es","18":"tag-escultura","19":"tag-espana","20":"tag-impresora","21":"tag-montaraza","22":"tag-nariz","23":"tag-rinoplastia","24":"tag-spain"},"share_on_mastodon":{"url":"","error":""},"_links":{"self":[{"href":"https:\/\/www.europesays.com\/es\/wp-json\/wp\/v2\/posts\/50953","targetHints":{"allow":["GET"]}}],"collection":[{"href":"https:\/\/www.europesays.com\/es\/wp-json\/wp\/v2\/posts"}],"about":[{"href":"https:\/\/www.europesays.com\/es\/wp-json\/wp\/v2\/types\/post"}],"author":[{"embeddable":true,"href":"https:\/\/www.europesays.com\/es\/wp-json\/wp\/v2\/users\/2"}],"replies":[{"embeddable":true,"href":"https:\/\/www.europesays.com\/es\/wp-json\/wp\/v2\/comments?post=50953"}],"version-history":[{"count":0,"href":"https:\/\/www.europesays.com\/es\/wp-json\/wp\/v2\/posts\/50953\/revisions"}],"wp:featuredmedia":[{"embeddable":true,"href":"https:\/\/www.europesays.com\/es\/wp-json\/wp\/v2\/media\/50954"}],"wp:attachment":[{"href":"https:\/\/www.europesays.com\/es\/wp-json\/wp\/v2\/media?parent=50953"}],"wp:term":[{"taxonomy":"category","embeddable":true,"href":"https:\/\/www.europesays.com\/es\/wp-json\/wp\/v2\/categories?post=50953"},{"taxonomy":"post_tag","embeddable":true,"href":"https:\/\/www.europesays.com\/es\/wp-json\/wp\/v2\/tags?post=50953"}],"curies":[{"name":"wp","href":"https:\/\/api.w.org\/{rel}","templated":true}]}}