{"id":5096,"date":"2025-07-26T17:06:10","date_gmt":"2025-07-26T17:06:10","guid":{"rendered":"https:\/\/www.europesays.com\/es\/5096\/"},"modified":"2025-07-26T17:06:10","modified_gmt":"2025-07-26T17:06:10","slug":"la-jefa-estrenaba-de-rojo","status":"publish","type":"post","link":"https:\/\/www.europesays.com\/es\/5096\/","title":{"rendered":"La jefa estrenaba de rojo"},"content":{"rendered":"<p>El programa de coraz\u00f3n de los fines de semana de Telecinco arranca este s\u00e1bado 26 de julio su edici\u00f3n m\u00e1s veraniega. Con Emma Garc\u00eda de vacaciones, ha sido <a href=\"https:\/\/www.eleconomista.es\/informalia\/television\/noticias\/13453730\/07\/25\/comunicado-de-mediaset-terelu-campos-presentara-fiesta-en-sustitucion-de-emma-garcia.html\" title=\"Comunicado de Mediaset: Terelu Campos presentar\u00e1 &#039;Fiesta&#039; en sustituci\u00f3n de Emma Garc\u00eda\" rel=\"nofollow noopener\" target=\"_blank\">Terelu Campos quien ha tomado las riendas del formato<\/a>, debutando como presentadora sustituta y haci\u00e9ndolo con un gui\u00f1o a su madre, Mar\u00eda Teresa Campos.<\/p>\n<p><b>\u00abYo hered\u00e9 hace muchos a\u00f1os que la jefa estrenaba de rojo. Y yo hoy ten\u00eda que venir de rojo\u00bb<\/b>, ha comentado la hermana de Carmen Borrego al inicio del programa. La madre de Alejandra Rubio no solo ha apostado por ese color en su estreno, sino que tambi\u00e9n ha aprovechado la pasi\u00f3n de su madre por los zapatos para lucir un par que perteneci\u00f3 a la comunicadora.<\/p>\n<p>                            <img decoding=\"async\" src=\"https:\/\/www.europesays.com\/es\/wp-content\/uploads\/2025\/07\/770x_zapatoooos.jpg\" loading=\"lazy\"\/><\/p>\n<p>Y ha confesado la emoci\u00f3n con la que afronta este nuevo reto profesional:<b> \u00abEstoy muy ilusionada y tengo muchas ganas\u00bb<\/b>, ha destacado en directo. <\/p>\n<p>Con el desembarco de Terelu en Fiesta, la mayor de las Campos <b>retoma su papel de presentadora que tanto deseaba<\/b>. La \u00faltima vez que desempe\u00f1\u00f3 este rol fue en S\u00e1lvame Lemon Tea, cuando hizo t\u00e1ndem con Mar\u00eda Pati\u00f1o. En los \u00faltimos tiempos, ha sido colaboradora de DeViernes y, adem\u00e1s, ha participado en Supervivientes.<\/p>\n<p>                            <img decoding=\"async\" src=\"https:\/\/www.europesays.com\/es\/wp-content\/uploads\/2025\/07\/770x_estreeeeeno.jpg\" loading=\"lazy\"\/><\/p>\n<p>                            Terelu Campos junto a sus nuevos compa\u00f1eros \u00c1lex Blanquer y C\u00e9sar Mu\u00f1oz<\/p>\n<p><b>La t\u00eda de Jos\u00e9 Mar\u00eda Almoguera <\/b>se pone al frente de la nueva secci\u00f3n <b>Aires de fiesta<\/b>, que da un repaso nost\u00e1lgico a la carrera de grandes figuras del mundo del espect\u00e1culo nacionales e internacionales. Y<b> hace equipo con C\u00e9sar Mu\u00f1oz y \u00c0lex Blanquer<\/b>, los otros dos presentadores que tiene Fiesta este verano. C\u00e9sar Mu\u00f1oz lleva un a\u00f1o fuera de Mediaset, justo desde el momento en que la cadena decidi\u00f3 cancelar As\u00ed es la vida en julio de 2024. El periodista extreme\u00f1o estuvo al frente de ese espacio con Sandra Barneda, pero el formato desapareci\u00f3 cuando Telecinco decidi\u00f3 lanzar el verano pasado El diario de Jorge. Ahora, Mu\u00f1oz volver\u00e1 para ponerse al frente del magac\u00edn de coraz\u00f3n que Telecinco ofrece s\u00e1bados y domingos por la tarde. \u00c1lex Blanquer, por su parte, estuvo con Mario Picazo en Tiempo al tiempo. Asimismo, copresenta La noche de los r\u00e9cords con Jes\u00fas V\u00e1zquez.<\/p>\n<p>WhatsApp<a href=\"https:\/\/api.whatsapp.com\/send?text=https:\/\/www.eleconomista.es\/informalia\/television\/noticias\/13480970\/07\/25\/terelu-campos-se-estrena-como-presentadora-de-verano-en-fiesta-y-con-un-guino-especial-a-su-madre-maria-teresa-campos-estoy-muy-ilusionada.html?utm_source%3Dwhatsapp%26utm_medium%3Dshare_button&amp;id=1648118629957_whatsapp\" target=\"_blank\" data-action=\"share\/whatsapp\/share\" aria-label=\"Compartir en Whatsapp\" rel=\"nofollow noopener\"><\/a>Facebook<a id=\"fb-share\" href=\"#\" target=\"_blank\" rel=\"noopener noreferrer\" aria-label=\"Compartir en Facebook\"><\/a>Twitter<a href=\"https:\/\/twitter.com\/share?text=Terelu+Campos+se+estrena+como+presentadora+de+verano+en+%27Fiesta%27%2C+con+gui%C3%B1o+especial+a+su+madre%2C+Mar%C3%ADa+Teresa+Campos%3A+%22La+jefa+estrenaba+de+rojo%22&amp;url=https:\/\/www.eleconomista.es\/informalia\/television\/noticias\/13480970\/07\/25\/terelu-campos-se-estrena-como-presentadora-de-verano-en-fiesta-y-con-un-guino-especial-a-su-madre-maria-teresa-campos-estoy-muy-ilusionada.html&amp;via=Informalia&amp;id=1648118839245_twitter\" target=\"_blank\" aria-label=\"Compartir en Twitter\" rel=\"nofollow noopener\"><\/a>Linkedin<a onclick=\"return abrirLinkedin();\" href=\"https:\/\/www.linkedin.com\/shareArticle?text=Terelu+Campos+se+estrena+como+presentadora+de+verano+en+%27Fiesta%27%2C+con+gui%C3%B1o+especial+a+su+madre%2C+Mar%C3%ADa+Teresa+Campos%3A+%22La+jefa+estrenaba+de+rojo%22&amp;url=https:\/\/www.eleconomista.es\/informalia\/television\/noticias\/13480970\/07\/25\/terelu-campos-se-estrena-como-presentadora-de-verano-en-fiesta-y-con-un-guino-especial-a-su-madre-maria-teresa-campos-estoy-muy-ilusionada.html&amp;mini=true\" target=\"_blank\" aria-label=\"Compartir en linkedin\" rel=\"nofollow noopener\"><\/a>Beloud<a href=\"https:\/\/beloud.com\/share?text=Terelu+Campos+se+estrena+como+presentadora+de+verano+en+%27Fiesta%27%2C+con+gui%C3%B1o+especial+a+su+madre%2C+Mar%C3%ADa+Teresa+Campos%3A+%22La+jefa+estrenaba+de+rojo%22&amp;url=https:\/\/www.eleconomista.es\/informalia\/television\/noticias\/13480970\/07\/25\/terelu-campos-se-estrena-como-presentadora-de-verano-en-fiesta-y-con-un-guino-especial-a-su-madre-maria-teresa-campos-estoy-muy-ilusionada.html&amp;via=Informalia&amp;id=1648118839245_beloud\" target=\"_blank\" aria-label=\"Compartir en beloud\" rel=\"nofollow noopener\"><\/a>Bluesky<a href=\"https:\/\/bsky.app\/intent\/compose?text=https:\/\/bsky.app\/intent\/compose?text=https:\/\/www.eleconomista.es\/informalia\/television\/noticias\/13480970\/07\/25\/terelu-campos-se-estrena-como-presentadora-de-verano-en-fiesta-y-con-un-guino-especial-a-su-madre-maria-teresa-campos-estoy-muy-ilusionada.html&amp;url=https:\/\/www.eleconomista.es\/informalia\/television\/noticias\/13480970\/07\/25\/terelu-campos-se-estrena-como-presentadora-de-verano-en-fiesta-y-con-un-guino-especial-a-su-madre-maria-teresa-campos-estoy-muy-ilusionada.html&amp;via=elEconomistaes&amp;id=1648118839245_bluesky\" target=\"_blank\" aria-label=\"Compartir en bluesky\" rel=\"nofollow noopener\"><\/a><\/p>\n<p><script async src=\"https:\/\/platform.twitter.com\/widgets.js\" charset=\"utf-8\"><\/script><\/p>\n","protected":false},"excerpt":{"rendered":"El programa de coraz\u00f3n de los fines de semana de Telecinco arranca este s\u00e1bado 26 de julio su&hellip;\n","protected":false},"author":2,"featured_media":5097,"comment_status":"","ping_status":"","sticky":false,"template":"","format":"standard","meta":{"footnotes":""},"categories":[171],"tags":[146,147,25,24,23,807,214],"class_list":{"0":"post-5096","1":"post","2":"type-post","3":"status-publish","4":"format-standard","5":"has-post-thumbnail","7":"category-tv","8":"tag-entertainment","9":"tag-entretenimiento","10":"tag-es","11":"tag-espana","12":"tag-spain","13":"tag-television","14":"tag-tv"},"share_on_mastodon":{"url":"","error":""},"_links":{"self":[{"href":"https:\/\/www.europesays.com\/es\/wp-json\/wp\/v2\/posts\/5096","targetHints":{"allow":["GET"]}}],"collection":[{"href":"https:\/\/www.europesays.com\/es\/wp-json\/wp\/v2\/posts"}],"about":[{"href":"https:\/\/www.europesays.com\/es\/wp-json\/wp\/v2\/types\/post"}],"author":[{"embeddable":true,"href":"https:\/\/www.europesays.com\/es\/wp-json\/wp\/v2\/users\/2"}],"replies":[{"embeddable":true,"href":"https:\/\/www.europesays.com\/es\/wp-json\/wp\/v2\/comments?post=5096"}],"version-history":[{"count":0,"href":"https:\/\/www.europesays.com\/es\/wp-json\/wp\/v2\/posts\/5096\/revisions"}],"wp:featuredmedia":[{"embeddable":true,"href":"https:\/\/www.europesays.com\/es\/wp-json\/wp\/v2\/media\/5097"}],"wp:attachment":[{"href":"https:\/\/www.europesays.com\/es\/wp-json\/wp\/v2\/media?parent=5096"}],"wp:term":[{"taxonomy":"category","embeddable":true,"href":"https:\/\/www.europesays.com\/es\/wp-json\/wp\/v2\/categories?post=5096"},{"taxonomy":"post_tag","embeddable":true,"href":"https:\/\/www.europesays.com\/es\/wp-json\/wp\/v2\/tags?post=5096"}],"curies":[{"name":"wp","href":"https:\/\/api.w.org\/{rel}","templated":true}]}}