{"id":50963,"date":"2025-08-16T08:02:19","date_gmt":"2025-08-16T08:02:19","guid":{"rendered":"https:\/\/www.europesays.com\/es\/50963\/"},"modified":"2025-08-16T08:02:19","modified_gmt":"2025-08-16T08:02:19","slug":"hansi-flick-sobre-las-inscripciones-en-el-barcelona-no-estoy-contento","status":"publish","type":"post","link":"https:\/\/www.europesays.com\/es\/50963\/","title":{"rendered":"Hansi Flick, sobre las inscripciones en el Barcelona:\u00a0\u00abNo estoy contento\u00bb"},"content":{"rendered":"<p>\t\t\t \t\t \t\t\t\t\t\t\t <strong class=\"pd-l\">AFP7 v\u00eda Europa Press | EUROPAPRESS  <\/strong><\/p>\n<p>\t\t\t\t\t\t\u00abConozco la situaci\u00f3n y conf\u00edo en el club; tenemos que esperar a ma\u00f1ana\u00bb, matiza el preparador alem\u00e1n sobre las fichas de Joan Garc\u00eda y Marcus Rashford en la antesala del debut liguero en Mallorca<br \/>\n\t\t\t\t\t\t\t\t\t\t\t\t<strong>15 ago 2025<\/strong> . Actualizado a las 15:50 h.\t\t\t\t\t\t<\/p>\n<p class=\"first-paragraph txt\">El Bar\u00e7a llega a la antesala de su estreno en Liga ante el Mallorca en Son Moix a vueltas por la <strong>inscripci\u00f3n de sus dos principales fichajes, Joan Garc\u00eda y Marcus Rashford<\/strong>. Otra campa\u00f1a m\u00e1s echa a rodar en mitad de los apuros azulgranas para tramitar las fichas de los nuevos, una situaci\u00f3n que no es nueva para Hansi Flick, pero que sigue molestando al met\u00f3dico entrenador alem\u00e1n.<\/p>\n<p class=\"txt\"><strong>\u00abNo estoy contento<\/strong>\u00bb, reconoci\u00f3 en primer lugar al ser preguntado por esta cuesti\u00f3n, sin que en el d\u00eda previo al debut sepa si puede contar con sus principales refuerzos. \u00abConozco la situaci\u00f3n y <strong>conf\u00edo en el club<\/strong>; tenemos que esperar a ma\u00f1ana\u00bb, matiz\u00f3 a continuaci\u00f3n.<\/p>\n<p class=\"txt\">Por el momento, m\u00e1s all\u00e1 del palo p\u00fablico a la gesti\u00f3n de las inscripciones, Flick se centra en lo deportivo. \u00abLo dem\u00e1s lo dejo en manos del club\u00bb, recalc\u00f3, antes de valorar la importancia de Joan Garc\u00eda, un reci\u00e9n llegado que parte con los galones de portero titular. \u00abSu llegada fue una decisi\u00f3n consensuada, se trata del futuro del club. Joan es un fant\u00e1stico portero, tambi\u00e9n Tek (Sczcesny), que tiene experiencia y ayuda a todos los jugadores. <strong>Estoy feliz con nuestros dos porteros\u00bb<\/strong>, valor\u00f3 sobre la situaci\u00f3n de la porter\u00eda, pendiente de la gesti\u00f3n de las fichas con I\u00f1aki Pe\u00f1a todav\u00eda en la plantilla y Ter Stegen lesionado.<\/p>\n<p class=\"txt\">El preparador germano afronta su segunda temporada en el Bar\u00e7a, el m\u00e1s dif\u00edcil todav\u00eda con un list\u00f3n alt\u00edsimo tras el triplete nacional y las semifinales de Champions de la primera entrega. \u00abYa veremos lo que pasar\u00e1 en esta segunda temporada. Estamos trabajando much\u00edsimo y <strong>la calidad que veo en los entrenamientos es lo que yo espero<\/strong>. Los tres t\u00edtulos no son el final, hay que progresar. Nos centramos en ganar cada partido. Esta mentalidad ganadora es la que quiero. Vamos por el buen camino\u00bb, asegur\u00f3 antes de afrontar en Mallorca el primer test del curso.<\/p>\n<p class=\"txt\"><strong>\u00abTenemos calidad para hacerlo mejor<\/strong>, eso es lo importante, y ya veremos si podremos ganar t\u00edtulos\u00bb, zanj\u00f3 a continuaci\u00f3n, centrando el tiro en la mejora del d\u00eda a d\u00eda y en el duelo de Son Moix, con muchos meses de competici\u00f3n por delante hasta llegar al tramo que decide los t\u00edtulos.<\/p>\n<p class=\"ladillo\">Recado a Ferm\u00edn<\/p>\n<p class=\"txt\">Flick incluso dej\u00f3 un <strong>recado a Ferm\u00edn L\u00f3pez<\/strong>, candidato para la mediapunta, la posici\u00f3n mejor cubierta de la plantilla del Bar\u00e7a, junto a Dani Olmo o Gavi. La actitud del jugador en pretemporada no termin\u00f3 de convencer al t\u00e9cnico, un extremo que parece haber cambiado en las \u00faltimas sesiones. \u00abLa temporada pasada fue espectacular para \u00e9l. Tenemos mucha calidad en esas posiciones. Dani Olmo tambi\u00e9n la tiene. Hay que gestionar todo esto bien, los minutos, los que juegan&#8230; estoy muy contento. <strong>En la pretemporada no estaba tan contento con \u00e9l, pero ha mejorado en las dos \u00faltimas semanas<\/strong>. Contra el Como demostr\u00f3 lo bueno que es\u00bb, desvel\u00f3.<\/p>\n<p>&#13;<br \/>\n\tArchivado en:&#13;<br \/>\n\t\t\t\t\t<a href=\"https:\/\/www.lavozdegalicia.es\/temas\/rcd-mallorca\/\" target=\"_blank\" class=\"mg-l\" rel=\"nofollow noopener\">RCD Mallorca<\/a>&#13;<br \/>\n\t\t\t\t\t<a href=\"https:\/\/www.lavozdegalicia.es\/temas\/fc-barcelona\/\" target=\"_blank\" class=\"mg-l\" rel=\"nofollow noopener\">FC Barcelona<\/a>&#13;<br \/>\n\t&#13;<\/p>\n","protected":false},"excerpt":{"rendered":"AFP7 v\u00eda Europa Press | EUROPAPRESS \u00abConozco la situaci\u00f3n y conf\u00edo en el club; tenemos que esperar a&hellip;\n","protected":false},"author":2,"featured_media":50964,"comment_status":"","ping_status":"","sticky":false,"template":"","format":"standard","meta":{"footnotes":""},"categories":[93],"tags":[168,25,24,881,13752,23,167],"class_list":{"0":"post-50963","1":"post","2":"type-post","3":"status-publish","4":"format-standard","5":"has-post-thumbnail","7":"category-deportes","8":"tag-deportes","9":"tag-es","10":"tag-espana","11":"tag-fc-barcelona","12":"tag-rcd-mallorca","13":"tag-spain","14":"tag-sports"},"share_on_mastodon":{"url":"","error":""},"_links":{"self":[{"href":"https:\/\/www.europesays.com\/es\/wp-json\/wp\/v2\/posts\/50963","targetHints":{"allow":["GET"]}}],"collection":[{"href":"https:\/\/www.europesays.com\/es\/wp-json\/wp\/v2\/posts"}],"about":[{"href":"https:\/\/www.europesays.com\/es\/wp-json\/wp\/v2\/types\/post"}],"author":[{"embeddable":true,"href":"https:\/\/www.europesays.com\/es\/wp-json\/wp\/v2\/users\/2"}],"replies":[{"embeddable":true,"href":"https:\/\/www.europesays.com\/es\/wp-json\/wp\/v2\/comments?post=50963"}],"version-history":[{"count":0,"href":"https:\/\/www.europesays.com\/es\/wp-json\/wp\/v2\/posts\/50963\/revisions"}],"wp:featuredmedia":[{"embeddable":true,"href":"https:\/\/www.europesays.com\/es\/wp-json\/wp\/v2\/media\/50964"}],"wp:attachment":[{"href":"https:\/\/www.europesays.com\/es\/wp-json\/wp\/v2\/media?parent=50963"}],"wp:term":[{"taxonomy":"category","embeddable":true,"href":"https:\/\/www.europesays.com\/es\/wp-json\/wp\/v2\/categories?post=50963"},{"taxonomy":"post_tag","embeddable":true,"href":"https:\/\/www.europesays.com\/es\/wp-json\/wp\/v2\/tags?post=50963"}],"curies":[{"name":"wp","href":"https:\/\/api.w.org\/{rel}","templated":true}]}}