{"id":50990,"date":"2025-08-16T08:18:13","date_gmt":"2025-08-16T08:18:13","guid":{"rendered":"https:\/\/www.europesays.com\/es\/50990\/"},"modified":"2025-08-16T08:18:13","modified_gmt":"2025-08-16T08:18:13","slug":"ultima-hora-y-fichajes-pendientes","status":"publish","type":"post","link":"https:\/\/www.europesays.com\/es\/50990\/","title":{"rendered":"\u00faltima hora y fichajes pendientes"},"content":{"rendered":"<p class=\"ft-text\"><strong>LaLiga 2025\/26<\/strong> ya ha echado a andar, pero las <strong>inscripciones<\/strong> siguen siendo la gran asignatura pendiente. Con el inicio del campeonato a la vuelta de la esquina, varios equipos todav\u00eda no tienen asegurada la presencia de sus fichajes, una desventaja que puede condicionar sus primeros pasos en la temporada.<\/p>\n<p class=\"ft-text\">El FC Barcelona <a class=\"ft-link ft-link--decoration\" href=\"https:\/\/www.sport.es\/es\/noticias\/barca\/oficial-joan-garcia-inscrito-laliga-120616682\" rel=\"nofollow noopener\" target=\"_blank\">ya ha logrado inscribir a Joan Garcia <\/a>esta madrugada pero no <strong>Rashford<\/strong>, la situaci\u00f3n de otros conjuntos es a\u00fan m\u00e1s alarmante. El caso m\u00e1s grave es el del <strong>Levante<\/strong>, con muy pocos jugadores inscritos a falta de un d\u00eda para su estreno liguero, tres de ellos ayer.<\/p>\n<p class=\"ft-text\">El caso del conjunto &#8216;granota&#8217; es uno de los m\u00e1s cr\u00edticos, pero es \u00fanico. <strong>Getafe<\/strong>, con 13 inscritos, y <strong>Sevilla<\/strong>, con 15, tambi\u00e9n trabajan a contrarreloj para ponerse al d\u00eda.<\/p>\n<p>\u00bfQu\u00e9 jugadores han sido inscritos hoy s\u00e1bado 16 de agosto?<\/p>\n<ul class=\"ft-list ft-list--primary\">\n<li class=\"ft-list__item\">Joan Garcia (FC Barcelona)<\/li>\n<\/ul>\n<p>\u00bfQu\u00e9 jugadores de LaLiga todav\u00eda no est\u00e1n inscritos?<\/p>\n<ul class=\"ft-list ft-list--primary\">\n<li class=\"ft-list__item\">Deportivo Alav\u00e9s: Ninguna inscripci\u00f3n pendiente<\/li>\n<li class=\"ft-list__item\">Athletic Club: Ninguna inscripci\u00f3n pendiente<\/li>\n<li class=\"ft-list__item\">Atl\u00e9tico de Madrid: Ninguna inscripci\u00f3n pendiente<\/li>\n<li class=\"ft-list__item\">FC Barcelona: Rashford, Szczesny, Bardghji, Gerard Mart\u00edn<\/li>\n<li class=\"ft-list__item\">Real Betis: Ninguna inscripci\u00f3n pendiente<\/li>\n<li class=\"ft-list__item\">RC Celta de Vigo: Ninguna inscripci\u00f3n pendiente<\/li>\n<li class=\"ft-list__item\">Elche CF: Iturbe<\/li>\n<li class=\"ft-list__item\">RCD Espanyol: Ninguna inscripci\u00f3n pendiente<\/li>\n<li class=\"ft-list__item\">Getafe CF: Neyou, Juanmi, Kiko Femen\u00eda, \u00c1lex Sancr\u00eds, Davinchi, Javi Mu\u00f1oz, Abdel Abqar<\/li>\n<li class=\"ft-list__item\">Girona FC: Ninguna inscripci\u00f3n pendiente<\/li>\n<li class=\"ft-list__item\">Levante UD: Kervin Arriaga, Toljan, Matturro, Jon Ander Olasagasti, Goduine Koyalipou y gran parte de la plantilla del curso anterior.<\/li>\n<li class=\"ft-list__item\">RCD Mallorca: Bergstr\u00f6m<\/li>\n<li class=\"ft-list__item\">CA Osasuna: Ander Yoldi<\/li>\n<li class=\"ft-list__item\">Real Oviedo: Ninguna inscripci\u00f3n pendiente<\/li>\n<li class=\"ft-list__item\">Rayo Vallecano: Ninguna inscripci\u00f3n pendiente<\/li>\n<li class=\"ft-list__item\">Real Madrid: Ninguna inscripci\u00f3n pendiente<\/li>\n<li class=\"ft-list__item\">Real Sociedad: Ninguna inscripci\u00f3n pendiente<\/li>\n<li class=\"ft-list__item\">Sevilla FC: Alfon, Suazo, Odysseas, Rub\u00e9n Vargas, Akor Adams, \u00c1lvaro Fern\u00e1ndez, Iheanacho, Rafa Mir, Januzaj, Joan Jord\u00e1n<\/li>\n<li class=\"ft-list__item\">Valencia CF: Ninguna inscripci\u00f3n pendiente<\/li>\n<li class=\"ft-list__item\">Villarreal CF: Ninguna inscripci\u00f3n pendiente<\/li>\n<\/ul>\n<p class=\"ft-text\">Cabe destacar que cualquier equipo podr\u00e1 realizar inscripciones justo antes del inicio de cada partido, y que el tiempo l\u00edmite para ponerse al d\u00eda ser\u00e1 el <strong>1 de septiembre a las 23:59<\/strong>, momento en el que se cerrar\u00e1 el mercado de fichajes.<\/p>\n","protected":false},"excerpt":{"rendered":"LaLiga 2025\/26 ya ha echado a andar, pero las inscripciones siguen siendo la gran asignatura pendiente. Con el&hellip;\n","protected":false},"author":2,"featured_media":50991,"comment_status":"","ping_status":"","sticky":false,"template":"","format":"standard","meta":{"footnotes":""},"categories":[268],"tags":[45,13238,168,25,24,285,280,282,1458,19896,288,13901,281,23,167,1885],"class_list":{"0":"post-50990","1":"post","2":"type-post","3":"status-publish","4":"format-standard","5":"has-post-thumbnail","7":"category-futbol","8":"tag-45","9":"tag-13238","10":"tag-deportes","11":"tag-es","12":"tag-espana","13":"tag-fichajes","14":"tag-football","15":"tag-futbol","16":"tag-hora","17":"tag-inscripciones","18":"tag-laliga","19":"tag-pendientes","20":"tag-soccer","21":"tag-spain","22":"tag-sports","23":"tag-ultima"},"share_on_mastodon":{"url":"","error":""},"_links":{"self":[{"href":"https:\/\/www.europesays.com\/es\/wp-json\/wp\/v2\/posts\/50990","targetHints":{"allow":["GET"]}}],"collection":[{"href":"https:\/\/www.europesays.com\/es\/wp-json\/wp\/v2\/posts"}],"about":[{"href":"https:\/\/www.europesays.com\/es\/wp-json\/wp\/v2\/types\/post"}],"author":[{"embeddable":true,"href":"https:\/\/www.europesays.com\/es\/wp-json\/wp\/v2\/users\/2"}],"replies":[{"embeddable":true,"href":"https:\/\/www.europesays.com\/es\/wp-json\/wp\/v2\/comments?post=50990"}],"version-history":[{"count":0,"href":"https:\/\/www.europesays.com\/es\/wp-json\/wp\/v2\/posts\/50990\/revisions"}],"wp:featuredmedia":[{"embeddable":true,"href":"https:\/\/www.europesays.com\/es\/wp-json\/wp\/v2\/media\/50991"}],"wp:attachment":[{"href":"https:\/\/www.europesays.com\/es\/wp-json\/wp\/v2\/media?parent=50990"}],"wp:term":[{"taxonomy":"category","embeddable":true,"href":"https:\/\/www.europesays.com\/es\/wp-json\/wp\/v2\/categories?post=50990"},{"taxonomy":"post_tag","embeddable":true,"href":"https:\/\/www.europesays.com\/es\/wp-json\/wp\/v2\/tags?post=50990"}],"curies":[{"name":"wp","href":"https:\/\/api.w.org\/{rel}","templated":true}]}}