{"id":50992,"date":"2025-08-16T08:19:07","date_gmt":"2025-08-16T08:19:07","guid":{"rendered":"https:\/\/www.europesays.com\/es\/50992\/"},"modified":"2025-08-16T08:19:07","modified_gmt":"2025-08-16T08:19:07","slug":"su-fortuna-con-las-joyas-su-divorcio-y-un-hijo-que-es-psicologo","status":"publish","type":"post","link":"https:\/\/www.europesays.com\/es\/50992\/","title":{"rendered":"su fortuna con las joyas, su divorcio y un hijo que es psic\u00f3logo"},"content":{"rendered":"<p><strong>Rosa Tous<\/strong> lleva la pasi\u00f3n por las joyas en la sangre. La heredera de uno de los imperios m\u00e1s importantes de nuestro pa\u00eds, Tous, siempre demostr\u00f3 que quer\u00eda llevar las riendas de la joyer\u00eda familiar. Para ello, se form\u00f3 como <strong>gem\u00f3loga<\/strong> y, actualmente, es una de las empresarias m\u00e1s importantes de nuestro pa\u00eds. Rosa naci\u00f3 en la localidad catalana de Manresa a mediados de los a\u00f1os 60 y siempre tuvo muy claro lo que quer\u00eda ser. \u00ab<strong>Desayun\u00e1bamos pendientes, com\u00edamos pulseras y cen\u00e1bamos collares<\/strong>\u00bb, confes\u00f3 en una entrevista en la que confirm\u00f3 que la joyer\u00eda familiar formaba parte de su d\u00eda a d\u00eda. Fue su abuelo, relojero de profesi\u00f3n, que le inspir\u00f3 a seguir su mismo camino.<\/p>\n<p>Es por eso que se decant\u00f3 por estudiar <strong>Gemolog\u00eda en el Gemological Institute of America<\/strong> (GIA, California) y curs\u00f3 el programa PADE en IESE. Fue en 1987 cuando entr\u00f3 en Tous, tras terminar sus estudios, y asumi\u00f3 responsabilidades en comunicaci\u00f3n, marketing y desarrollo corporativo. Junto a sus hermanas, Alba, Laura y Marta, se ha convertido en una parte fundamental del liderazgo. Aunque eso s\u00ed, cada una de ellas tiene un papel distinto. Nacida en esta localidad catalana, Rosa siempre demostr\u00f3 un profundo amor por la profesi\u00f3n que uni\u00f3 a su familia. Es m\u00e1s, fue su madre quien comenz\u00f3 con el dise\u00f1o de peque\u00f1as piezas en una trastienda.<\/p>\n<p>Los comienzos de la familia Tous en el mundo de las joyas  <\/p>\n<blockquote class=\"instagram-media\" data-instgrm-permalink=\"https:\/\/www.instagram.com\/p\/DNLYryiIqg2\/?utm_source=ig_embed&amp;utm_campaign=loading\" data-instgrm-version=\"14\" style=\" background:#FFF; border:0; border-radius:3px; box-shadow:0 0 1px 0 rgba(0,0,0,0.5),0 1px 10px 0 rgba(0,0,0,0.15); margin: 1px; max-width:540px; min-width:326px; padding:0; width:99.375%; width:-webkit-calc(100% - 2px); width:calc(100% - 2px);\"\/>\n<p>Se incorpor\u00f3 a la empresa familiar en los a\u00f1os 90, justo cuando empezaba su expansi\u00f3n internacional. All\u00ed cre\u00f3 los departamentos de <strong>formaci\u00f3n<\/strong>,\u00a0<strong>marketing<\/strong>\u00a0y\u00a0<strong>comunicaci\u00f3n<\/strong>. Entre 2006 y 2013 ejerci\u00f3 como\u00a0<strong>Directora de Relaciones Institucionales<\/strong>. Desde 2013 es <strong>Vicepresidenta Corporativa<\/strong>, y en 2022 asumi\u00f3 adem\u00e1s el cargo de\u00a0<strong>Reach &amp; Relevance Officer<\/strong>. En todo este tiempo ha impulsado distintos proyectos que han sido clave para la expansi\u00f3n de la marca. Uno de ellos ha sido <strong>Tous Heritage<\/strong>, un archivo\/museo h\u00edbrido \u2014f\u00edsico y digital\u2014 que preserva y difunde el legado hist\u00f3rico de la marca. Tambi\u00e9n, ha creado <strong>Tous School<\/strong>, una escuela de joyer\u00eda y oficios artesanos, como una iniciativa socioeducativa que busca preservar la artesan\u00eda joyera \u2014incluye becas, talleres de restauraci\u00f3n y colaboraci\u00f3n con escuelas en Espa\u00f1a, M\u00e9xico y Puerto Rico\u2014.<\/p>\n<p>Adem\u00e1s, Rosa ha sido la encargada de llevar a cabo estrategias de\u00a0<strong>sostenibilidad<\/strong>\u00a0y\u00a0<strong>econom\u00eda circular<\/strong>, con proyectos como\u00a0Afterlife \u2014bolsos hechos de lonas publicitarias recicladas, en colaboraci\u00f3n con Fundaci\u00f3n Ared\u2014 y el marco estrat\u00e9gico\u00a0<strong>Tous Next<\/strong>. Ha participado en la apertura de espacios innovadores como \u00ab<strong>Casa Patio<\/strong>\u00bb en Sevilla, dise\u00f1ando una experiencia de cliente que mezcla tradici\u00f3n, artesan\u00eda y personalizaci\u00f3n en joyer\u00eda. Hasta abril de este mismo a\u00f1o presid\u00eda la\u00a0<strong>Asociaci\u00f3n para la Defensa de la Marca (ANDEMA)<\/strong>\u00a0desde 2017, y fue recientemente anunciada su salida de ese cargo tras numerosos logros en protecci\u00f3n jur\u00eddica de marcas. Es, adem\u00e1s, <strong>vicepresidenta segunda<\/strong>\u00a0del Colegio Oficial de Joyeros, Orfebres, Relojeros y Gem\u00f3logos de Catalu\u00f1a (JORGC) desde 2020 y miembro activo de entidades como\u00a0<strong>C\u00edrculo Fortuny<\/strong>, el\u00a0<strong>Foro de Marcas Renombradas de Espa\u00f1a<\/strong>, y es patrona de la\u00a0<strong>EAE Business School<\/strong>\u00a0en 2024.<\/p>\n<p>La uni\u00f3n de Rosa con sus hermanas y madre de tres hijos <\/p>\n<blockquote class=\"instagram-media\" data-instgrm-permalink=\"https:\/\/www.instagram.com\/p\/DKXVL2MISM3\/?utm_source=ig_embed&amp;utm_campaign=loading\" data-instgrm-version=\"14\" style=\" background:#FFF; border:0; border-radius:3px; box-shadow:0 0 1px 0 rgba(0,0,0,0.5),0 1px 10px 0 rgba(0,0,0,0.15); margin: 1px; max-width:540px; min-width:326px; padding:0; width:99.375%; width:-webkit-calc(100% - 2px); width:calc(100% - 2px);\"\/>\n<p>Ha sido galardonada en varias ocasiones:\u00a0<strong>Emprendedora del A\u00f1o (EY)<\/strong>\u00a0en 2017 junto a sus hermanas,\u00a0<strong>ELLE Woman Award<\/strong>\u00a0en 2022, y reconocida entre las\u00a0<strong>Top 100 mujeres l\u00edderes<\/strong>\u00a0en Espa\u00f1a en 2023 y 2024. Sobre su<strong> vida personal<\/strong>, en el verano de 2014 se confirm\u00f3 que Rosa hab\u00eda tomado la decisi\u00f3n de <strong>divorciarse<\/strong>. En ese momento, ten\u00eda tres hijos que hoy casi alcanzan la veintena. Es m\u00e1s, el mayor es psic\u00f3logo, tal y como \u00e9l mismo confirma en las redes sociales. Las <strong>cuatro hermanas han crecido juntas en el negocio,<\/strong> tanto personal como profesionalmente. Alba es la presidenta corporativa mientras que Marta se ocupa del dise\u00f1o creativo. Por su parte, Laura gestiona las finanzas y la estructura patrimonial. Y Rosa, siendo la mayor, coordina comunicaciones institucionales y estrat\u00e9gicas. En una entrevista, Rosa expres\u00f3 su profunda admiraci\u00f3n por sus hermanas: \u00ab<strong>Mis tres hermanas\u2026 tres mujeres con car\u00e1cter, con iniciativa y valent\u00eda. En cada una de ellas veo algo diferente pero \u00fanico\u2026<\/strong>\u00bb.<\/p>\n<blockquote class=\"instagram-media\" data-instgrm-permalink=\"https:\/\/www.instagram.com\/p\/DMAq6cwIh8s\/?utm_source=ig_embed&amp;utm_campaign=loading\" data-instgrm-version=\"14\" style=\" background:#FFF; border:0; border-radius:3px; box-shadow:0 0 1px 0 rgba(0,0,0,0.5),0 1px 10px 0 rgba(0,0,0,0.15); margin: 1px; max-width:540px; min-width:326px; padding:0; width:99.375%; width:-webkit-calc(100% - 2px); width:calc(100% - 2px);\"\/>\n<p>Tambi\u00e9n ha compartido con humor c\u00f3mo fue crecer entre joyas: \u00abEn mi casa de peque\u00f1as desayun\u00e1bamos pulseras, com\u00edamos pendientes y cen\u00e1bamos anillos\u00bb, una representaci\u00f3n de una infancia familiar muy ligada a la joyer\u00eda. A pesar de que trabajan codo a codo fomentando la visi\u00f3n com\u00fan para Tous, tambi\u00e9n reconocen que \u00aben muchas ocasiones me sale la vena de hermana y discutimos\u00bb respecto a cuestiones de la empresa. Un reportaje reciente subraya que cada hermana tambi\u00e9n ha formado su propia familia y que \u2013curiosamente\u2013\u00a0<strong>ninguna de sus parejas est\u00e1 involucrada en el negocio<\/strong>, lo que pone a\u00fan m\u00e1s en valor la forma en que juntas mantienen la marca pero separan din\u00e1micas personales y profesionales.<\/p>\n<p>Rosa es la que probablemente m\u00e1s arraigada est\u00e1 a las creaciones que se hacen en Tous. Es m\u00e1s, usa el apodo de <strong>Labradorita<\/strong>, haciendo referencia a esta piedra, que destaca por su base gris y reflejos coloridos.\u00a0Sobre el emblem\u00e1tico oso, este no surgi\u00f3 en la joyer\u00eda. Fue en 1985 cuando Rosa Oriol \u2014su madre\u2014 lo vio en una vitrina y lo convirti\u00f3 en s\u00edmbolo de la marca, buscando apelar a la nostalgia infantil: sue\u00f1os compartidos y recuerdos de peluches queridos. Desde su creaci\u00f3n, se han vendido m\u00e1s de\u00a0<strong>50 millones de ositos<\/strong>\u00a0en todo el mundo, convirti\u00e9ndose en uno de los s\u00edmbolos m\u00e1s exitosos y reconocidos de la joyer\u00eda mundial.\u00a0La madre de Rosa fue <strong>pionera<\/strong> en la idea de que las mujeres pod\u00edan comprar joyas por s\u00ed mismas, no esperar que se las regalasen. Identific\u00f3 este cambio en los a\u00f1os setenta, y Tous se convirti\u00f3 en una de las primeras firmas en democratizar el lujo.\u00a0Aunque hoy es vicepresidenta de Tous, Rosa reconoce que Alba \u2014presidenta\u2014 es su jefa. Y como hermanas, no siempre est\u00e1n de acuerdo: \u00abMe sale la vena de hermana y discutimos\u00bb. <\/p>\n<p>                                                    <script async src=\"\/\/www.instagram.com\/embed.js\"><\/script><\/p>\n","protected":false},"excerpt":{"rendered":"Rosa Tous lleva la pasi\u00f3n por las joyas en la sangre. La heredera de uno de los imperios&hellip;\n","protected":false},"author":2,"featured_media":50993,"comment_status":"","ping_status":"","sticky":false,"template":"","format":"standard","meta":{"footnotes":""},"categories":[174],"tags":[255,146,147,25,24,256,9215,563,23,22637],"class_list":{"0":"post-50992","1":"post","2":"type-post","3":"status-publish","4":"format-standard","5":"has-post-thumbnail","7":"category-famosos","8":"tag-celebrities","9":"tag-entertainment","10":"tag-entretenimiento","11":"tag-es","12":"tag-espana","13":"tag-famosos","14":"tag-hermanos","15":"tag-hijos","16":"tag-spain","17":"tag-tous"},"share_on_mastodon":{"url":"","error":""},"_links":{"self":[{"href":"https:\/\/www.europesays.com\/es\/wp-json\/wp\/v2\/posts\/50992","targetHints":{"allow":["GET"]}}],"collection":[{"href":"https:\/\/www.europesays.com\/es\/wp-json\/wp\/v2\/posts"}],"about":[{"href":"https:\/\/www.europesays.com\/es\/wp-json\/wp\/v2\/types\/post"}],"author":[{"embeddable":true,"href":"https:\/\/www.europesays.com\/es\/wp-json\/wp\/v2\/users\/2"}],"replies":[{"embeddable":true,"href":"https:\/\/www.europesays.com\/es\/wp-json\/wp\/v2\/comments?post=50992"}],"version-history":[{"count":0,"href":"https:\/\/www.europesays.com\/es\/wp-json\/wp\/v2\/posts\/50992\/revisions"}],"wp:featuredmedia":[{"embeddable":true,"href":"https:\/\/www.europesays.com\/es\/wp-json\/wp\/v2\/media\/50993"}],"wp:attachment":[{"href":"https:\/\/www.europesays.com\/es\/wp-json\/wp\/v2\/media?parent=50992"}],"wp:term":[{"taxonomy":"category","embeddable":true,"href":"https:\/\/www.europesays.com\/es\/wp-json\/wp\/v2\/categories?post=50992"},{"taxonomy":"post_tag","embeddable":true,"href":"https:\/\/www.europesays.com\/es\/wp-json\/wp\/v2\/tags?post=50992"}],"curies":[{"name":"wp","href":"https:\/\/api.w.org\/{rel}","templated":true}]}}