{"id":50998,"date":"2025-08-16T08:22:12","date_gmt":"2025-08-16T08:22:12","guid":{"rendered":"https:\/\/www.europesays.com\/es\/50998\/"},"modified":"2025-08-16T08:22:12","modified_gmt":"2025-08-16T08:22:12","slug":"la-segunda-temporada-de-nadie-quiere-esto-ya-tiene-fecha","status":"publish","type":"post","link":"https:\/\/www.europesays.com\/es\/50998\/","title":{"rendered":"La segunda temporada de Nadie quiere esto ya tiene fecha"},"content":{"rendered":"<p><img decoding=\"async\" src=\"https:\/\/www.europesays.com\/es\/wp-content\/uploads\/2025\/08\/Nadie-quiere-esto-1280x720.jpg\" alt=\"Nadie quiere esto regresar\u00e1 con una segunda temporada en Netfli\"\/>La serie est\u00e1 inspirada en una historia de amor real: la de su creadora, Erin Foster, y su marido, Simon<\/p>\n<p>A casi un a\u00f1o del lanzamiento de\u00a0<strong>Nadie quiere esto<\/strong>,\u00a0<strong>Netflix confirm\u00f3 que la historia\u00a0de amor entre una presentadora de p\u00f3dcast y un rabino, que caus\u00f3 furor entre los suscriptores,<\/strong>\u00a0<strong><a href=\"https:\/\/www.elnacional.com\/2024\/10\/nadie-quiere-esto-tendra-segunda-temporada-en-netflix\/\" rel=\"nofollow noopener\" target=\"_blank\">tendr\u00e1 su segunda temporada<\/a> el 23 de octubre<\/strong>.<\/p>\n<p><strong>\u201cVuelve el amor.\u00a0<\/strong><strong>Nadie quiere esto 2<\/strong><strong>\u00a0llega el 23 de octubre\u201d<\/strong>, publicaron desde la cuenta oficial de Instagram del gigante del\u00a0streaming\u00a0junto a una serie de im\u00e1genes que adelantan parte de lo que ser\u00e1 la segunda entrega de la comedia rom\u00e1ntica protagonizada por<strong>\u00a0Adam Brody y Kristen Bell<\/strong>.<\/p>\n<p><strong>La noticia revolucion\u00f3 a los fan\u00e1ticos, que no solo le dieron\u00a0like\u00a0a la publicaci\u00f3n, sino que dejaron su comentario para celebrar la buena nueva<\/strong>.\u00a0\u201cPegu\u00e9 un grito\u201d; \u201cNo puedo creer que esto sea cierto, qu\u00e9 emoci\u00f3n\u201d y \u201cNecesito que sea ya 23 de octubre. No aguanto\u201d, fueron solo algunos de los mensajes que dejaron.<\/p>\n<p>\u201c<strong>Primero viene el amor, luego la vida<\/strong>. La \u00faltima vez que vimos a la agn\u00f3stica presentadora de\u00a0p\u00f3dcast\u00a0Joanne (Bell) y al poco convencional (y atractivo) rabino Noah (Brody), su qu\u00edmica inigualable sorprendi\u00f3 a todos, incluyendo a la hermana de ella, Morgan (Lupe), al hermano de \u00e9l, Sasha (Timothy Simons), a su cu\u00f1ada, Esther (Jackie Tohn), e incluso a ellos mismos. Su chispa result\u00f3 m\u00e1s fuerte que todos los obst\u00e1culos que intentaban separarlos. Ahora, est\u00e1n de vuelta y totalmente comprometidos a unir sus vidas y a sus seres queridos. Pero sus diferencias siguen existiendo y no pueden ignorarse.\u00a0<strong>El desaf\u00edo ahora no es solo enamorarse contra todo pron\u00f3stico, sino permanecer juntos a pesar de todo<\/strong>\u201d, dice la sinopsis oficial de la nueva entrega, que, al igual que la anterior, contar\u00e1 con 10 episodios.<\/p>\n<blockquote class=\"instagram-media\" data-instgrm-permalink=\"https:\/\/www.instagram.com\/p\/DNVvTznSsaO\/?img_index=1\" data-instgrm-version=\"14\" style=\"max-width: 500px\"\/>\n<p>En lo que respecta al reparto, <strong>en febrero se anunci\u00f3 que<\/strong>\u00a0<strong>Leighton Meester<\/strong>\u00a0<strong>interpretar\u00e1 a Abby, la antigua n\u00e9mesis de Joanne en la secundaria, quien ahora es una mam\u00e1\u00a0influencer\u00a0de Instagram<\/strong>. Adem\u00e1s, se incorporan al elenco<strong>\u00a0Miles Fowler, Alex Karpovsky y Arian Moayed.<\/strong><\/p>\n<p>La ficci\u00f3n, que estuvo durante semanas en el\u00a0ranking\u00a0de lo m\u00e1s visto del contenido de Netflix, se centra en<strong>\u00a0Joanne, una mujer agn\u00f3stica que conduce un p\u00f3dcast sobre sexo y que un d\u00eda conoce a Noah, un rabino poco convencional<\/strong>\u00a0que acaba de terminar una relaci\u00f3n. Pese a sus diferencias, sienten una conexi\u00f3n muy especial, pero tienen que enfrentar un mont\u00f3n de obst\u00e1culos para estar juntos.<\/p>\n<p>Adem\u00e1s de la trama, <strong>lo que hizo a\u00fan m\u00e1s atractiva a la serie es que est\u00e1 inspirada en una historia de amor real: la de su creadora,\u00a0Erin Foster, y su marido, Simon<\/strong>. Se conocieron en 2018 en un gimnasio de Los \u00c1ngeles y, pese a las diferencias en sus estilos de vida, la conexi\u00f3n entre ellos fue muy fuerte.<strong>\u00a0La relaci\u00f3n prosper\u00f3 tan r\u00e1pido que se comprometieron un a\u00f1o despu\u00e9s y se casaron a fines de 2019<\/strong>\u00a0en Nashville, en una ceremonia jud\u00eda tradicional. Para su boda,\u00a0<strong>Erin tom\u00f3 la decisi\u00f3n de convertirse al juda\u00edsmo reformista<\/strong>, lo que fue un gran paso para ella y una experiencia que influy\u00f3 en la historia de Joanne y Noah en la serie.<\/p>\n<p><script async src=\"\/\/www.instagram.com\/embed.js\"><\/script><\/p>\n","protected":false},"excerpt":{"rendered":"La serie est\u00e1 inspirada en una historia de amor real: la de su creadora, Erin Foster, y su&hellip;\n","protected":false},"author":2,"featured_media":50999,"comment_status":"","ping_status":"","sticky":false,"template":"","format":"standard","meta":{"footnotes":""},"categories":[171],"tags":[146,147,25,24,22647,152,23,214],"class_list":{"0":"post-50998","1":"post","2":"type-post","3":"status-publish","4":"format-standard","5":"has-post-thumbnail","7":"category-tv","8":"tag-entertainment","9":"tag-entretenimiento","10":"tag-es","11":"tag-espana","12":"tag-nadie-quiere-esto","13":"tag-netflix","14":"tag-spain","15":"tag-tv"},"share_on_mastodon":{"url":"","error":""},"_links":{"self":[{"href":"https:\/\/www.europesays.com\/es\/wp-json\/wp\/v2\/posts\/50998","targetHints":{"allow":["GET"]}}],"collection":[{"href":"https:\/\/www.europesays.com\/es\/wp-json\/wp\/v2\/posts"}],"about":[{"href":"https:\/\/www.europesays.com\/es\/wp-json\/wp\/v2\/types\/post"}],"author":[{"embeddable":true,"href":"https:\/\/www.europesays.com\/es\/wp-json\/wp\/v2\/users\/2"}],"replies":[{"embeddable":true,"href":"https:\/\/www.europesays.com\/es\/wp-json\/wp\/v2\/comments?post=50998"}],"version-history":[{"count":0,"href":"https:\/\/www.europesays.com\/es\/wp-json\/wp\/v2\/posts\/50998\/revisions"}],"wp:featuredmedia":[{"embeddable":true,"href":"https:\/\/www.europesays.com\/es\/wp-json\/wp\/v2\/media\/50999"}],"wp:attachment":[{"href":"https:\/\/www.europesays.com\/es\/wp-json\/wp\/v2\/media?parent=50998"}],"wp:term":[{"taxonomy":"category","embeddable":true,"href":"https:\/\/www.europesays.com\/es\/wp-json\/wp\/v2\/categories?post=50998"},{"taxonomy":"post_tag","embeddable":true,"href":"https:\/\/www.europesays.com\/es\/wp-json\/wp\/v2\/tags?post=50998"}],"curies":[{"name":"wp","href":"https:\/\/api.w.org\/{rel}","templated":true}]}}