{"id":51000,"date":"2025-08-16T08:23:29","date_gmt":"2025-08-16T08:23:29","guid":{"rendered":"https:\/\/www.europesays.com\/es\/51000\/"},"modified":"2025-08-16T08:23:29","modified_gmt":"2025-08-16T08:23:29","slug":"flamenco-y-yoga-imposible-sobre-el-mar","status":"publish","type":"post","link":"https:\/\/www.europesays.com\/es\/51000\/","title":{"rendered":"flamenco y yoga imposible sobre el mar"},"content":{"rendered":"<p id=\"e6M6lWPtHg\" data-wc=\"145\"><strong>Dua Lipa ha vuelto a demostrar que es una aut\u00e9ntica enamorada de Espa\u00f1a.<\/strong> Para celebrar por adelantado su 30 cumplea\u00f1os \u2014que llegar\u00e1 el pr\u00f3ximo 22 de agosto\u2014, la cantante ha elegido, una vez m\u00e1s, uno de sus destinos favoritos: Ibiza. La isla pitiusa se ha convertido en su refugio ideal para desconectar y, a la vez, disfrutar por todo lo alto. Rodeada de amigos, de su prometido Callum Turner y de su \u201cfamilia elegida\u201d, la cantante vivi\u00f3 d\u00edas de risas, m\u00fasica y mar, en los que no falt\u00f3 ni el flamenco ni las veladas que se alargan hasta el amanecer. <strong>Pero lo que m\u00e1s ha llamado la atenci\u00f3n no ha sido solo la fiesta en s\u00ed, sino tambi\u00e9n las proezas f\u00edsicas que ha protagonizado: posturas imposibles de yoga sobre una tabla de paddle surf, en pleno Mediterr\u00e1neo, con un equilibrio que dej\u00f3 a todos boquiabiertos.<\/strong><\/p>\n<p> <img src=\"https:\/\/www.europesays.com\/es\/wp-content\/uploads\/2025\/08\/c5dd29763d0a-captura-de-pantalla-898.png\"   width=\"816\" height=\"1024\" loading=\"lazy\" decoding=\"async\" alt=\"Media Image\" fetchpriority=\"auto\" class=\"image ho-image\"\/>\u00a9 GTRES<\/p>\n<p> <img src=\"https:\/\/www.europesays.com\/es\/wp-content\/uploads\/2025\/08\/6a11a59d5b82-so-far-so-good-sun-sea-the-bestest-of-bestfriends-dancing-til-6am-long-l.jpg\"   width=\"1024\" height=\"1023\" loading=\"lazy\" decoding=\"async\" alt=\"Media Image\" fetchpriority=\"auto\" class=\"image ho-image\"\/>\u00a9 dualipa<\/p>\n<p> <img src=\"https:\/\/www.europesays.com\/es\/wp-content\/uploads\/2025\/08\/091ebd74b882-videoframe5709.png\"   width=\"1024\" height=\"1024\" loading=\"lazy\" decoding=\"async\" alt=\"Media Image\" fetchpriority=\"auto\" class=\"image ho-image\"\/>\u00a9 dualipa<\/p>\n<p id=\"ew8FKeqeXD\" data-wc=\"101\">El epicentro de las celebraciones fue un yate de ensue\u00f1o en el que no falt\u00f3 de nada. Copas de vino en mano, risas, m\u00fasica en directo y ba\u00f1os en jacuzzis a bordo, todo mientras navegaban por las aguas turquesa de la isla. En uno de los momentos m\u00e1s divertidos, la artista sorprendi\u00f3 bailando con un vaso de vino sobre la cabeza, demostrando que su equilibrio no solo brilla sobre la tabla de paddle surf. \u201c<strong data-end=\"2441\" data-start=\"2325\">Celebraciones anticipadas de cumplea\u00f1os en mi isla favorita con mi gente favorita&#8230; \u00a1No puedo esperar a los 30!<\/strong>\u201d, confesaba junto a im\u00e1genes en las que aparece radiante.<\/p>\n<p> <img src=\"https:\/\/www.europesays.com\/es\/wp-content\/uploads\/2025\/08\/a27b4413af46-so-far-so-good-sun-sea-the-bestest-of-bestfriends-dancing-til-6am-long-l.jpg\"   width=\"1024\" height=\"1024\" loading=\"lazy\" decoding=\"async\" alt=\"Media Image\" fetchpriority=\"auto\" class=\"image ho-image\"\/>\u00a9 dualipa<\/p>\n<p> <img src=\"https:\/\/www.europesays.com\/es\/wp-content\/uploads\/2025\/08\/581710a9b5a8-so-far-so-good-sun-sea-the-bestest-of-bestfriends-dancing-til-6am-long-l.jpg\"   width=\"1024\" height=\"1024\" loading=\"lazy\" decoding=\"async\" alt=\"Media Image\" fetchpriority=\"auto\" class=\"image ho-image\"\/>\u00a9 dualipa<\/p>\n<p> <img src=\"https:\/\/www.europesays.com\/es\/wp-content\/uploads\/2025\/08\/eaa87bb0284f-so-far-so-good-sun-sea-the-bestest-of-bestfriends-dancing-til-6am-long-l.jpg\"   width=\"1024\" height=\"1024\" loading=\"lazy\" decoding=\"async\" alt=\"Media Image\" fetchpriority=\"auto\" class=\"image ho-image\"\/>\u00a9 dualipa<\/p>\n<p id=\"ewmihzzvl-\" data-wc=\"47\"><strong>No todo fueron momentos de calma: sobre la tabla de paddle surf, Dua demostr\u00f3 su dominio con posturas como el perro bocabajo y un pino perfecto, recibiendo aplausos desde la cubierta del yate.\u00a0<\/strong>Despu\u00e9s, una ducha en cubierta al sol complet\u00f3 la postal perfecta de sus vacaciones.<\/p>\n<p> <img src=\"https:\/\/www.europesays.com\/es\/wp-content\/uploads\/2025\/08\/f2cbd13f20d6-captura-de-pantalla-897.png\"   width=\"764\" height=\"1024\" loading=\"lazy\" decoding=\"async\" alt=\"Media Image\" fetchpriority=\"auto\" class=\"image ho-image\"\/>\u00a9 GTRES<\/p>\n<p> <img src=\"https:\/\/www.europesays.com\/es\/wp-content\/uploads\/2025\/08\/2535f135ed3a-captura-de-pantalla-900.png\"   width=\"1024\" height=\"672\" loading=\"lazy\" decoding=\"async\" alt=\"Media Image\" fetchpriority=\"auto\" class=\"image ho-image\"\/>\u00a9 GTRES<\/p>\n<p> <img src=\"https:\/\/www.europesays.com\/es\/wp-content\/uploads\/2025\/08\/0ede45bb4ce6-captura-de-pantalla-902.png\"   width=\"793\" height=\"1024\" loading=\"lazy\" decoding=\"async\" alt=\"Media Image\" fetchpriority=\"auto\" class=\"image ho-image\"\/>\u00a9 GTRES<\/p>\n<p id=\"e4r03JCyuG\" data-wc=\"66\">Desde el segundo d\u00eda de su estancia, la propia Dua compart\u00eda su entusiasmo en redes sociales: \u201c<strong data-end=\"1803\" data-start=\"1618\">Hasta ahora, todo es inmejorable<\/strong><strong data-end=\"1803\" data-start=\"1618\">: sol, mar, los mejores de los mejores amigos, bailando hasta las seis de la ma\u00f1ana, cenas largu\u00edsimas, flamenco, abrazos enormes y \u00a1una lluvia de estrellas!<\/strong>\u201d. Un resumen perfecto de un plan que combin\u00f3 la energ\u00eda de la fiesta con la serenidad de las noches estrelladas.<\/p>\n<p> <img src=\"https:\/\/www.europesays.com\/es\/wp-content\/uploads\/2025\/08\/04752f51e085-videoframe2728.png\"   width=\"1024\" height=\"1024\" loading=\"lazy\" decoding=\"async\" alt=\"Media Image\" fetchpriority=\"auto\" class=\"image ho-image\"\/>\u00a9 dualipa<\/p>\n<p> <img src=\"https:\/\/www.europesays.com\/es\/wp-content\/uploads\/2025\/08\/0415be378032-so-far-so-good-sun-sea-the-bestest-of-bestfriends-dancing-til-6am-long-l.jpg\"   width=\"1024\" height=\"1023\" loading=\"lazy\" decoding=\"async\" alt=\"Media Image\" fetchpriority=\"auto\" class=\"image ho-image\"\/>\u00a9 dualipa<\/p>\n<p> <img src=\"https:\/\/www.europesays.com\/es\/wp-content\/uploads\/2025\/08\/8c89522680bd-videoframe979.png\"   width=\"1024\" height=\"1024\" loading=\"lazy\" decoding=\"async\" alt=\"Media Image\" fetchpriority=\"auto\" class=\"image ho-image\"\/>\u00a9 dualipa<\/p>\n<p id=\"em-zalse7mB\" data-wc=\"93\">En cuanto a estilismo, Dua se mantuvo fiel a su car\u00e1cter atrevido y sofisticado. Uno de sus looks m\u00e1s comentados fue la combinaci\u00f3n <strong data-end=\"2647\" data-start=\"2635\">layering<\/strong> de dos bikinis \u2014uno marr\u00f3n y otro azul de lurex con efecto purpurina\u2014, tendencia absoluta este verano. Durante el d\u00eda, opt\u00f3 por gafas de sol de Saint Laurent y joyas de Tiffany &amp; Co., entre ellas su anillo de compromiso, mientras que para una de las noches luci\u00f3 un vestido blanco de <strong data-end=\"2945\" data-start=\"2932\">Jacquemus<\/strong> dise\u00f1ado especialmente para ella por Simon Porte Jacquemus, quien tambi\u00e9n form\u00f3 parte del grupo de invitados.<\/p>\n<p> <img src=\"https:\/\/www.europesays.com\/es\/wp-content\/uploads\/2025\/08\/5f6c86ac6c32-so-far-so-good-sun-sea-the-bestest-of-bestfriends-dancing-til-6am-long-l.jpg\"   width=\"1024\" height=\"1023\" loading=\"lazy\" decoding=\"async\" alt=\"Media Image\" fetchpriority=\"auto\" class=\"image ho-image\"\/>\u00a9 dualipa<\/p>\n<p> <img src=\"https:\/\/www.europesays.com\/es\/wp-content\/uploads\/2025\/08\/a579c363ab47-captura-de-pantalla-899.png\"   width=\"1024\" height=\"669\" loading=\"lazy\" decoding=\"async\" alt=\"Media Image\" fetchpriority=\"auto\" class=\"image ho-image\"\/>\u00a9 GTRES<\/p>\n<p> <img src=\"https:\/\/www.europesays.com\/es\/wp-content\/uploads\/2025\/08\/07df195fba54-531177769185462264380431963202619471368575613n.jpg\"   width=\"1024\" height=\"1024\" loading=\"lazy\" decoding=\"async\" alt=\"dualipa\" fetchpriority=\"auto\" class=\"image ho-image\"\/>\u00a9 dualipa<\/p>\n<p id=\"erwoUkGSHMq\" data-wc=\"78\">La gastronom\u00eda fue otro de los puntos fuertes de la celebraci\u00f3n. Largas comilonas en una mesa infinita sirvieron de escenario para degustar ostras frescas, platos mediterr\u00e1neos y, como broche, una <strong data-end=\"3311\" data-start=\"3256\">tarta de frambuesas decorada con flores comestibles<\/strong> en rojos y amarillos para soplar las velas por adelantado. La cantante, visiblemente emocionada, compart\u00eda: \u201c<strong data-end=\"3491\" data-start=\"3421\">Estoy descansando mis huesos antes de seguir bailando hacia mis 30<\/strong>\u201d, una frase que resume a la perfecci\u00f3n el equilibrio entre relax y fiesta que buscaba.<\/p>\n<p> <img src=\"https:\/\/www.europesays.com\/es\/wp-content\/uploads\/2025\/08\/ea4801011f34-so-far-so-good-sun-sea-the-bestest-of-bestfriends-dancing-til-6am-long-l.jpg\"   width=\"1024\" height=\"1024\" loading=\"lazy\" decoding=\"async\" alt=\"Media Image\" fetchpriority=\"auto\" class=\"image ho-image\"\/>\u00a9 dualipa<\/p>\n<p> <img src=\"https:\/\/www.europesays.com\/es\/wp-content\/uploads\/2025\/08\/1e194ae1dfbc-530450644185458437700431967963641642497527838n.jpg\"   width=\"1024\" height=\"1024\" loading=\"lazy\" decoding=\"async\" alt=\"dualipa\" fetchpriority=\"auto\" class=\"image ho-image\"\/>\u00a9 dualipa<\/p>\n<p> <img src=\"https:\/\/www.europesays.com\/es\/wp-content\/uploads\/2025\/08\/01a3ebb7cddd-so-far-so-good-sun-sea-the-bestest-of-bestfriends-dancing-til-6am-long-l.jpg\"   width=\"1024\" height=\"1024\" loading=\"lazy\" decoding=\"async\" alt=\"Media Image\" fetchpriority=\"auto\" class=\"image ho-image\"\/>\u00a9 dualipa<\/p>\n<p id=\"ef0nr0McGtbM\" data-wc=\"63\">La magia de Ibiza tambi\u00e9n se hizo presente en las noches. Una velada incluy\u00f3 un <strong data-end=\"3693\" data-start=\"3662\">tablao flamenco improvisado<\/strong>, con bailaora, cantaor, guitarra y caj\u00f3n, que anim\u00f3 a todos los presentes a sumarse al comp\u00e1s. Otra noche fue para el recuerdo gracias a un \u201c<strong data-end=\"3854\" data-start=\"3835\">cinema paradiso<\/strong>\u201d al aire libre, con proyecci\u00f3n de pel\u00edculas, palomitas y mantas, mientras el cielo se iluminaba con las perseidas.<\/p>\n<p> <img src=\"https:\/\/www.europesays.com\/es\/wp-content\/uploads\/2025\/08\/2119a4ed18cd-so-far-so-good-sun-sea-the-bestest-of-bestfriends-dancing-til-6am-long-l.jpg\"   width=\"1024\" height=\"1024\" loading=\"lazy\" decoding=\"async\" alt=\"Media Image\" fetchpriority=\"auto\" class=\"image ho-image\"\/>\u00a9 dualipa<\/p>\n<p> <img src=\"https:\/\/www.europesays.com\/es\/wp-content\/uploads\/2025\/08\/c8218d22619a-so-far-so-good-sun-sea-the-bestest-of-bestfriends-dancing-til-6am-long-l.jpg\"   width=\"1024\" height=\"1024\" loading=\"lazy\" decoding=\"async\" alt=\"Media Image\" fetchpriority=\"auto\" class=\"image ho-image\"\/>\u00a9 dualipa<\/p>\n<p> <img src=\"https:\/\/www.europesays.com\/es\/wp-content\/uploads\/2025\/08\/9d6aed48d24d-so-far-so-good-sun-sea-the-bestest-of-bestfriends-dancing-til-6am-long-l.jpg\"   width=\"1024\" height=\"1024\" loading=\"lazy\" decoding=\"async\" alt=\"Media Image\" fetchpriority=\"auto\" class=\"image ho-image\"\/>\u00a9 dualipa<br \/>\nEl verano del amor<\/p>\n<p id=\"eikJCC-009ij\" data-wc=\"134\">En el plano personal, Dua vive un momento dulce. Confirm\u00f3 su compromiso con el actor brit\u00e1nico Callum Turner el pasado mes de junio, poniendo fin a meses de rumores que comenzaron cuando, en Navidad, public\u00f3 una fotograf\u00eda luciendo un deslumbrante anillo de diamantes en el dedo anular. Seg\u00fan cont\u00f3 a Vogue, la pedida tuvo lugar ese mismo d\u00eda de Navidad, cuando Callum \u201chinc\u00f3 rodilla\u201d para hacerle la pregunta m\u00e1s importante. La cantante no dud\u00f3 en decir que s\u00ed y, desde entonces, asegura estar \u201c<strong data-end=\"725\" data-start=\"696\">obsesionada con el anillo<\/strong>\u201d, una pieza hecha a medida que su prometido dise\u00f1\u00f3 con la ayuda de sus mejores amigas y de su hermana Rina: \u201c<strong data-end=\"942\" data-start=\"835\">Es tan yo\u2026 Es bonito saber que la persona con la que vas a pasar el resto de tu vida te conoce tan bien<\/strong>\u201d, confes\u00f3 emocionada.<\/p>\n<p> <img src=\"https:\/\/www.europesays.com\/es\/wp-content\/uploads\/2025\/08\/b00e79e759de-early-birthday-celebrations-on-my-favourite-island-with-my-favourite-people-wear.jpg\"   width=\"1024\" height=\"1024\" loading=\"lazy\" decoding=\"async\" alt=\"Media Image\" fetchpriority=\"auto\" class=\"image ho-image\"\/>\u00a9 dualipa<\/p>\n<p> <img src=\"https:\/\/www.europesays.com\/es\/wp-content\/uploads\/2025\/08\/6660383da2f1-530812928185462263840431961709696821400710113n.jpg\"   width=\"1024\" height=\"1024\" loading=\"lazy\" decoding=\"async\" alt=\"dualipa\" fetchpriority=\"auto\" class=\"image ho-image\"\/>\u00a9 dualipa<\/p>\n<p> <img src=\"https:\/\/www.europesays.com\/es\/wp-content\/uploads\/2025\/08\/e2f291d402d3-thats-amoreeee-1.jpg\"   width=\"1024\" height=\"1023\" loading=\"lazy\" decoding=\"async\" alt=\"Dua Lipa y Callum Turner\" fetchpriority=\"auto\" class=\"image ho-image\"\/>\u00a9 dualipa<\/p>\n<p id=\"eRygds6TrWC\" data-wc=\"112\">La pareja comenz\u00f3 su relaci\u00f3n en enero de 2024 y, aunque todav\u00eda no han fijado la fecha de la boda, disfrutan de este periodo con calma, compaginando sus agendas profesionales. \u201c<strong data-end=\"1239\" data-start=\"1146\">Quiero terminar mi gira, Callum est\u00e1 rodando, as\u00ed que estamos disfrutando de este momento<\/strong>\u201d, explic\u00f3 la artista, quien reconoce que nunca hab\u00eda pensado mucho en bodas: \u201c<strong data-end=\"1436\" data-start=\"1318\">Nunca he sido de imaginar qu\u00e9 tipo de novia ser\u00eda, y de repente me encuentro pregunt\u00e1ndome: \u2018Oh, \u00bfqu\u00e9 me pondr\u00eda?\u2019<\/strong>\u201d. Lo que s\u00ed tiene muy claro es que ha encontrado a su compa\u00f1ero de vida: \u201c<strong data-end=\"1654\" data-start=\"1511\">Esta decisi\u00f3n de envejecer juntos, de imaginar una vida y simplemente ser mejores amigos para siempre\u2026 es un sentimiento realmente especial<\/strong>\u201d.<\/p>\n<p> <img src=\"https:\/\/www.europesays.com\/es\/wp-content\/uploads\/2025\/08\/392c2163f9d9-home-home-home-sweet-home-home-home-home.jpg\"   width=\"1024\" height=\"1024\" loading=\"lazy\" decoding=\"async\" alt=\"Dua Lipa y Callum Turner\" fetchpriority=\"auto\" class=\"image ho-image\"\/>\u00a9 dualipa<\/p>\n<p> <img src=\"https:\/\/www.europesays.com\/es\/wp-content\/uploads\/2025\/08\/f60c777240f7-thats-amoreeee.jpg\"   width=\"1024\" height=\"1024\" loading=\"lazy\" decoding=\"async\" alt=\"Dua Lipa y Callum Turner\" fetchpriority=\"auto\" class=\"image ho-image\"\/>\u00a9 dualipa<\/p>\n<p id=\"egV1uRPCYol\" data-wc=\"110\">Su historia comenz\u00f3 de manera casi cinematogr\u00e1fica. Se conocieron por primera vez en The River Caf\u00e9 de Londres, gracias a la presentaci\u00f3n de Ruth Rogers, una de las cofundadoras del c\u00e9lebre restaurante. Un a\u00f1o despu\u00e9s, se reencontraron en Los \u00c1ngeles, durante una cena de Dua con su amigo Mustafa The Poet, quien tambi\u00e9n se encarg\u00f3 de presentarlos de nuevo. Ella recuerda haber pensado entonces: \u201cOh, es ese chico tan guapo de The River Caf\u00e9\u201d. El flechazo se intensific\u00f3 al descubrir que ambos estaban leyendo el mismo libro, Trust, de Hern\u00e1n D\u00edaz. Desde aquel momento, no se han separado y, como dice la propia artista, est\u00e1n juntos \u201c<strong data-end=\"2320\" data-start=\"2299\">al mil por ciento<\/strong>\u201d.<\/p>\n","protected":false},"excerpt":{"rendered":"Dua Lipa ha vuelto a demostrar que es una aut\u00e9ntica enamorada de Espa\u00f1a. Para celebrar por adelantado su&hellip;\n","protected":false},"author":2,"featured_media":51001,"comment_status":"","ping_status":"","sticky":false,"template":"","format":"standard","meta":{"footnotes":""},"categories":[170],"tags":[517,634,14008,146,147,25,24,6079,12553,184,185,23,22648,19014],"class_list":{"0":"post-51000","1":"post","2":"type-post","3":"status-publish","4":"format-standard","5":"has-post-thumbnail","7":"category-musica","8":"tag-actualidad","9":"tag-deporte","10":"tag-dua-lipa","11":"tag-entertainment","12":"tag-entretenimiento","13":"tag-es","14":"tag-espana","15":"tag-ibiza","16":"tag-mas-noticias","17":"tag-music","18":"tag-musica","19":"tag-spain","20":"tag-surf","21":"tag-yoga"},"share_on_mastodon":{"url":"","error":""},"_links":{"self":[{"href":"https:\/\/www.europesays.com\/es\/wp-json\/wp\/v2\/posts\/51000","targetHints":{"allow":["GET"]}}],"collection":[{"href":"https:\/\/www.europesays.com\/es\/wp-json\/wp\/v2\/posts"}],"about":[{"href":"https:\/\/www.europesays.com\/es\/wp-json\/wp\/v2\/types\/post"}],"author":[{"embeddable":true,"href":"https:\/\/www.europesays.com\/es\/wp-json\/wp\/v2\/users\/2"}],"replies":[{"embeddable":true,"href":"https:\/\/www.europesays.com\/es\/wp-json\/wp\/v2\/comments?post=51000"}],"version-history":[{"count":0,"href":"https:\/\/www.europesays.com\/es\/wp-json\/wp\/v2\/posts\/51000\/revisions"}],"wp:featuredmedia":[{"embeddable":true,"href":"https:\/\/www.europesays.com\/es\/wp-json\/wp\/v2\/media\/51001"}],"wp:attachment":[{"href":"https:\/\/www.europesays.com\/es\/wp-json\/wp\/v2\/media?parent=51000"}],"wp:term":[{"taxonomy":"category","embeddable":true,"href":"https:\/\/www.europesays.com\/es\/wp-json\/wp\/v2\/categories?post=51000"},{"taxonomy":"post_tag","embeddable":true,"href":"https:\/\/www.europesays.com\/es\/wp-json\/wp\/v2\/tags?post=51000"}],"curies":[{"name":"wp","href":"https:\/\/api.w.org\/{rel}","templated":true}]}}