{"id":510148,"date":"2026-04-21T17:14:25","date_gmt":"2026-04-21T17:14:25","guid":{"rendered":"https:\/\/www.europesays.com\/es\/510148\/"},"modified":"2026-04-21T17:14:25","modified_gmt":"2026-04-21T17:14:25","slug":"ariadne-artiles-y-cari-lapique-las-invitadas-mas-elegantes-en-la-emotiva-boda-de-eugenia-fraile-y-alvaro-vega-de-seoane","status":"publish","type":"post","link":"https:\/\/www.europesays.com\/es\/510148\/","title":{"rendered":"Ariadne Artiles y Cari Lapique, las invitadas m\u00e1s elegantes en la emotiva boda de Eugenia Fraile y \u00c1lvaro Vega de Seoane"},"content":{"rendered":"<p id=\"egBXGttV3bd\" data-wc=\"97\">En la era de las bodas convertidas en desfiles \u2014y, a menudo, en competiciones de looks\u2014 hay invitadas que siguen apostando por la sencillez. <a class=\"hm-link ho-link\" href=\"https:\/\/www.hola.com\/actualidad\/20260119878680\/ariadne-artiles-cumple-44\/\" rel=\"noopener nofollow\" target=\"_blank\" data-mrf-recirculation=\"article-body-link\">Ariadne Artiles<\/a> pertenece a ese grupo. Su reciente paso por Madrid, condensado en apenas 48 horas para asistir a <a class=\"hm-link ho-link\" href=\"https:\/\/www.hola.com\/actualidad\/20260419896524\/boda-recuerdos-cari-lapique-enlace-eugenia-fraile-intima-amiga-caritina-goyanes-madrina-hijo-pedro\/\" rel=\"noopener nofollow\" target=\"_blank\" data-mrf-recirculation=\"article-body-link\">la boda de Eugenia Fraile y \u00c1lvaro Vega de Seoane<\/a>, ha dejado algo m\u00e1s que im\u00e1genes bonitas: ha ofrecido una lecci\u00f3n de estilo atemporal. No es casualidad. La modelo canaria, curtida en campa\u00f1as internacionales <strong>desde que Bruce Weber la eligiera para Abercrombie &amp; Fitch<\/strong>, ha construido una imagen donde la naturalidad es siempre protagonista.<\/p>\n<p> <img src=\"https:\/\/www.europesays.com\/es\/wp-content\/uploads\/2026\/04\/c395202452cf-673035666185775870280486281838721409146192958n.jpg\"   width=\"768\" height=\"1024\" loading=\"lazy\" decoding=\"async\" alt=\"Ariadne Artiles, con vestido de The IQ Collection, en una boda en Madrid.\" fetchpriority=\"auto\" class=\"image ho-image\"\/>\u00a9 ariadneartiles<br \/>\nEl vestido: dise\u00f1o espa\u00f1ol en clave contempor\u00e1nea<\/p>\n<p id=\"enA45E7zxr_\" data-wc=\"49\">Para una boda que, en sus propias palabras, quedar\u00e1 \u201csiempre en el recuerdo\u201d, Ariadne apost\u00f3 por una firma que entiende bien ese equilibrio entre tradici\u00f3n y modernidad: <strong>The IQ Collection<\/strong>. El modelo elegido \u2014el vestido 010, con un precio de 395 euros\u2014 es, en esencia, un ejercicio de elegancia.\u00a0<\/p>\n<p> <img src=\"https:\/\/www.europesays.com\/es\/wp-content\/uploads\/2026\/04\/d55eb3ee44cb-67233588218577586989048628490984413462103401n.jpg\"   width=\"768\" height=\"1024\" loading=\"lazy\" decoding=\"async\" alt=\"Ariadne Artiles, con vestido de The IQ Collection, en una boda en Madrid.\" fetchpriority=\"auto\" class=\"image ho-image\"\/>\u00a9 ariadneartiles<\/p>\n<p id=\"ecjnjk1TpcW\" data-wc=\"84\">De largo midi, en un tono arcilla que huye del cl\u00e1sico pastel pero dialoga con \u00e9l, el dise\u00f1o incorpora una falda con rayas en azul celeste que aporta luz y dinamismo. El tirante ancho equilibra la silueta y le da ese punto de sobriedad que pide una ceremonia de d\u00eda, mientras que el tejido ligeramente el\u00e1stico permite que la prenda acompa\u00f1e el movimiento sin perder estructura. El detalle del lazo desmontable \u2014un gesto divertido\u2014 introduce versatilidad: m\u00e1s formal o m\u00e1s relajado seg\u00fan el momento.<\/p>\n<p id=\"e1FqkF01lUg\" data-wc=\"24\">Detr\u00e1s de esta est\u00e9tica est\u00e1 <strong>In\u00e9s Domecq<\/strong>, cuyo universo creativo bebe directamente del sur: la arquitectura, la luz, los patios y una cierta nostalgia.\u00a0<\/p>\n<p> <img src=\"https:\/\/www.europesays.com\/es\/wp-content\/uploads\/2026\/04\/1050f66c1c70-671252559185775809830486286950905704901308709n.jpg\"   width=\"768\" height=\"1024\" loading=\"lazy\" decoding=\"async\" alt=\"Ariadne Artiles, con vestido de The IQ Collection, en una boda en Madrid.\" fetchpriority=\"auto\" class=\"image ho-image\"\/>\u00a9 ariadneartiles<br \/>\nUna boda familiar<\/p>\n<p id=\"ezFusXvrPf9\" data-wc=\"44\">Pero reducir este episodio a un acierto estil\u00edstico ser\u00eda quedarse en la superficie. La boda de sus primos, Eugenia y \u00c1lvaro, ha sido \u2014seg\u00fan relataba la propia modelo\u2014 un encuentro de esos que condensan a\u00f1os de historia compartida. \u201cCasi 20 a\u00f1os de recuerdos\u201d, escrib\u00eda.<\/p>\n<p id=\"ee2m_Im2FSw\" data-wc=\"41\">Hay algo profundamente espa\u00f1ol en esa reivindicaci\u00f3n de la familia extensa: primos, t\u00edos, sobremesas largas y celebraciones que se alargan m\u00e1s all\u00e1 del protocolo. Ariadne lo expresa con gran claridad: \u201ctener primos en todos lados es un regalo de la vida\u201d.\u00a0<\/p>\n<p> <img src=\"https:\/\/www.europesays.com\/es\/wp-content\/uploads\/2026\/04\/17ea48903c58-670868265185775851050486287526348552674830083n.jpg\"   width=\"768\" height=\"1024\" loading=\"lazy\" decoding=\"async\" alt=\"Ariadne Artiles, con vestido de The IQ Collection, en una boda en Madrid.\" fetchpriority=\"auto\" class=\"image ho-image\"\/>\u00a9 ariadneartiles<br \/>\nUn look que funciona e invitadas con estilo<\/p>\n<p id=\"epCogOTPkdS\" data-wc=\"35\">El \u00e9xito del look de Ariadne no reside \u00fanicamente en el vestido. El tono arcilla, c\u00e1lido y terroso, conecta con la idea de arraigo; el celeste introduce ligereza, casi como un gui\u00f1o a la celebraci\u00f3n.\u00a0<\/p>\n<p> <img src=\"https:\/\/www.europesays.com\/es\/wp-content\/uploads\/2026\/04\/25964448a151-670857534185775809440486281005157813519978149n.jpg\"   width=\"769\" height=\"1024\" loading=\"lazy\" decoding=\"async\" alt=\"Ariadne Artiles, con vestido de The IQ Collection, en una boda en Madrid.\" fetchpriority=\"auto\" class=\"image ho-image\"\/>\u00a9 ariadneartiles<\/p>\n<p id=\"eK5f_JOtS8\" data-wc=\"73\">Tambi\u00e9n asistieron al enlace Cari Lapique y Carla Goyanes, muy cercanas a la novia. Madre e hija han compartido varias fotograf\u00edas del gran d\u00eda. Se trataba de una boda casual y sencilla, por eso Cari eligi\u00f3 un top de color blanco con escote barco y una elegante manga francesa. Una parte de arriba que combin\u00f3 con una falda con estampado floral en diferentes colores. Elev\u00f3 el look con collares, brazaletes y pendientes dorados.\u00a0<\/p>\n<p> <img src=\"https:\/\/www.europesays.com\/es\/wp-content\/uploads\/2026\/04\/6dd251ecf929-67061576718577284547027680711531782706628655n.jpg\"   width=\"768\" height=\"1024\" loading=\"lazy\" decoding=\"async\" alt=\"Cari Lapique, elegante, con un look de invitada de boda.\" fetchpriority=\"auto\" class=\"image ho-image\"\/>\u00a9 cariilapique<\/p>\n<p id=\"e-DMPgUBj0\" data-wc=\"21\">Su hija, Carla, opt\u00f3 tambi\u00e9n por un vestido estampado muy llamativo por sus colores vibrantes y su favorecedor escote en V. \u00a0<\/p>\n<p> <img src=\"https:\/\/www.europesays.com\/es\/wp-content\/uploads\/2026\/04\/8e2730c91ec5-671307875185762217400020271468278157782995325n.jpg\"   width=\"1024\" height=\"768\" loading=\"lazy\" decoding=\"async\" alt=\"Carla Goyanes con vestido de invitada multicolor.\" fetchpriority=\"auto\" class=\"image ho-image\"\/>\u00a9 carlugoyanes<br \/>\nAriadne Artiles: vida tranquila y familiar<\/p>\n<p id=\"e6bYnWgZP0R\" data-wc=\"37\">Esta semana anunciaba su intenci\u00f3n de recorrer las islas Canarias con sus hijas \u2014Ari, Mar\u00eda y Julieta\u2014, empezando por Fuerteventura, un lugar al que no regresaba desde hac\u00eda m\u00e1s de dos d\u00e9cadas con esa intenci\u00f3n de disfrute.<\/p>\n<p> <img src=\"https:\/\/www.europesays.com\/es\/wp-content\/uploads\/2026\/04\/23f54bc1d685-661632367185775845860486286086574403553411160n.jpg\"   width=\"768\" height=\"1024\" loading=\"lazy\" decoding=\"async\" alt=\"Ariadne Artiles, con vestido de The IQ Collection, en una boda en Madrid.\" fetchpriority=\"auto\" class=\"image ho-image\"\/>\u00a9 ariadneartiles<\/p>\n<p id=\"etYw3A5-FA3\" data-wc=\"73\">Su trayectoria \u2014modelo revelaci\u00f3n en 2006, considerada durante a\u00f1os una de las mujeres m\u00e1s bellas del panorama internacional\u2014 se ha ido ampliando hacia el dise\u00f1o, la escritura y la maternidad. Desde 2011 mantiene una relaci\u00f3n con el empresario Jos\u00e9 Mar\u00eda Garc\u00eda Fraile, con quien ha construido un entorno familiar que ha decidido mantener al margen del foco. En sus palabras, <strong>la maternidad ha sido \u201cuna de las etapas m\u00e1s importantes\u201d<\/strong> de su vida.<\/p>\n","protected":false},"excerpt":{"rendered":"En la era de las bodas convertidas en desfiles \u2014y, a menudo, en competiciones de looks\u2014 hay invitadas&hellip;\n","protected":false},"author":2,"featured_media":510149,"comment_status":"","ping_status":"","sticky":false,"template":"","format":"standard","meta":{"footnotes":""},"categories":[174],"tags":[1024,38698,5277,255,146,147,25,24,256,1023,23,48747],"class_list":["post-510148","post","type-post","status-publish","format-standard","has-post-thumbnail","category-famosos","tag-actualidad-moda","tag-ariadne-artiles","tag-cari-lapique","tag-celebrities","tag-entertainment","tag-entretenimiento","tag-es","tag-espana","tag-famosos","tag-moda","tag-spain","tag-vestidos-de-invitada"],"share_on_mastodon":{"url":"https:\/\/pubeurope.com\/@es\/116443825508861297","error":""},"_links":{"self":[{"href":"https:\/\/www.europesays.com\/es\/wp-json\/wp\/v2\/posts\/510148","targetHints":{"allow":["GET"]}}],"collection":[{"href":"https:\/\/www.europesays.com\/es\/wp-json\/wp\/v2\/posts"}],"about":[{"href":"https:\/\/www.europesays.com\/es\/wp-json\/wp\/v2\/types\/post"}],"author":[{"embeddable":true,"href":"https:\/\/www.europesays.com\/es\/wp-json\/wp\/v2\/users\/2"}],"replies":[{"embeddable":true,"href":"https:\/\/www.europesays.com\/es\/wp-json\/wp\/v2\/comments?post=510148"}],"version-history":[{"count":0,"href":"https:\/\/www.europesays.com\/es\/wp-json\/wp\/v2\/posts\/510148\/revisions"}],"wp:featuredmedia":[{"embeddable":true,"href":"https:\/\/www.europesays.com\/es\/wp-json\/wp\/v2\/media\/510149"}],"wp:attachment":[{"href":"https:\/\/www.europesays.com\/es\/wp-json\/wp\/v2\/media?parent=510148"}],"wp:term":[{"taxonomy":"category","embeddable":true,"href":"https:\/\/www.europesays.com\/es\/wp-json\/wp\/v2\/categories?post=510148"},{"taxonomy":"post_tag","embeddable":true,"href":"https:\/\/www.europesays.com\/es\/wp-json\/wp\/v2\/tags?post=510148"}],"curies":[{"name":"wp","href":"https:\/\/api.w.org\/{rel}","templated":true}]}}