{"id":510155,"date":"2026-04-21T17:20:16","date_gmt":"2026-04-21T17:20:16","guid":{"rendered":"https:\/\/www.europesays.com\/es\/510155\/"},"modified":"2026-04-21T17:20:16","modified_gmt":"2026-04-21T17:20:16","slug":"el-barca-a-acercarse-mas-al-titulo-ante-un-celta-en-horas-bajas","status":"publish","type":"post","link":"https:\/\/www.europesays.com\/es\/510155\/","title":{"rendered":"El Bar\u00e7a, a acercarse m\u00e1s al t\u00edtulo ante un Celta en horas bajas"},"content":{"rendered":"<p class=\"mb-4 text-lg md:leading-8 break-words\">Barcelona\/Vigo, 21 abr (EFE).- El Barcelona, que tiene nueve puntos de ventaja sobre el segundo en LaLiga, su \u00fanico objetivo del curso, empezar\u00e1 a descontar hacia el campeonato este mi\u00e9rcoles frente al Celta, sexto en la clasificaci\u00f3n, pero en una din\u00e1mica negativa.<\/p>\n<p class=\"mb-4 text-lg md:leading-8 break-words\">Los de Hansi Flick, con 21 puntos por disputarse, tienen una jugosa ventaja y todo en su mano para reeditar el t\u00edtulo de Liga, que sumar\u00edan al de la Supercopa de Espa\u00f1a conquistado a principios de a\u00f1o.<\/p>\n<p class=\"mb-4 text-lg md:leading-8 break-words\">Adem\u00e1s, los azulgrana mantienen una racha impoluta de victorias, con siete triunfos consecutivos y la \u00faltima derrota dom\u00e9stica tuvo lugar en Girona (2-1, el 16 de febrero).<\/p>\n<p class=\"mb-4 text-lg md:leading-8 break-words\">Una vez descabalgado de la Liga de Campeones y de la Copa del Rey, en ambos casos por el Atl\u00e9tico de Madrid, el Bar\u00e7a afronta siete finales para volver a conquistar un t\u00edtulo que ya gan\u00f3 el curso pasado y aumentar hasta 29 el n\u00famero de campeonatos.<\/p>\n<p class=\"mb-4 text-lg md:leading-8 break-words\">Ante los gallegos, Flick tendr\u00e1 tres bajas. A la de larga duraci\u00f3n de Andreas Christensen y la de Raphinha, se ha sumado la de Marc Bernal, que contin\u00faa con problemas en el tobillo que ya le impidieron jugar los \u00faltimos encuentros.<\/p>\n<p class=\"mb-4 text-lg md:leading-8 break-words\">El resto est\u00e1 disponible para el t\u00e9cnico alem\u00e1n, que buscar\u00e1 descontar en la carrera liguera con un once reconocible, al que podr\u00eda volver de inicio Frenkie de Jong, aunque tambi\u00e9n con muchas opciones abiertas.<\/p>\n<p class=\"mb-4 text-lg md:leading-8 break-words\">Falta por determinar qui\u00e9n acompa\u00f1ar\u00e1 a Cubars\u00ed en el eje central, posici\u00f3n para la que se postulan Gerard Mart\u00edn, Eric Garcia o incluso Ronald Araujo.<\/p>\n<p class=\"mb-4 text-lg md:leading-8 break-words\">Tampoco est\u00e1 claro si Cancelo ser\u00e1 el titular por la izquierda o lo ser\u00e1 Balde, por ello lo \u00fanico que est\u00e1 claro es la presencia en la porter\u00eda de Joan Garcia y de Jules Kounde en el lateral derecho.<\/p>\n<p class=\"mb-4 text-lg md:leading-8 break-words\">Si Flick no se decide por De Jong como acompa\u00f1ante de Pedri, tambi\u00e9n tendr\u00eda opciones Eric Garcia. Por delante, Lamine Yamal tiene garantizada su presencia, mientras que para las otras tres posiciones se las disputar\u00e1n Ferm\u00edn, Olmo, Ferran y Lewandowski.<\/p>\n<p class=\"mb-4 text-lg md:leading-8 break-words\">El mejor Celta de la historia a domicilio, con 27 puntos sumados en quince partidos y s\u00f3lo dos derrotas lejos de Bala\u00eddos, afronta un desaf\u00edo may\u00fasculo en el Camp Nou, donde nadie ha conseguido ara\u00f1arle alg\u00fan punto al Barcelona en LaLiga.<\/p>\n<p><img alt=\"\" loading=\"lazy\" width=\"960\" height=\"640\" decoding=\"async\" data-nimg=\"1\" class=\"rounded-lg\" style=\"color:transparent\" src=\"https:\/\/www.europesays.com\/es\/wp-content\/uploads\/2026\/04\/9f2deffd73f9bf0f626bcb5760866c8c.jpeg\"\/><\/p>\n<p class=\"mb-4 text-lg md:leading-8 break-words\">Los n\u00fameros del l\u00edder asustan con 51 goles a favor y s\u00f3lo nueve en contra, sobre todo porque el equipo celeste se ha vuelto mucho m\u00e1s vulnerable a nivel defensivo desde que el sueco Carl Starfelt cay\u00f3 lesionado.<\/p>\n<p class=\"mb-4 text-lg md:leading-8 break-words\">Sin el central, que sigue sin recuperarse de la lumbalgia con la que regres\u00f3 de jugar con su selecci\u00f3n nacional la repesca para el Mundial, el Celta ha encajado quince goles en cinco partidos, seis de ellos en el doble enfrentamiento contra el Friburgo y otros tres ante el Real Oviedo.<\/p>\n<p class=\"mb-4 text-lg md:leading-8 break-words\">La ausencia del sueco est\u00e1 siendo un quebradero de cabeza para Claudio Gir\u00e1ldez, incapaz de encontrar un recambio de garant\u00edas. La derrota por 0-3 ante el Oviedo agot\u00f3 el cr\u00e9dito del ghan\u00e9s Joseph Aidoo y en la vuelta frente al Friburgo el elegido fue el canterano Yoel Lago, sustituido al descanso.<\/p>\n<p class=\"mb-4 text-lg md:leading-8 break-words\">La soluci\u00f3n, por tanto, no es f\u00e1cil para el t\u00e9cnico celeste, que podr\u00eda juntar a Javi Rodr\u00edguez y Marcos Alonso por dentro del eje para alinear una defensa de cuatro, con Javi Rueda o \u00c1lvaro N\u00fa\u00f1ez en el costado derecho y Carreira en el izquierdo.<\/p>\n<p class=\"mb-4 text-lg md:leading-8 break-words\">La otra posibilidad es que es mantenga a Yoel junto a los intocables Marcos Alonso y Javi Rodr\u00edguez, por lo que Mingueza y Carreira actuar\u00edan en el centro del campo junto a Vecino y Moriba. En ese caso, Jutgl\u00e1 y Pablo Dur\u00e1n tendr\u00edan m\u00e1s opciones de jugar por detr\u00e1s de Borja Iglesias.<\/p>\n<p class=\"mb-4 text-lg md:leading-8 break-words\">&#8211; Alineaciones probables:<\/p>\n<p class=\"mb-4 text-lg md:leading-8 break-words\">FC Barcelona: Joan Garcia; Kounde; Cubars\u00ed, Gerard Mart\u00edn, Cancelo; Pedri, Eric o De Jong; Lamine, Ferm\u00edn, Olmo; y Ferran o Lewandowski.<\/p>\n<p class=\"mb-4 text-lg md:leading-8 break-words\">Celta: Radu; \u00c1lvaro N\u00fa\u00f1ez, Javi Rodr\u00edguez, Marcos Alonso, Carreira; Rueda, Moriba, Sotelo, Mingueza; Aspas, Williot y Jutgl\u00e1.<\/p>\n<p class=\"mb-4 text-lg md:leading-8 break-words\">\u00c1rbitro: Jos\u00e9 Luis Munuera Montero (Comit\u00e9 andaluz)<\/p>\n<p class=\"mb-4 text-lg md:leading-8 break-words\">Estadio: Spotify Camp Nou.<\/p>\n<p class=\"mb-4 text-lg md:leading-8 break-words\">Hora: 21.30. EFE<\/p>\n<p class=\"mb-4 text-lg md:leading-8 break-words\">(c) Agencia EFE<\/p>\n","protected":false},"excerpt":{"rendered":"Barcelona\/Vigo, 21 abr (EFE).- El Barcelona, que tiene nueve puntos de ventaja sobre el segundo en LaLiga, su&hellip;\n","protected":false},"author":2,"featured_media":510156,"comment_status":"","ping_status":"","sticky":false,"template":"","format":"standard","meta":{"footnotes":""},"categories":[93],"tags":[63397,2296,210,168,995,10445,25,24,13342,883,28741,288,32380,23,167,20421],"class_list":["post-510155","post","type-post","status-publish","format-standard","has-post-thumbnail","category-deportes","tag-andreas-christensen","tag-barca","tag-barcelona","tag-deportes","tag-efe","tag-eric-garcia","tag-es","tag-espana","tag-hansi-flick","tag-joan-garcia","tag-la-copa-del-rey","tag-laliga","tag-marc-bernal","tag-spain","tag-sports","tag-supercopa-de-espana"],"share_on_mastodon":{"url":"https:\/\/pubeurope.com\/@es\/116443848832690950","error":""},"_links":{"self":[{"href":"https:\/\/www.europesays.com\/es\/wp-json\/wp\/v2\/posts\/510155","targetHints":{"allow":["GET"]}}],"collection":[{"href":"https:\/\/www.europesays.com\/es\/wp-json\/wp\/v2\/posts"}],"about":[{"href":"https:\/\/www.europesays.com\/es\/wp-json\/wp\/v2\/types\/post"}],"author":[{"embeddable":true,"href":"https:\/\/www.europesays.com\/es\/wp-json\/wp\/v2\/users\/2"}],"replies":[{"embeddable":true,"href":"https:\/\/www.europesays.com\/es\/wp-json\/wp\/v2\/comments?post=510155"}],"version-history":[{"count":0,"href":"https:\/\/www.europesays.com\/es\/wp-json\/wp\/v2\/posts\/510155\/revisions"}],"wp:featuredmedia":[{"embeddable":true,"href":"https:\/\/www.europesays.com\/es\/wp-json\/wp\/v2\/media\/510156"}],"wp:attachment":[{"href":"https:\/\/www.europesays.com\/es\/wp-json\/wp\/v2\/media?parent=510155"}],"wp:term":[{"taxonomy":"category","embeddable":true,"href":"https:\/\/www.europesays.com\/es\/wp-json\/wp\/v2\/categories?post=510155"},{"taxonomy":"post_tag","embeddable":true,"href":"https:\/\/www.europesays.com\/es\/wp-json\/wp\/v2\/tags?post=510155"}],"curies":[{"name":"wp","href":"https:\/\/api.w.org\/{rel}","templated":true}]}}