{"id":51020,"date":"2025-08-16T08:40:14","date_gmt":"2025-08-16T08:40:14","guid":{"rendered":"https:\/\/www.europesays.com\/es\/51020\/"},"modified":"2025-08-16T08:40:14","modified_gmt":"2025-08-16T08:40:14","slug":"el-fin-a-un-reinado","status":"publish","type":"post","link":"https:\/\/www.europesays.com\/es\/51020\/","title":{"rendered":"el fin a un reinado"},"content":{"rendered":"<p class=\"ft-text\"><strong>Ilia Topuria dejar\u00e1 de ser camp\u00e9on mundial del peso pluma de la UFC.<\/strong> Por decisi\u00f3n propia,<a class=\"ft-link ft-link--decoration\" href=\"https:\/\/www.sport.es\/es\/noticias\/ufc\/ufc-314-horario-tv-ver-116198291\" rel=\"nofollow noopener\" target=\"_blank\"> el peleador hispanogeorgiano tendr\u00e1 que ver c\u00f3mo Alexander Volkanovski y Diego Lopes se disputan esta noche, en la madrugada del s\u00e1bado 12 de abril al domingo 13<\/a>, la oportunidad de enfundarse el cintur\u00f3n. <strong>El UFC 314 de Miami, Florida<\/strong>, ser\u00e1 el escenario de una de las carteleras m\u00e1s esperadas del a\u00f1o con una pelea estelar que tendr\u00e1 seguro al sucesor del trono que hasta hoy pertenece al <strong>&#8216;Matador&#8217; (ahora &#8216;La Leyenda&#8217;<\/strong>)<a class=\"ft-link ft-link--decoration\" href=\"https:\/\/www.sport.es\/es\/noticias\/ufc\/ilia-topuria-destrona-rey-arranca-98318316\" rel=\"nofollow noopener\" target=\"_blank\"> tras su incre\u00edble victoria ante Volkanovski hace ya m\u00e1s de un a\u00f1o<\/a> y su posterior defensa ante <strong>Max Holloway<\/strong>.<\/p>\n<p class=\"ft-text\">Ha llegado el momento de decir adi\u00f3s. <strong>A la espera de conocer la pr\u00f3xima v\u00edctima de Ilia Topuria dentro de un oct\u00e1gono, con el combate ante el campe\u00f3n Islam Makhachev todav\u00eda en el aire<\/strong>, el hispanogeorgiano coronar\u00e1 a un nuevo campe\u00f3n en una divisi\u00f3n que ya es historia para \u00e9l. Su decisi\u00f3n de dar el salto al <strong>peso ligero (155 libras)<\/strong> cogi\u00f3 por sopresa a muchos pero es una respuesta l\u00f3gica a la ambici\u00f3n de un peleador que no se conforma con ser campe\u00f3n y que quiere entrar en el<strong> &#8216;Hall of Fame&#8217; de la UFC<\/strong> y <a class=\"ft-link ft-link--decoration\" href=\"https:\/\/www.sport.es\/es\/noticias\/ufc\/topuria-ufc-makhachev-tierra-nadie-vuelve-115393429\" rel=\"nofollow noopener\" target=\"_blank\">hacerse tambi\u00e9n con el doble cintur\u00f3n que ostenta uno de los peleadores m\u00e1s temidos de la compa\u00f1\u00eda<\/a>.<\/p>\n<p>Alexander Volkanovski o Diego Lopes: Topuria lo deja en buenas manos<\/p>\n<p class=\"ft-text\">Toda la UFC y <strong>Dana White<\/strong> est\u00e1n expectantes por ver si ser\u00e1 <strong>Alexander Volkanovski<\/strong> el encargado de recuperar un cintur\u00f3n que domin\u00f3 durante cuatro a\u00f1os con cinco defensas y dar as\u00ed un golpe encima de la mesa para reavivar una carrera que parece entrar en su tramo final; o bien un <strong>Diego Lopes <\/strong>que cuenta con el apoyo del p\u00fablico mexicano y brasile\u00f1o y con las condiciones de sobra (tras cinco victorias consecutivas) para heredar un reinado que no est\u00e1 hecho para cualquiera. <strong>La nueva generaci\u00f3n o la vieja guardia, cara a cara<\/strong> en un combate que, seguro, no dejar\u00e1 indiferente a nadie.<\/p>\n<p><img decoding=\"async\" src=\"https:\/\/www.europesays.com\/es\/wp-content\/uploads\/2025\/08\/29f08161-da70-4f13-8b7b-a40e4633fb25_alta-libre-aspect-ratio_default_0.jpg\" width=\"1200\" height=\"675\" alt=\"Volkanovski y Diego Lopes, cara cara antes del UFC 314\" class=\"ft-helper-img-rd\" loading=\"lazy\" hasdataaida=\"true\"\/><\/p>\n<p class=\"ft-helper-fontColor-quaternary ft-helper-fontSize-body-S ft-helper-spacer-t-xxs\">Volkanovski y Diego Lopes, cara cara antes del UFC 314  \/ @UFC<\/p>\n<p class=\"ft-text\">En medio de este escenario de cambios en la UFC, <strong>Ilia sigue en su lucha particular con Islam.<\/strong> El daguestan\u00ed sigue esperando a lo que pase con el peso w\u00e9lter en el UFC 315, a la espera de si da el salto definitivo a las 170 libras o se ve &#8216;obligado&#8217; a medirse con &#8216;La Leyenda&#8217;. En una reciente aparici\u00f3n de Topuria en el &#8216;PBD Podcast&#8217;, el hispanogeorgiano no dud\u00f3 en apuntar de nuevo hacia <strong>Makhachev <\/strong>para insistir por una pelea por el t\u00edtulo que parece no llegar a buen puerto.<\/p>\n<p class=\"ft-text\"><strong>\u00abYo personalmente, le preguntar\u00eda algo como:\u00a0&#8216;\u00bfCu\u00e1l es tu sumisi\u00f3n favorita?&#8217;<\/strong> . <strong>Lo llevo cerca de Khabib y lo someter\u00e9 cerca de Khabib.<\/strong>\u00a0Khabib hablaba con Dana cuando peleaba. Si \u00e9l dice una barra de brazo o una guillotina, voy a por eso. No hay problema, va a ser a\u00fan m\u00e1s entretenido para m\u00ed\u00bb, amenaz\u00f3 Ilia. <strong>Para Topuria, es Makhachev o Oliveira<\/strong>, no parece haber otra opci\u00f3n viable a corto plazo: quiere volver a ser campe\u00f3n y dejar su decimos\u00e9ptima rosa sobre el oct\u00e1gono.<\/p>\n","protected":false},"excerpt":{"rendered":"Ilia Topuria dejar\u00e1 de ser camp\u00e9on mundial del peso pluma de la UFC. Por decisi\u00f3n propia, el peleador&hellip;\n","protected":false},"author":2,"featured_media":51021,"comment_status":"","ping_status":"","sticky":false,"template":"","format":"standard","meta":{"footnotes":""},"categories":[276],"tags":[22653,168,22654,25,24,1523,23,167,343,8887],"class_list":{"0":"post-51020","1":"post","2":"type-post","3":"status-publish","4":"format-standard","5":"has-post-thumbnail","7":"category-ufc","8":"tag-22653","9":"tag-deportes","10":"tag-diego-lopes","11":"tag-es","12":"tag-espana","13":"tag-ilia-topuria","14":"tag-spain","15":"tag-sports","16":"tag-ufc","17":"tag-volkanovski"},"share_on_mastodon":{"url":"","error":""},"_links":{"self":[{"href":"https:\/\/www.europesays.com\/es\/wp-json\/wp\/v2\/posts\/51020","targetHints":{"allow":["GET"]}}],"collection":[{"href":"https:\/\/www.europesays.com\/es\/wp-json\/wp\/v2\/posts"}],"about":[{"href":"https:\/\/www.europesays.com\/es\/wp-json\/wp\/v2\/types\/post"}],"author":[{"embeddable":true,"href":"https:\/\/www.europesays.com\/es\/wp-json\/wp\/v2\/users\/2"}],"replies":[{"embeddable":true,"href":"https:\/\/www.europesays.com\/es\/wp-json\/wp\/v2\/comments?post=51020"}],"version-history":[{"count":0,"href":"https:\/\/www.europesays.com\/es\/wp-json\/wp\/v2\/posts\/51020\/revisions"}],"wp:featuredmedia":[{"embeddable":true,"href":"https:\/\/www.europesays.com\/es\/wp-json\/wp\/v2\/media\/51021"}],"wp:attachment":[{"href":"https:\/\/www.europesays.com\/es\/wp-json\/wp\/v2\/media?parent=51020"}],"wp:term":[{"taxonomy":"category","embeddable":true,"href":"https:\/\/www.europesays.com\/es\/wp-json\/wp\/v2\/categories?post=51020"},{"taxonomy":"post_tag","embeddable":true,"href":"https:\/\/www.europesays.com\/es\/wp-json\/wp\/v2\/tags?post=51020"}],"curies":[{"name":"wp","href":"https:\/\/api.w.org\/{rel}","templated":true}]}}