{"id":51022,"date":"2025-08-16T08:42:08","date_gmt":"2025-08-16T08:42:08","guid":{"rendered":"https:\/\/www.europesays.com\/es\/51022\/"},"modified":"2025-08-16T08:42:08","modified_gmt":"2025-08-16T08:42:08","slug":"el-campeonato-se-celebra-del-22-al-31-de-agosto","status":"publish","type":"post","link":"https:\/\/www.europesays.com\/es\/51022\/","title":{"rendered":"El campeonato se celebra del 22 al 31 de agosto"},"content":{"rendered":"<p class=\"ft-text\">El torneo Concello de Cangas que organiza el Club de Tenis Cangas se celebrar\u00e1 del 22 al 31 de agosto. Las fechas fueron dadas a conocer ayer por el club. Es el segundo torneo en importancia que organiza este club, despu\u00e9s del de Nodosa-Cluteca. El torneo Concello de Cangas cumple este a\u00f1o su 24 edici\u00f3n con una gran representaci\u00f3n de tenistas locales, provinciales y gallegos, tanto en las categor\u00edas masculinas como femeninas.<\/p>\n<p class=\"ft-text\">Este a\u00f1o, adem\u00e1s de las categor\u00edas no federada, que atrae a mucha gente, tambi\u00e9n se jugar\u00e1 la no federada absoluta sub-16 y la categor\u00eda sub-12, para que los j\u00f3venes jugadores de la escuela del club puedan tener contacto con la competici\u00f3n. En eta ocasi\u00f3n , lo premios en met\u00e1lico servir\u00e1n para que los jugadores absolutos del club se enfrenten a los mejores jugadores de la comunidad y traten de mantener al gran nivel que dejaron con su participaci\u00f3n en la pasada edici\u00f3n del Torneo Nodosa-Cluteca.<\/p>\n<p class=\"ft-text\">Seg\u00fan el club se est\u00e1 confeccionando un cuadro de mucha calidad tanto en las categor\u00edas masculina como femenina, donde se dar\u00e1n cita las mejores raquetas de Galicia. La competici\u00f3n se llevar\u00e1 a campo en las pistas al aire libre de San Roque. Si se da por llover, justo los d\u00edas de la competici\u00f3n, el club cuenta tambi\u00e9n con dos pistas cerradas en el pabell\u00f3n de San Roque. Hay que esperar que no sea el caso y que se pueda vivir un torneo al aire libre lleno de calidad y de alicientes competitivos.<\/p>\n<p class=\"ft-text\">Este a\u00f1o las escuelas de verano de tenis est\u00e1n teniendo una gran aceptaci\u00f3n, lo que pone de manifiesto un gran inter\u00e9s por este deporte. \u00daltimamente, al Cluteca se suma tambi\u00e9n muchos tenistas procedentes del Vigo, Pontevedra y de Mar\u00edn, adem\u00e1s de todos los municipios de O Morrazo. El subid\u00f3n del p\u00e1del en los \u00faltimos tiempos en Cangas no rest\u00f3 un \u00e1pice al verdadero reporte de la raqueta.<\/p>\n","protected":false},"excerpt":{"rendered":"El torneo Concello de Cangas que organiza el Club de Tenis Cangas se celebrar\u00e1 del 22 al 31&hellip;\n","protected":false},"author":2,"featured_media":51023,"comment_status":"","ping_status":"","sticky":false,"template":"","format":"standard","meta":{"footnotes":""},"categories":[274],"tags":[18891,22655,296,15288,6951,1798,4842,22656,168,25,24,816,23,167,327,326],"class_list":{"0":"post-51022","1":"post","2":"type-post","3":"status-publish","4":"format-standard","5":"has-post-thumbnail","7":"category-tenis","8":"tag-18891","9":"tag-22655","10":"tag-agosto","11":"tag-campeonato","12":"tag-celebra","13":"tag-club","14":"tag-competicion","15":"tag-concello-de-cangas","16":"tag-deportes","17":"tag-es","18":"tag-espana","19":"tag-galicia","20":"tag-spain","21":"tag-sports","22":"tag-tenis","23":"tag-tennis"},"share_on_mastodon":{"url":"","error":""},"_links":{"self":[{"href":"https:\/\/www.europesays.com\/es\/wp-json\/wp\/v2\/posts\/51022","targetHints":{"allow":["GET"]}}],"collection":[{"href":"https:\/\/www.europesays.com\/es\/wp-json\/wp\/v2\/posts"}],"about":[{"href":"https:\/\/www.europesays.com\/es\/wp-json\/wp\/v2\/types\/post"}],"author":[{"embeddable":true,"href":"https:\/\/www.europesays.com\/es\/wp-json\/wp\/v2\/users\/2"}],"replies":[{"embeddable":true,"href":"https:\/\/www.europesays.com\/es\/wp-json\/wp\/v2\/comments?post=51022"}],"version-history":[{"count":0,"href":"https:\/\/www.europesays.com\/es\/wp-json\/wp\/v2\/posts\/51022\/revisions"}],"wp:featuredmedia":[{"embeddable":true,"href":"https:\/\/www.europesays.com\/es\/wp-json\/wp\/v2\/media\/51023"}],"wp:attachment":[{"href":"https:\/\/www.europesays.com\/es\/wp-json\/wp\/v2\/media?parent=51022"}],"wp:term":[{"taxonomy":"category","embeddable":true,"href":"https:\/\/www.europesays.com\/es\/wp-json\/wp\/v2\/categories?post=51022"},{"taxonomy":"post_tag","embeddable":true,"href":"https:\/\/www.europesays.com\/es\/wp-json\/wp\/v2\/tags?post=51022"}],"curies":[{"name":"wp","href":"https:\/\/api.w.org\/{rel}","templated":true}]}}