{"id":51024,"date":"2025-08-16T08:45:09","date_gmt":"2025-08-16T08:45:09","guid":{"rendered":"https:\/\/www.europesays.com\/es\/51024\/"},"modified":"2025-08-16T08:45:09","modified_gmt":"2025-08-16T08:45:09","slug":"herederos-del-baloncesto-en-lo-alto-del-podium","status":"publish","type":"post","link":"https:\/\/www.europesays.com\/es\/51024\/","title":{"rendered":"Herederos del baloncesto en lo alto del p\u00f3dium"},"content":{"rendered":"<p class=\"v-mdl-ath__p v-mdl-ath__p--6\">\nViernes, 15 de agosto 2025, 23:28<\/p>\n<p class=\"v-p\">Hay apellidos que van inherentemente ligados al baloncesto granadino por los primeros que los portaron, pero cuyo recorrido pinta a alargarse en el tiempo dado el impacto de quienes ejercen de herederos. En la selecci\u00f3n espa\u00f1ola que el pasado domingo alz\u00f3 el t\u00edtulo de campeona de Europa femenina u20 en Matosinhos (Portugal), militaban Cristina S\u00e1nchez Cerqueira y \u00c1lex G\u00f3mez. Ella, con el 10 en la cancha, hija de F\u00e9lix, antiguo p\u00edvot del CB Granada, y &#8216;Peque&#8217;, viguesa de nacimiento, granadina de adopci\u00f3n, y referente durante d\u00e9cadas del baloncesto femenino en la provincia. \u00c9l, entrenador ayudante del seleccionador Isaac Fern\u00e1ndez, hijo de Antonio G\u00f3mez Nieto, hist\u00f3rico entrenador de Oximesa, CABLoja y &#8216;Ceb\u00e9&#8217; entre otros, y hermano de Samuel, quien dirigir\u00e1 al flamante nuevo equipo filial del Covir\u00e1n en la novedosa &#8216;Liga U&#8217; de categor\u00eda u22.<\/p>\n<p class=\"v-p\">Ambos debutantes, G\u00f3mez por primera vez con una selecci\u00f3n, S\u00e1nchez al fin estren\u00e1ndose en un gran torneo de formaci\u00f3n, tras quedarse varios a\u00f1os a las puertas. \u00abCreo que he hecho un buen trabajo y ya me tocaba\u00bb, valora la jugadora. \u00abVine con una ilusi\u00f3n absoluta. Cuando surge esto pens\u00e9 si era algo m\u00e1s laboral o sentimental, pero para m\u00ed era lo segundo, representando a mi pa\u00eds\u00bb, a\u00f1ade \u00e9l.<\/p>\n<p class=\"v-p\">La presencia del t\u00e9cnico \u2013quien entren\u00f3 a &#8216;Peque&#8217; Cerqueira dos temporadas en el Raca\u2013 en el cuerpo t\u00e9cnico fue de gran ayuda para Cristina. \u00abEn una concentraci\u00f3n tan larga \u201337 d\u00edas, comenzando en Tenerife\u2013, siempre buscas un apoyo, y conocerle de sus a\u00f1os con mi madre me ha venido bien\u00bb, acepta la alero de las Arkansas Razorbacks de la NCAA estadounidense. \u00abAdem\u00e1s de entrenar a &#8216;Peque&#8217;, F\u00e9lix S\u00e1nchez fue el capit\u00e1n del equipo en ACB con mi padre, as\u00ed que claro que hab\u00eda un v\u00ednculo especial y, aunque al principio marcas algo de distancia, luego fue todo muy bien porque ella es muy cercana, como yo. Adem\u00e1s, ambos llevamos a Granada por bandera\u00bb, asegura \u00c1lex. \u00ab\u00a1Yo le llamaba &#8216;paisano&#8217; cuando le dec\u00eda algo!\u00bb, sonr\u00ede ella. <\/p>\n<p>Clave en la final<\/p>\n<p class=\"v-p\">La granadina tuvo un papel especialmente relevante en defensa en la rotaci\u00f3n espa\u00f1ola. Sus n\u00fameros \u20134&#8217;3 puntos y 2&#8217;2 rebotes, en algo menos de 10 minutos de media\u2013 no impresionan, pero s\u00ed lo hizo su papel en la final frente a Lituania (102-50), cuando reivindic\u00f3 su lugar tras no saltar a la cancha en la semifinal frente a Italia. Su ingreso en la cancha coincidi\u00f3 con el descomunal parcial que rompi\u00f3 el partido, pasando del incierto 25-25 al 56-31 para las rojigualdas. \u00abMe adapt\u00e9 al rol que necesitaban de m\u00ed. Soy una jugadora muy servicial, que se pone a disposici\u00f3n de lo que el equipo necesite, e hice lo que me ped\u00edan\u00bb, argumenta, explicando que \u00aben la defensa zonal me daban mucha responsabilidad, para cubrir espacios y presionar el per\u00edmetro, porque ellas hab\u00edan empezado metiendo mucho. Ese era mi papel, como cuando sale un tirador a asumir muchos ataques\u00bb, prosigue. <\/p>\n<p><img decoding=\"async\" loading=\"lazy\" src=\"https:\/\/www.europesays.com\/es\/wp-content\/uploads\/2025\/08\/cristina-2.jpg\" class=\"v-a-img\" width=\"624\" height=\"385\" alt=\"Cristina S\u00e1nchez Cerqueira posa con el trofeo continental junto a sus padres y su hermano.\" data-voc-vtm-id=\"in-text-traffic\"\/><\/p>\n<p>Cristina S\u00e1nchez Cerqueira posa con el trofeo continental junto a sus padres y su hermano.<\/p>\n<p>R. I.<\/p>\n<p><img loading=\"lazy\" decoding=\"async\" src=\"https:\/\/www.europesays.com\/es\/wp-content\/uploads\/2025\/08\/cristina-2.jpg\" class=\"v-mdl__img-z\" width=\"624\" height=\"385\" alt=\"\"\/><\/p>\n<p class=\"v-p\">Y funcion\u00f3, vaya si lo hizo. Por cierto, curiosamente el mejor encuentro en lo num\u00e9rico de S\u00e1nchez Cerqueira \u201310 puntos, 7 rebotes\u2013 fue ante el mismo rival, en ese caso en la fase de grupos, con otro &#8216;paliz\u00f3n&#8217; espa\u00f1ol: 89-48. \u00abEn ese partido ya fue clave cuando nos pusimos en zona, y en la final no sab\u00edamos si ser\u00eda igual, pero as\u00ed fue. Ella es un poco impredecible en esas defensas, porque tapa muchos espacios e incomoda mucho a las rivales. No creo que fuera casualidad que su efecto se repitiera\u00bb, analiza G\u00f3mez, sabedor de que no es f\u00e1cil asumir un papel donde se luce poco en ataque. \u00abDurante la preparaci\u00f3n la vi algo m\u00e1s nerviosa, pero supo abrazar el rol que se le dio por su capacidad de cambiar el juego desde la defensa\u00bb, valora.<\/p>\n<p>Sorpresas<\/p>\n<p class=\"v-p\">Espa\u00f1a solo perdi\u00f3 un partido (77-79 ante B\u00e9lgica en la fase de grupos). \u00abSab\u00edamos que era un gran equipo, perdimos pero nos hizo aprender a sufrir la tensi\u00f3n del campeonato\u00bb, apunta el entrenador. Acto seguido, empezaron las sorpresas: Francia y Eslovenia, grandes favoritas, cayeron en octavos de final; las belgas, en cuartos. \u00abAntes del torneo pens\u00e1bamos que el B era el &#8216;grupo de la muerte&#8217;, con Francia, Eslovenia, el anfitri\u00f3n y un equipo muy f\u00edsico como Alemania, pero luego sucedi\u00f3 que los cuatro de nuestro grupo eliminaron a los cuatro de ese en octavos\u00bb, contin\u00faa \u00e9l. \u00abYa hab\u00edamos perdido uno y esas sorpresas nos sirvieron para no despistarnos, pero est\u00e1bamos convencidas de no que no \u00edbamos a perder ninguno m\u00e1s\u00bb, a\u00f1ade ella.<\/p>\n<p><img decoding=\"async\" loading=\"lazy\" src=\"https:\/\/www.europesays.com\/es\/wp-content\/uploads\/2025\/08\/cristina-3.jpg\" class=\"v-a-img\" width=\"624\" height=\"385\" alt=\"\u00c1lex G\u00f3mez sostiene exultante con la copa y la medalla conseguidas en su debut con Espa\u00f1a.\" data-voc-vtm-id=\"in-text-traffic\"\/><\/p>\n<p>\u00c1lex G\u00f3mez sostiene exultante con la copa y la medalla conseguidas en su debut con Espa\u00f1a.<\/p>\n<p>R. I.<\/p>\n<p><img loading=\"lazy\" decoding=\"async\" src=\"https:\/\/www.europesays.com\/es\/wp-content\/uploads\/2025\/08\/cristina-3.jpg\" class=\"v-mdl__img-z\" width=\"624\" height=\"385\" alt=\"\"\/><\/p>\n<p class=\"v-p\">Y as\u00ed, con el d\u00e9cimo oro en la historia del baloncesto u20 femenino espa\u00f1ol acabaron 37 d\u00edas en los que S\u00e1nchez Cerqueira mantuvo un papel importante pese a la progresiva llegada de jugadoras que no hab\u00edan iniciado la concentraci\u00f3n, sumadas tras los \u00e9xitos de Espa\u00f1a u19 \u2013bronce mundial\u2013 y u18 \u2013oro europeo\u2013. Se a\u00f1adieron nombres destacados como Gina Garc\u00eda, Samto Okafor o Marina Mata, pero la granadina fue de las que supo defender su espacio. \u00abLas que qued\u00e1bamos desde el inicio nos llam\u00e1bamos &#8216;las supervivientes&#8217;, brome\u00e1bamos con eso\u00bb, cuenta ahora sonriente tras el final m\u00e1s feliz imaginable.<\/p>\n<p class=\"v-p\">Lo vivi\u00f3, adem\u00e1s, rodeada de su gente. La cercan\u00eda entre Vigo y Matosinhos \u2013hora y media en coche\u2013 hizo que, aparte de sus padres y hermano, su familia materna estuviera all\u00ed en su gran d\u00eda. \u00abVino genial que tocara este a\u00f1o all\u00ed el torneo\u00bb, agradece. Igual o m\u00e1s de arropado estuvo G\u00f3mez, pese a no tener familia gallega: \u00abFue mi mujer, mi padre, amigos, cuando pasamos a semifinales m\u00e1s gente se acerc\u00f3 tambi\u00e9n&#8230; fue muy chulo\u00bb, remarca. Estuvo tambi\u00e9n Marta Morales, otra granadina de post\u00edn, antigua internacional u20, exjugadora de G\u00f3mez en el GmasB y que se acerc\u00f3 tras disputar el c\u00e9lebre Torneo Marisqui\u00f1o de Vigo en la modalidad 3&#215;3. Quer\u00edan vivir el \u00e9xito de dos paisanos que ya para siempre ser\u00e1n los &#8216;\u00c1lex y Cristina&#8217; del baloncesto local. Hicieron &#8216;\u00a1chas!&#8217; y aparecieron con el oro.<\/p>\n<p>Comenta<\/p>\n<p>Reporta un error<\/p>\n<p class=\"v-crt__t\"> L\u00edmite de sesiones alcanzadas<\/p>\n<p class=\"v-crt__p\">El acceso al contenido Premium est\u00e1 abierto por cortes\u00eda del establecimiento donde te encuentras, pero ahora mismo hay demasiados usuarios conectados a las vez.<\/p>\n<p class=\"v-crt__p\">Por favor, int\u00e9ntalo pasados unos minutos.<\/p>\n<p>\nVolver a intentar\n<\/p>\n<p class=\"v-crt__t\">Sesi\u00f3n cerrada<\/p>\n<p class=\"v-crt__p\">Al iniciar sesi\u00f3n desde un dispositivo distinto, por seguridad, se cerr\u00f3 la \u00faltima sesi\u00f3n en este.<\/p>\n<p class=\"v-crt__p\">Para continuar disfrutando de su suscripci\u00f3n digital, inicie sesi\u00f3n en este dispositivo.<\/p>\n<p>\nEste contenido es exclusivo para suscriptores\n<\/p>\n<p class=\"text\">\u00bfTienes una suscripci\u00f3n? <a href=\"https:\/\/secure.ideal.es\/identidad\/inicio#vca=suscribete&amp;vso=ideal&amp;vmc=on&amp;vli=cdn-ce-link-login\" class=\"login\" data-voc-vtm-id=\"comienzoSuscripcionON\" data-voc-vtm-info=\"cdn-ce-link-login\" rel=\"nofollow noopener\" target=\"_blank\">Inicia sesi\u00f3n<\/a><\/p>\n","protected":false},"excerpt":{"rendered":"Viernes, 15 de agosto 2025, 23:28 Hay apellidos que van inherentemente ligados al baloncesto granadino por los primeros&hellip;\n","protected":false},"author":2,"featured_media":51025,"comment_status":"","ping_status":"","sticky":false,"template":"","format":"standard","meta":{"footnotes":""},"categories":[269],"tags":[3196,299,298,168,25,24,13732,19775,23,167],"class_list":{"0":"post-51024","1":"post","2":"type-post","3":"status-publish","4":"format-standard","5":"has-post-thumbnail","7":"category-baloncesto","8":"tag-alto","9":"tag-baloncesto","10":"tag-basketball","11":"tag-deportes","12":"tag-es","13":"tag-espana","14":"tag-herederos","15":"tag-podium","16":"tag-spain","17":"tag-sports"},"share_on_mastodon":{"url":"","error":""},"_links":{"self":[{"href":"https:\/\/www.europesays.com\/es\/wp-json\/wp\/v2\/posts\/51024","targetHints":{"allow":["GET"]}}],"collection":[{"href":"https:\/\/www.europesays.com\/es\/wp-json\/wp\/v2\/posts"}],"about":[{"href":"https:\/\/www.europesays.com\/es\/wp-json\/wp\/v2\/types\/post"}],"author":[{"embeddable":true,"href":"https:\/\/www.europesays.com\/es\/wp-json\/wp\/v2\/users\/2"}],"replies":[{"embeddable":true,"href":"https:\/\/www.europesays.com\/es\/wp-json\/wp\/v2\/comments?post=51024"}],"version-history":[{"count":0,"href":"https:\/\/www.europesays.com\/es\/wp-json\/wp\/v2\/posts\/51024\/revisions"}],"wp:featuredmedia":[{"embeddable":true,"href":"https:\/\/www.europesays.com\/es\/wp-json\/wp\/v2\/media\/51025"}],"wp:attachment":[{"href":"https:\/\/www.europesays.com\/es\/wp-json\/wp\/v2\/media?parent=51024"}],"wp:term":[{"taxonomy":"category","embeddable":true,"href":"https:\/\/www.europesays.com\/es\/wp-json\/wp\/v2\/categories?post=51024"},{"taxonomy":"post_tag","embeddable":true,"href":"https:\/\/www.europesays.com\/es\/wp-json\/wp\/v2\/tags?post=51024"}],"curies":[{"name":"wp","href":"https:\/\/api.w.org\/{rel}","templated":true}]}}