{"id":51028,"date":"2025-08-16T08:47:19","date_gmt":"2025-08-16T08:47:19","guid":{"rendered":"https:\/\/www.europesays.com\/es\/51028\/"},"modified":"2025-08-16T08:47:19","modified_gmt":"2025-08-16T08:47:19","slug":"saber-que-cada-momento-de-la-vida-es-un-regalo","status":"publish","type":"post","link":"https:\/\/www.europesays.com\/es\/51028\/","title":{"rendered":"\u201cSaber que cada momento de la vida es un regalo\u201d"},"content":{"rendered":"<p id=\"e-SFRezTDC\" data-wc=\"174\"><strong>El aire c\u00e1lido del sur, la brisa del Atl\u00e1ntico y las interminables playas gaditanas se han convertido en el mejor refugio estival de Borja S\u00e9mper y B\u00e1rbara Goenaga.<\/strong> La pareja ha escogido C\u00e1diz para pasar unos d\u00edas en familia, rodeados de la luz blanca de agosto y del rumor del mar, para poder descansar. Juntos, sonrientes y c\u00f3mplices, han compartido un v\u00eddeo en el que se les ve caminando junto a la orilla.<strong>\u00a0Pero, no se trata de un verano m\u00e1s, para ellos, estas vacaciones tienen un significado especial: llegan apenas un mes despu\u00e9s de que Borja anunciara que padece un c\u00e1ncer en fase inicial<\/strong>. Con sus hijos como protagonistas \u2014Pablo, de 19 a\u00f1os; Aran, de 14; y los peque\u00f1os Telmo y Eliot, de 8 y 6\u2014 la familia ha disfrutado de d\u00edas de juegos, confidencias y paseos, que son tambi\u00e9n un par\u00e9ntesis de serenidad en un momento vital intenso. Como ha resumido B\u00e1rbara con unas palabras cargadas de sentido: \u00ab<strong>Saber que cada momento de la vida es un regalo\u00bb,\u00a0<\/strong>es ahora su lema.\u00a0<\/p>\n<p> <img src=\"https:\/\/www.europesays.com\/es\/wp-content\/uploads\/2025\/08\/608170cff897-videoframe1905.png\"   width=\"1024\" height=\"736\" loading=\"lazy\" decoding=\"async\" alt=\"Media Image\" fetchpriority=\"auto\" class=\"image ho-image\"\/>\u00a9 barbaragoenaga<\/p>\n<p> <img src=\"https:\/\/www.europesays.com\/es\/wp-content\/uploads\/2025\/08\/a3c0cd08dd3c-bizitzako-momentu-bakoitza-zorte-bat-dela-jakitea-6.jpg\"   width=\"768\" height=\"1024\" loading=\"lazy\" decoding=\"async\" alt=\"Media Image\" fetchpriority=\"auto\" class=\"image ho-image\"\/>\u00a9 barbaragoenaga<\/p>\n<p> <img src=\"https:\/\/www.europesays.com\/es\/wp-content\/uploads\/2025\/08\/585835c9c415-bizitzako-momentu-bakoitza-zorte-bat-dela-jakitea-14.jpg\"   width=\"768\" height=\"1024\" loading=\"lazy\" decoding=\"async\" alt=\"Media Image\" fetchpriority=\"auto\" class=\"image ho-image\"\/>\u00a9 barbaragoenaga<\/p>\n<p id=\"e0odURMrFyn\" data-wc=\"121\"><strong>\u00abUnos d\u00edas de C\u00e1diz para recuperar energ\u00eda. C\u00e1diz siempre es una buena idea\u00bb,\u00a0<\/strong>escrib\u00eda el pol\u00edtico en sus redes sociales. Mientras disfrutan de sus d\u00edas en la provincia andaluza, los hijos de la pareja son el motor que les impulsa. En casa, explicaba Borja, han optado por hablar con naturalidad y sin ocultar lo esencial: <strong>\u00abEn casa tenemos dos sectores: el mayor, de 14 y 19 a\u00f1os, que como tambi\u00e9n han vivido en la familia la enfermedad son conscientes de lo que hay; y el infantil, de 6 y 8, al que vamos a intentar preservar en la medida de lo posible. Sin mentirles, pero: \u2018Pap\u00e1 est\u00e1 enfermo, pap\u00e1 se va a cortar el pelo, y vamos a ver si funciona\u2019\u00bb.\u00a0<\/strong><\/p>\n<p> <img src=\"https:\/\/www.europesays.com\/es\/wp-content\/uploads\/2025\/08\/b79d59c0eb29-bizitzako-momentu-bakoitza-zorte-bat-dela-jakitea-13.jpg\"   width=\"768\" height=\"1024\" loading=\"lazy\" decoding=\"async\" alt=\"Media Image\" fetchpriority=\"auto\" class=\"image ho-image\"\/>\u00a9 barbaragoenaga<\/p>\n<p> <img src=\"https:\/\/www.europesays.com\/es\/wp-content\/uploads\/2025\/08\/91e81e81a35b-bizitzako-momentu-bakoitza-zorte-bat-dela-jakitea-5.jpg\"   width=\"768\" height=\"1024\" loading=\"lazy\" decoding=\"async\" alt=\"Media Image\" fetchpriority=\"auto\" class=\"image ho-image\"\/>\u00a9 barbaragoenaga<\/p>\n<p> <img src=\"https:\/\/www.europesays.com\/es\/wp-content\/uploads\/2025\/08\/bab9206681da-bizitzako-momentu-bakoitza-zorte-bat-dela-jakitea-3.jpg\"   width=\"768\" height=\"1024\" loading=\"lazy\" decoding=\"async\" alt=\"Media Image\" fetchpriority=\"auto\" class=\"image ho-image\"\/>\u00a9 barbaragoenaga<\/p>\n<p id=\"eziC2AXFk9h\" data-wc=\"112\">Ahora la familia saborea todo lo que C\u00e1diz les regala: desde los largos paseos por la orilla, con la brisa marina acariciando sus pasos, hasta la visita a peque\u00f1os viveros donde han elegido plantas que guardar\u00e1n como recuerdo de este verano tan especial.<strong>\u00a0Tambi\u00e9n han disfrutado de su exquisita gastronom\u00eda, que va desde unas almejas al ajillo hasta un sorprendente arroz de tu\u00e9tano con langostinos.\u00a0<\/strong>Y, c\u00f3mo no, de los m\u00e1gicos atardeceres frente al mar, te\u00f1idos de tonos dorados y rosados que invitan al silencio y a la reflexi\u00f3n.<strong>\u00a0Pero, por encima de todo, lo que m\u00e1s valoran es la oportunidad de estar juntos, de compartir cada instante con emoci\u00f3n y gratitud.\u00a0<\/strong><\/p>\n<p> <img src=\"https:\/\/www.europesays.com\/es\/wp-content\/uploads\/2025\/08\/8c2f991738ab-bizitzako-momentu-bakoitza-zorte-bat-dela-jakitea-4.jpg\"   width=\"768\" height=\"1024\" loading=\"lazy\" decoding=\"async\" alt=\"Media Image\" fetchpriority=\"auto\" class=\"image ho-image\"\/>\u00a9 barbaragoenaga<\/p>\n<p> <img src=\"https:\/\/www.europesays.com\/es\/wp-content\/uploads\/2025\/08\/92d3580c41dd-bizitzako-momentu-bakoitza-zorte-bat-dela-jakitea.jpg\"   width=\"768\" height=\"1024\" loading=\"lazy\" decoding=\"async\" alt=\"Media Image\" fetchpriority=\"auto\" class=\"image ho-image\"\/>\u00a9 barbaragoenaga<\/p>\n<p> <img src=\"https:\/\/www.europesays.com\/es\/wp-content\/uploads\/2025\/08\/549044468c51-bizitzako-momentu-bakoitza-zorte-bat-dela-jakitea-7.jpg\"   width=\"768\" height=\"1024\" loading=\"lazy\" decoding=\"async\" alt=\"Media Image\" fetchpriority=\"auto\" class=\"image ho-image\"\/>\u00a9 barbaragoenaga<\/p>\n<p id=\"eM11wDzhHrE\" data-wc=\"95\">Fue el pasado 14 de julio cuando Borja, con serenidad y una sonrisa controlada, comunicaba p\u00fablicamente su enfermedad. En su mensaje, busc\u00f3 desde el primer instante transmitir calma: <strong>\u00abConf\u00edo en que, en no demasiado tiempo, podamos celebrar mi recuperaci\u00f3n y curaci\u00f3n\u00bb<\/strong>. Una actitud que ha mantenido desde entonces, explicando que quiso adelantarse para evitar rumores y hacerlo, adem\u00e1s, con naturalidad: <strong>\u00abMe permit\u00eda quitarle un poco de drama y hacerlo como afronto yo esto, que es con toda la naturalidad posible. Sin frivolidad, porque no voy a frivolizar con algo que es serio, pero quit\u00e1ndole hierro\u00bb.<\/strong><\/p>\n<p> <img src=\"https:\/\/www.europesays.com\/es\/wp-content\/uploads\/2025\/08\/e5daf6abd140-bizitzako-momentu-bakoitza-zorte-bat-dela-jakitea-9.jpg\"   width=\"768\" height=\"1024\" loading=\"lazy\" decoding=\"async\" alt=\"Media Image\" fetchpriority=\"auto\" class=\"image ho-image\"\/>\u00a9 barbaragoenaga<\/p>\n<p> <img src=\"https:\/\/www.europesays.com\/es\/wp-content\/uploads\/2025\/08\/436a0ec1bfb9-bizitzako-momentu-bakoitza-zorte-bat-dela-jakitea-1.jpg\"   width=\"768\" height=\"1024\" loading=\"lazy\" decoding=\"async\" alt=\"Media Image\" fetchpriority=\"auto\" class=\"image ho-image\"\/>\u00a9 barbaragoenaga<\/p>\n<p> <img src=\"https:\/\/www.europesays.com\/es\/wp-content\/uploads\/2025\/08\/b0107e6029b8-bizitzako-momentu-bakoitza-zorte-bat-dela-jakitea-8.jpg\"   width=\"1024\" height=\"1024\" loading=\"lazy\" decoding=\"async\" alt=\"Media Image\" fetchpriority=\"auto\" class=\"image ho-image\"\/>\u00a9 barbaragoenaga<\/p>\n<p id=\"e8tflqUndAE\" data-wc=\"72\">En esta etapa, B\u00e1rbara ha sido su mayor apoyo. Fue ella quien insisti\u00f3 en que acudiera al m\u00e9dico y se hiciera las pruebas necesarias. Gracias a su empe\u00f1o, el c\u00e1ncer se detect\u00f3 en un estadio muy inicial. Borja lo reconoce sin reservas:<strong>\u00a0\u00abEstoy hablando en estos t\u00e9rminos gracias a mi mujer, gracias a B\u00e1rbara, que insisti\u00f3 para que me hiciera pruebas. En el fondo, estamos hablando de este diagn\u00f3stico optimista por ella\u00bb<\/strong><\/p>\n<p> <img src=\"https:\/\/www.europesays.com\/es\/wp-content\/uploads\/2025\/08\/ff1f25b67714-bizitzako-momentu-bakoitza-zorte-bat-dela-jakitea-11.jpg\"   width=\"768\" height=\"1024\" loading=\"lazy\" decoding=\"async\" alt=\"Media Image\" fetchpriority=\"auto\" class=\"image ho-image\"\/>\u00a9 barbaragoenaga<\/p>\n<p> <img src=\"https:\/\/www.europesays.com\/es\/wp-content\/uploads\/2025\/08\/da67bd49910d-bizitzako-momentu-bakoitza-zorte-bat-dela-jakitea-10.jpg\"   width=\"768\" height=\"1024\" loading=\"lazy\" decoding=\"async\" alt=\"Media Image\" fetchpriority=\"auto\" class=\"image ho-image\"\/>\u00a9 barbaragoenaga<\/p>\n<p id=\"eFSqWyFrACB\" data-wc=\"64\">La actriz tambi\u00e9n recibi\u00f3 de su marido, en el d\u00eda de su cumplea\u00f1os, unas palabras cargadas de amor y gratitud: <strong>\u00abUna vez le dije: \u2018Yo matar\u00e9 dragones por ti\u2019. Ahora soy consciente de lo presuntuoso que fui, porque es al rev\u00e9s. B\u00e1rbara es luz, gu\u00eda, madre y amante. Es generosidad, talento y ternura. Habr\u00e1 m\u00e1s cumplea\u00f1os, te mereces mejores cumplea\u00f1os, y te los daremos\u00bb.<\/strong><\/p>\n<p> <img src=\"https:\/\/www.europesays.com\/es\/wp-content\/uploads\/2025\/08\/8cc42c56185f-videoframe2311.png\"   width=\"1024\" height=\"766\" loading=\"lazy\" decoding=\"async\" alt=\"Media Image\" fetchpriority=\"auto\" class=\"image ho-image\"\/>\u00a9 barbaragoenaga<\/p>\n<p> <img src=\"https:\/\/www.europesays.com\/es\/wp-content\/uploads\/2025\/08\/fe708fc52c2e-bizitzako-momentu-bakoitza-zorte-bat-dela-jakitea-12.jpg\"   width=\"768\" height=\"1024\" loading=\"lazy\" decoding=\"async\" alt=\"Media Image\" fetchpriority=\"auto\" class=\"image ho-image\"\/>\u00a9 barbaragoenaga<\/p>\n<p id=\"epnlpM42ycT\" data-wc=\"115\">Aunque admite que los primeros d\u00edas tras conocer la noticia fueron duros \u2014<strong>\u00abfueron cinco terribles d\u00edas hasta saber la dimensi\u00f3n que ten\u00eda\u00bb<\/strong>\u2014, ahora se aferra a la esperanza: <strong>\u00abHa sido una suerte, dentro de la inmensa jodienda que significa, que se haya encontrado en un estadio tan primigenio. La expectativa es de curaci\u00f3n\u00bb.\u00a0\u00a0<\/strong>Con el humor como aliado \u2014<a class=\"hm-link\" href=\"https:\/\/www.hola.com\/actualidad\/20250715844278\/borja-semper-primera-entrevista-cancer\/\" rel=\"noopener nofollow\" target=\"_blank\" data-mrf-recirculation=\"article-body-link\">\u00abyo creo que el humor siempre ayuda\u00bb<\/a> asegura\u2014 y el amor de B\u00e1rbara como gu\u00eda, Borja S\u00e9mper afronta con optimismo este cap\u00edtulo de su vida. C\u00e1diz, con sus playas infinitas y su luz c\u00e1lida, ha sido el escenario donde la pareja ha reafirmado lo esencial: la familia, la complicidad y la certeza de que cada momento cuenta.\u00a0<\/p>\n<p> <img src=\"https:\/\/www.europesays.com\/es\/wp-content\/uploads\/2025\/08\/0946dc296b9e-hauengatik-denak-merezi-izan-du-denak-merezi-du-bizitzako-proiekturik-politen.jpg\"   width=\"1024\" height=\"1024\" loading=\"lazy\" decoding=\"async\" alt=\"Media Image\" fetchpriority=\"auto\" class=\"image ho-image\"\/>\u00a9 barbaragoenaga<\/p>\n","protected":false},"excerpt":{"rendered":"El aire c\u00e1lido del sur, la brisa del Atl\u00e1ntico y las interminables playas gaditanas se han convertido en&hellip;\n","protected":false},"author":2,"featured_media":51029,"comment_status":"","ping_status":"","sticky":false,"template":"","format":"standard","meta":{"footnotes":""},"categories":[174],"tags":[517,22657,2193,255,146,147,25,24,256,12553,23],"class_list":{"0":"post-51028","1":"post","2":"type-post","3":"status-publish","4":"format-standard","5":"has-post-thumbnail","7":"category-famosos","8":"tag-actualidad","9":"tag-barbara-goenaga","10":"tag-cadiz","11":"tag-celebrities","12":"tag-entertainment","13":"tag-entretenimiento","14":"tag-es","15":"tag-espana","16":"tag-famosos","17":"tag-mas-noticias","18":"tag-spain"},"share_on_mastodon":{"url":"","error":""},"_links":{"self":[{"href":"https:\/\/www.europesays.com\/es\/wp-json\/wp\/v2\/posts\/51028","targetHints":{"allow":["GET"]}}],"collection":[{"href":"https:\/\/www.europesays.com\/es\/wp-json\/wp\/v2\/posts"}],"about":[{"href":"https:\/\/www.europesays.com\/es\/wp-json\/wp\/v2\/types\/post"}],"author":[{"embeddable":true,"href":"https:\/\/www.europesays.com\/es\/wp-json\/wp\/v2\/users\/2"}],"replies":[{"embeddable":true,"href":"https:\/\/www.europesays.com\/es\/wp-json\/wp\/v2\/comments?post=51028"}],"version-history":[{"count":0,"href":"https:\/\/www.europesays.com\/es\/wp-json\/wp\/v2\/posts\/51028\/revisions"}],"wp:featuredmedia":[{"embeddable":true,"href":"https:\/\/www.europesays.com\/es\/wp-json\/wp\/v2\/media\/51029"}],"wp:attachment":[{"href":"https:\/\/www.europesays.com\/es\/wp-json\/wp\/v2\/media?parent=51028"}],"wp:term":[{"taxonomy":"category","embeddable":true,"href":"https:\/\/www.europesays.com\/es\/wp-json\/wp\/v2\/categories?post=51028"},{"taxonomy":"post_tag","embeddable":true,"href":"https:\/\/www.europesays.com\/es\/wp-json\/wp\/v2\/tags?post=51028"}],"curies":[{"name":"wp","href":"https:\/\/api.w.org\/{rel}","templated":true}]}}