{"id":51030,"date":"2025-08-16T08:50:09","date_gmt":"2025-08-16T08:50:09","guid":{"rendered":"https:\/\/www.europesays.com\/es\/51030\/"},"modified":"2025-08-16T08:50:09","modified_gmt":"2025-08-16T08:50:09","slug":"la-promesa-avance-semanal-del-18-al-24-de-agosto-de-2025-en-tve","status":"publish","type":"post","link":"https:\/\/www.europesays.com\/es\/51030\/","title":{"rendered":"&#8216;La Promesa&#8217;, avance semanal del 18 al 24 de agosto de 2025 en TVE"},"content":{"rendered":"<p data-journey-content=\"true\" data-node-id=\"3\" class=\"css-i9p093 emevuu60\">Esta semana en &#8216;<a href=\"https:\/\/www.diezminutos.es\/telenovela-la-promesa\/\" target=\"_blank\" data-vars-ga-outbound-link=\"https:\/\/www.diezminutos.es\/telenovela-la-promesa\/\" data-vars-ga-ux-element=\"Hyperlink\" data-vars-ga-call-to-action=\"La Promesa\" data-node-id=\"3.1\" class=\"body-link css-177bzfx emevuu60\" rel=\"nofollow noopener\">La Promesa<\/a>&#8216;, la irrupci\u00f3n de los militares sacude La Promesa como un terremoto inesperado. Lorenzo, acorralado por la justicia, no tiene m\u00e1s alternativa que rendirse; su detenci\u00f3n provoca que Curro celebre con una mezcla de alivio y satisfacci\u00f3n: \u00abYa era hora\u00bb. La tensi\u00f3n flota en el aire, como si cada pasillo y cada sal\u00f3n del palacio guardaran secretos a punto de estallar. En medio de este caos, Catalina y Martina mantienen un enfrentamiento constante. La disputa crece hasta obligar a Martina a tomar una decisi\u00f3n dr\u00e1stica: abandonar el palacio y todo lo que conoce. Al mismo tiempo, Manuel descubre los planes de su prima y se enfrenta a su padre, perdiendo poco a poco el respeto que le profesaba. Su determinaci\u00f3n no se detiene all\u00ed: insiste en expulsar a Leocadia y asumir el control absoluto de la empresa. Sin embargo, Leocadia, segura de su posici\u00f3n, pospone su decisi\u00f3n, observando con cautela los movimientos de Manuel.<\/p>\n<p><strong data-node-id=\"4.0\">Vera espera con ilusi\u00f3n la respuesta de su hermano<\/strong><strong data-node-id=\"4.1\"> en &#8216;La Promesa&#8217;<\/strong><img draggable=\"true\" alt=\"la promesa avance semanal del 18 al 24 de agosto\" title=\"la promesa avance semanal del 18 al 24 de agosto\" loading=\"lazy\" width=\"2587\" height=\"1724\" decoding=\"async\" data-nimg=\"1\" style=\"color:transparent;width:100%;height:auto;\"   src=\"https:\/\/www.europesays.com\/es\/wp-content\/uploads\/2025\/08\/la-promesa-avance-semanal-18-al-24-agosto-689c7697eb011.jpg\" class=\"css-0 e1g79fud0\"\/><\/p>\n<p>RTVE<\/p>\n<p data-journey-content=\"true\" data-node-id=\"6\" class=\"css-i9p093 emevuu60\">El amor comienza a afianzarse entre los j\u00f3venes. To\u00f1o y Enora anuncian oficialmente su noviazgo, mientras Candela y Simona intentan acercarse a Enora, deseosas de conocerla mejor. Samuel se prepara para abandonar La Promesa, pero la intervenci\u00f3n de To\u00f1o provoca que Crist\u00f3bal replantee su decisi\u00f3n, dando un giro inesperado a su destino. Las mentiras tambi\u00e9n se entrelazan en la trama familiar. Vera espera con ilusi\u00f3n la respuesta de su hermano a la carta que le env\u00eda Lope, pero la visita de la duquesa de Carril la sumerge en un mar de desconsuelo. Su madre le asegura que Federico no desea reencontrarse con ella, aunque todos sospechan que sus palabras son enga\u00f1osas y que la verdad permanece oculta.<\/p>\n<p><strong data-node-id=\"7.0\">Martina mantiene su pretensi\u00f3n de marcharse con Jacobo<\/strong><strong data-node-id=\"7.1\"> en &#8216;La Promesa&#8217;<\/strong><img draggable=\"true\" alt=\"la promesa avance semanal del 18 al 24 de agosto\" title=\"la promesa avance semanal del 18 al 24 de agosto\" loading=\"lazy\" width=\"1772\" height=\"1181\" decoding=\"async\" data-nimg=\"1\" style=\"color:transparent;width:100%;height:auto;\"   src=\"https:\/\/www.europesays.com\/es\/wp-content\/uploads\/2025\/08\/la-promesa-avance-semanal-del-18-al-24-agosto-689c76cbd3352.jpg\" class=\"css-0 e1g79fud0\"\/><\/p>\n<p>RTVE<\/p>\n<p data-journey-content=\"true\" data-node-id=\"9\" class=\"css-i9p093 emevuu60\">La intriga alcanza otros rincones del palacio. Ricardo consulta con el padre Samuel la posibilidad de anular su matrimonio con Ana, mientras P\u00eda consigue informaci\u00f3n clave del cartero de Luj\u00e1n, confirmando sus sospechas sobre la carta de Crist\u00f3bal. La tensi\u00f3n se dispara cuando la sirvienta es sorprendida husmeando en el despacho del mayordomo, atrapada in fraganti. Entre sufrimientos y decisiones dif\u00edciles, Martina mantiene su pretensi\u00f3n de marcharse con Jacobo, incapaz de soportar la fractura que genera su conflicto con Catalina. En otro rinc\u00f3n del palacio, \u00c1ngela y Curro sue\u00f1an con un futuro juntos, finalmente libres de la sombra de Lorenzo, vislumbrando la esperanza de un ma\u00f1ana m\u00e1s luminoso.<\/p>\n<p><img src=\"https:\/\/www.europesays.com\/es\/wp-content\/uploads\/2025\/08\/1755334209_480_43af9b8f-983e-4e74-8e74-9a7479b0966b_1681831601.file\" alt=\"Headshot of Pilar Mart\u00ednez\" title=\"Headshot of Pilar Mart\u00ednez\" width=\"100%\" height=\"100%\" decoding=\"async\" loading=\"lazy\" class=\"css-o0wq4v ev8dhu53\"\/><\/p>\n<p>Pilar Mart\u00ednez es periodista especializada en contenidos de televisi\u00f3n y cultura, se gradu\u00f3 en la carrera en Periodismo en la Facultad de Ciencias de la Informaci\u00f3n (Universidad Complutense de Madrid) en el a\u00f1o 2018. Desde entonces ha pasado por las redacciones de Ecoteuve (El Economista), donde realiz\u00f3 sus primeras pr\u00e1cticas durante el verano del 2016.<\/p>\n<p>Posteriormente, concretamente, en el a\u00f1o 2017 se pas\u00f3 al grupo Hearst Espa\u00f1a, donde comenz\u00f3 su andadura en las revistas de televisi\u00f3n: Supertele, Teleprograma, Telenovela. Ahora colabora con Diez Minutos, en su versi\u00f3n web, donde se encarga de realizar los avances semanales de las ficciones diarias de moda, as\u00ed como entrevistas y art\u00edculos sobre los melodramas o telenovelas que aterrizan en nuestro pa\u00eds y aquellos que est\u00e1n por venir.<\/p>\n<p>Toda una cazadora de exclusivas. A esto, se suma su puesto como redactora jefe de la secci\u00f3n de novela narrativa en la revista Culturamas, medio digital de alto impacto al que lleva unida desde el a\u00f1o 2013. \u00c1vida lectora, cin\u00e9fila y seri\u00e9fila de primer nivel, ha hecho de su vocaci\u00f3n su oficio. \u00a0<\/p>\n","protected":false},"excerpt":{"rendered":"Esta semana en &#8216;La Promesa&#8216;, la irrupci\u00f3n de los militares sacude La Promesa como un terremoto inesperado. Lorenzo,&hellip;\n","protected":false},"author":2,"featured_media":51031,"comment_status":"","ping_status":"","sticky":false,"template":"","format":"standard","meta":{"footnotes":""},"categories":[171],"tags":[253,146,147,25,24,23,214],"class_list":{"0":"post-51030","1":"post","2":"type-post","3":"status-publish","4":"format-standard","5":"has-post-thumbnail","7":"category-tv","8":"tag-discover","9":"tag-entertainment","10":"tag-entretenimiento","11":"tag-es","12":"tag-espana","13":"tag-spain","14":"tag-tv"},"share_on_mastodon":{"url":"","error":""},"_links":{"self":[{"href":"https:\/\/www.europesays.com\/es\/wp-json\/wp\/v2\/posts\/51030","targetHints":{"allow":["GET"]}}],"collection":[{"href":"https:\/\/www.europesays.com\/es\/wp-json\/wp\/v2\/posts"}],"about":[{"href":"https:\/\/www.europesays.com\/es\/wp-json\/wp\/v2\/types\/post"}],"author":[{"embeddable":true,"href":"https:\/\/www.europesays.com\/es\/wp-json\/wp\/v2\/users\/2"}],"replies":[{"embeddable":true,"href":"https:\/\/www.europesays.com\/es\/wp-json\/wp\/v2\/comments?post=51030"}],"version-history":[{"count":0,"href":"https:\/\/www.europesays.com\/es\/wp-json\/wp\/v2\/posts\/51030\/revisions"}],"wp:featuredmedia":[{"embeddable":true,"href":"https:\/\/www.europesays.com\/es\/wp-json\/wp\/v2\/media\/51031"}],"wp:attachment":[{"href":"https:\/\/www.europesays.com\/es\/wp-json\/wp\/v2\/media?parent=51030"}],"wp:term":[{"taxonomy":"category","embeddable":true,"href":"https:\/\/www.europesays.com\/es\/wp-json\/wp\/v2\/categories?post=51030"},{"taxonomy":"post_tag","embeddable":true,"href":"https:\/\/www.europesays.com\/es\/wp-json\/wp\/v2\/tags?post=51030"}],"curies":[{"name":"wp","href":"https:\/\/api.w.org\/{rel}","templated":true}]}}