{"id":51032,"date":"2025-08-16T08:51:08","date_gmt":"2025-08-16T08:51:08","guid":{"rendered":"https:\/\/www.europesays.com\/es\/51032\/"},"modified":"2025-08-16T08:51:08","modified_gmt":"2025-08-16T08:51:08","slug":"todos-los-detalles-del-nuevo-album-de-taylor-swift-the-life-of-a-showgirl","status":"publish","type":"post","link":"https:\/\/www.europesays.com\/es\/51032\/","title":{"rendered":"Todos los detalles del nuevo \u00e1lbum de Taylor Swift \u201cThe Life of a Showgirl\u201d"},"content":{"rendered":"<p><strong><a href=\"https:\/\/www.ellitoral.com\/temas\/taylor-swift\" target=\"_self\" title=\"Taylor Swift\" alt=\"Taylor Swift\" rel=\"nofollow noopener\">Taylor Swift<\/a> present\u00f3 este mi\u00e9rcoles su duod\u00e9cimo album de estudio titulado \u201cThe Life of a Showgirl\u201d <\/strong>en el <a href=\"https:\/\/www.ellitoral.com\/el-litoral-podcasts\" target=\"_self\" title=\"podcast\" alt=\"podcast\" rel=\"nofollow noopener\">podcast<\/a> \u201cNew Hegiths\u201d presentado por Jason y Travis Kelce, su actual pareja. <\/p>\n<p>Estar\u00e1 a la venta y en las plataformas de <a href=\"https:\/\/www.ellitoral.com\/temas\/arte-musica-teatro\" target=\"_self\" title=\"m\u00fasica\" alt=\"m\u00fasica\" rel=\"nofollow noopener\">m\u00fasica<\/a> el pr\u00f3ximo 3 de octubre, fecha que los \u201cswifties\u201d esperan con muchas ansias y as\u00ed lo hicieron saber en todas las redes sociales.<\/p>\n<p><strong>La gran sorpresa de esta obra es que incluye una colaboraci\u00f3n con Sabrina Carpenter,<\/strong> una cantante pop en ascenso estos a\u00f1os, que lanzar\u00e1 su s\u00e9ptimo \u00e1lbum el 29 de agosto \u00abMan&#8217;s Best Friends\u00bb y que fue telonera de \u00abThe Eras Tour\u00bb en la fase latinoamericana.<\/p>\n<p><img decoding=\"async\" src=\"https:\/\/www.europesays.com\/es\/wp-content\/uploads\/2025\/08\/W4dB18nvu_870x580__1.jpg\" alt=\"La vuelta de Taylor al pop m\u00e1s vibrante.\" width=\"870\" height=\"580\" class=\"styles_cover-image__pRCD1\" loading=\"lazy\"\/>La vuelta de Taylor al pop m\u00e1s vibrante.<\/p>\n<p><strong>Tracklist<\/strong><\/p>\n<p><a class=\"styles_nr-container__I5hdQ styles_paragraph-detail__IZKtN\" href=\"https:\/\/www.ellitoral.com\/escenarios-sociedad\/taylor-swift-revelo-tapa-duodecimo-album-lanzado-3-octubre_0_DAurLS4Bh5.html\" rel=\"nofollow noopener\" target=\"_blank\"><img decoding=\"async\" src=\"https:\/\/www.europesays.com\/es\/wp-content\/uploads\/2025\/08\/ErZq89RqG_248x166__1.jpg\" class=\"styles_image__YCaaA\" loading=\"lazy\"\/>Mir\u00e1 tambi\u00e9nTaylor Swift revel\u00f3 la tapa de su duod\u00e9cimo \u00e1lbum \u00abThe Life of a Showgirl\u00bb <\/a><\/p>\n<p>12- The Life of a Showgirl ft. Sabrina Carpenter<\/p>\n<p><img decoding=\"async\" src=\"https:\/\/www.europesays.com\/es\/wp-content\/uploads\/2025\/08\/2yJ4dEGOU_870x580__1.jpg\" alt=\"Est\u00e9tica burlesque y provocativa de la nueva era.\" width=\"870\" height=\"580\" class=\"styles_cover-image__pRCD1\" loading=\"lazy\"\/>Est\u00e9tica burlesque y provocativa de la nueva era.<\/p>\n<p><strong>Su vuelta al pop m\u00e1s vibrante<\/strong><\/p>\n<p>Taylor coment\u00f3 en el podcast que escribi\u00f3 y llev\u00f3 adelante la producci\u00f3n de este \u00e1lbum mientras realizaba la pierna europea de su \u00faltima gira \u201cThe Eras Tour\u201d, que comenz\u00f3 en mayo y termin\u00f3 en agosto de 2024.<\/p>\n<p>Asegur\u00f3 que realmente estaba viviendo la vida de una showgirl y quer\u00eda dejarlo plasmado en sus letras, incluyendo todo lo que suced\u00eda tras bambalinas.<\/p>\n<p><strong>Se espera que las canciones contengan melod\u00edas infectosas y contagiosas, con letras vividas, enfocadas e intencionales. <\/strong>Esto marca el regreso de Taylor a un sonido pop vibrante junto a los productores suecos Max Martin y Shellback, diferenciandose de sus \u00faltimos \u00e1lbumes y acercandose a sonidos como los de \u00ab1989\u00bb y \u00abReputation\u00bb, con qui\u00e9n form\u00f3 parte junto a ellos.<\/p>\n<p><strong>La artista destac\u00f3 que, por primera vez, el proceso creativo se limit\u00f3 a este tr\u00edo, sin la participaci\u00f3n de otros colaboradores habituales.<\/strong> \u201cEstos chicos son unos genios\u201d, afirm\u00f3 Taylor, quien resalt\u00f3 el enfoque definido y la energ\u00eda renovada que aportaron al disco.<\/p>\n<p>La colaboraci\u00f3n exclusiva con Martin y Shellback apunta a un regreso al <a href=\"https:\/\/www.ellitoral.com\/escenarios-sociedad\/olivia-rodrigo-nueva-princesa-pop-conquisto-mundo-22-fenomeno-juvenil-internacional-musica_0_Bh3tjKB35n.html\" target=\"_self\" title=\"pop\" alt=\"pop\" rel=\"nofollow noopener\">pop<\/a> mainstream, con melod\u00edas pegajosas y una producci\u00f3n pulida.<\/p>\n<p><img decoding=\"async\" src=\"https:\/\/www.europesays.com\/es\/wp-content\/uploads\/2025\/08\/oPxbqdDPm_870x580__1.jpg\" alt=\"La es\u00e9tica de &quot;The Life of a Showgirl&quot;. Cr\u00e9dito: @tsnewslatam\" width=\"870\" height=\"580\" class=\"styles_cover-image__pRCD1\" loading=\"lazy\"\/>La est\u00e9tica de \u00abThe Life of a Showgirl\u00bb. Cr\u00e9dito: @tsnewslatam<\/p>\n<p><strong>Est\u00e9tica burlesque y provocativa <\/strong><\/p>\n<p>La portada del \u00e1lbum fue controversial, sobre todo en X. Taylor explic\u00f3 que el arte detr\u00e1s del \u00e1lbum est\u00e1 muy bien pensada y tiene todo un simbolismo que la caracteriza: \u201cQuer\u00eda que la portada de este \u00e1lbum reflejara como finalizabam mis d\u00edas mientras hac\u00eda \u00abThe Eras Tour\u00bb, en una ba\u00f1era\u201d.<\/p>\n<p>Asegur\u00f3 que est\u00e1 muy agradecida por su libertad para crear y por el apoyo de sus fans. <\/p>\n<p>En esta nueva era la \u00e9stetica no est\u00e1 al azar -como nada con Taylor Swift-. El arte fue realizado por los fot\u00f3grafos Mert Alas y Marcus Piggott y muestran a la cantante con un corpi\u00f1o brillante y accesorios t\u00edpicos de una corista, en un collage dominado por el color naranja Portofino.<\/p>\n<p><a class=\"styles_nr-container__I5hdQ styles_paragraph-detail__IZKtN\" href=\"https:\/\/www.ellitoral.com\/show\/taylor-swift-the-life-of-showgirl-nuevo-album-duodecimo-disco-lanzamiento-musica_0_nyE1mXqOU4.html\" rel=\"nofollow noopener\" target=\"_blank\"><img decoding=\"async\" src=\"https:\/\/www.europesays.com\/es\/wp-content\/uploads\/2025\/08\/zAyV7ikNG_248x166__1.jpg\" class=\"styles_image__YCaaA\" loading=\"lazy\"\/>Mir\u00e1 tambi\u00e9nTaylor Swift lanza \u00abThe Life of a Showgirl\u00bb, su 12\u00ba \u00e1lbum de estudio<\/a><\/p>\n<p>En una de las im\u00e1genes, la artista aparece con una peluca negra, plumas rosas y un tocado de cristal, sentada en un vestidor ornamentado. Taylor explic\u00f3 que el naranja simboliza \u201clo que pasaba en mi interior\u201d durante la gira.<\/p>\n<p>El color naranja ser\u00e1 el protagonista en esta nueva era. Ahora solo queda esperar al lanzamiento de \u00abThe Life of a Showgirl\u00bb que har\u00e1 colapsar a los rankings y a las redes sociales.<\/p>\n","protected":false},"excerpt":{"rendered":"Taylor Swift present\u00f3 este mi\u00e9rcoles su duod\u00e9cimo album de estudio titulado \u201cThe Life of a Showgirl\u201d en el&hellip;\n","protected":false},"author":2,"featured_media":51033,"comment_status":"","ping_status":"","sticky":false,"template":"","format":"standard","meta":{"footnotes":""},"categories":[170],"tags":[22658,146,147,25,24,184,185,23,3945,6052],"class_list":{"0":"post-51032","1":"post","2":"type-post","3":"status-publish","4":"format-standard","5":"has-post-thumbnail","7":"category-musica","8":"tag-arte-musica-teatro","9":"tag-entertainment","10":"tag-entretenimiento","11":"tag-es","12":"tag-espana","13":"tag-music","14":"tag-musica","15":"tag-spain","16":"tag-taylor-swift","17":"tag-twitter"},"share_on_mastodon":{"url":"","error":""},"_links":{"self":[{"href":"https:\/\/www.europesays.com\/es\/wp-json\/wp\/v2\/posts\/51032","targetHints":{"allow":["GET"]}}],"collection":[{"href":"https:\/\/www.europesays.com\/es\/wp-json\/wp\/v2\/posts"}],"about":[{"href":"https:\/\/www.europesays.com\/es\/wp-json\/wp\/v2\/types\/post"}],"author":[{"embeddable":true,"href":"https:\/\/www.europesays.com\/es\/wp-json\/wp\/v2\/users\/2"}],"replies":[{"embeddable":true,"href":"https:\/\/www.europesays.com\/es\/wp-json\/wp\/v2\/comments?post=51032"}],"version-history":[{"count":0,"href":"https:\/\/www.europesays.com\/es\/wp-json\/wp\/v2\/posts\/51032\/revisions"}],"wp:featuredmedia":[{"embeddable":true,"href":"https:\/\/www.europesays.com\/es\/wp-json\/wp\/v2\/media\/51033"}],"wp:attachment":[{"href":"https:\/\/www.europesays.com\/es\/wp-json\/wp\/v2\/media?parent=51032"}],"wp:term":[{"taxonomy":"category","embeddable":true,"href":"https:\/\/www.europesays.com\/es\/wp-json\/wp\/v2\/categories?post=51032"},{"taxonomy":"post_tag","embeddable":true,"href":"https:\/\/www.europesays.com\/es\/wp-json\/wp\/v2\/tags?post=51032"}],"curies":[{"name":"wp","href":"https:\/\/api.w.org\/{rel}","templated":true}]}}