{"id":510424,"date":"2026-04-21T20:41:12","date_gmt":"2026-04-21T20:41:12","guid":{"rendered":"https:\/\/www.europesays.com\/es\/510424\/"},"modified":"2026-04-21T20:41:12","modified_gmt":"2026-04-21T20:41:12","slug":"romain-bardet-sigue-imparable-arrasa-en-la-monaco-gravel-race","status":"publish","type":"post","link":"https:\/\/www.europesays.com\/es\/510424\/","title":{"rendered":"Romain Bardet sigue imparable, arrasa en la Monaco Gravel Race"},"content":{"rendered":"<blockquote class=\"quote-card lateral\">\n<p>Un recorrido muy exigente que rompi\u00f3 completamente la carrera desde los primeros kil\u00f3metros<\/p>\n<\/blockquote>\n<p>La Monaco Gravel Race dej\u00f3 una jornada extremadamente selectiva dentro de las UCI Gravel World Series, con un recorrido duro y muy exigente que provoc\u00f3 grandes diferencias desde muy pronto y acab\u00f3 definiendo victorias claras tanto en categor\u00eda masculina como femenina. El trazado, con 116 kil\u00f3metros y 2.500 metros de desnivel positivo, confirm\u00f3 que este tipo de pruebas siguen evolucionando hacia carreras cada vez m\u00e1s f\u00edsicas, t\u00e9cnicas y decisivas.<\/p>\n<p>La salida en Peille, con un perfil de monta\u00f1a constante y encadenando ascensiones como el Col de Braus, Col du Castillon o Col des Banquettes, marc\u00f3 el desarrollo de la prueba, con un terreno alpino que combin\u00f3 zonas t\u00e9cnicas, pistas rotas y tramos muy duros tanto en subida como en bajada.<\/p>\n<p>         Contin\u00faa tras los patrocinadores<\/p>\n<p>Bardet gana en solitario tras romper la carrera<\/p>\n<blockquote class=\"quote-card lateral\">\n<p>Bardet vuelve a ganar en las Gravel World Series tras su triunfo en Castell\u00f3n<\/p>\n<\/blockquote>\n<p>En la prueba masculina, Romain Bardet firm\u00f3 una actuaci\u00f3n dominante para llevarse la victoria en solitario tras abrir hueco en los tramos m\u00e1s exigentes del recorrido. El franc\u00e9s cruz\u00f3 la meta con un tiempo de 3:47:38 y una velocidad media de 31,63 km\/h, imponiendo un ritmo que nadie pudo seguir.<\/p>\n<p>Con esta victoria, Bardet suma su segundo triunfo en la serie esta temporada, confirmando su adaptaci\u00f3n a esta disciplina tras <a href=\"https:\/\/esmtb.com\/romain-bardet-y-sofia-gomez-se-imponen-en-la-castello-gravel-race-con-mas-nivel-de-su-historia\/\" target=\"_blank\" rel=\"noopener nofollow\">su \u00e9xito previo en Castell\u00f3n<\/a>. Por detr\u00e1s, el alem\u00e1n Paul Vo\u00df fue segundo a 3:14, mientras que Sascha Weber complet\u00f3 el podio a 3:32, en una carrera que qued\u00f3 completamente fragmentada.<\/p>\n<p>Wright rompe la racha de Frain con otra exhibici\u00f3n<\/p>\n<blockquote class=\"quote-card lateral\">\n<p>Diferencias de casi ocho minutos que reflejan la dureza extrema del recorrido<\/p>\n<\/blockquote>\n<p>En categor\u00eda femenina, Sophie Wright protagoniz\u00f3 una actuaci\u00f3n igualmente contundente. La brit\u00e1nica supo gestionar la carrera tras neutralizar el ataque inicial de Nicole Frain y, una vez alcanzada, lanz\u00f3 su ofensiva para marcharse en solitario.<\/p>\n<p>Wright cruz\u00f3 la meta con un tiempo de 4:27:35 y una media de 26,91 km\/h, aventajando en 7:55 a Frain, que llegaba tras encadenar tres victorias consecutivas en la serie. La tercera posici\u00f3n fue para Jade Wiel, ya a casi 20 minutos, reflejando el nivel de desgaste que provoc\u00f3 el recorrido.<\/p>\n<p>Una prueba clave en el crecimiento del gravel competitivo<\/p>\n<blockquote class=\"quote-card lateral\">\n<p>El gravel competitivo sigue creciendo con carreras cada vez m\u00e1s duras y selectivas<\/p>\n<\/blockquote>\n<p>La Monaco Gravel Race forma parte de un calendario en expansi\u00f3n dentro de las UCI Gravel World Series, que cuenta con 47 pruebas repartidas por todo el mundo y que otorgan plazas para el Mundial de gravel, que este a\u00f1o se celebrar\u00e1 en Nannup, Australia.<\/p>\n<p>El desarrollo de este tipo de pruebas, con recorridos exigentes y diferencias amplias en meta, refuerza la tendencia de un gravel cada vez m\u00e1s cercano al rendimiento puro, donde la resistencia, la t\u00e9cnica y la gesti\u00f3n del esfuerzo marcan la diferencia.<\/p>\n<p>Clasificaci\u00f3n Monaco Gravel Race \u2013 masculina<\/p>\n<tr>\nPos.<br \/>\nNombre<br \/>\nTiempo<br \/>\n<\/tr>\n<tr>\n<td>1<\/td>\n<td>Romain Bardet<\/td>\n<td>3:47:38<\/td>\n<\/tr>\n<tr>\n<td>2<\/td>\n<td>Paul Vo\u00df<\/td>\n<td>+3:14<\/td>\n<\/tr>\n<tr>\n<td>3<\/td>\n<td>Sascha Weber<\/td>\n<td>+3:32<\/td>\n<\/tr>\n<tr>\n<td>4<\/td>\n<td>Benjamin Perry<\/td>\n<td>+3:48<\/td>\n<\/tr>\n<tr>\n<td>5<\/td>\n<td>Nils Brun<\/td>\n<td>+3:51<\/td>\n<\/tr>\n<p>Clasificaci\u00f3n Monaco Gravel Race \u2013 femenina<\/p>\n<tr>\nPos.<br \/>\nNombre<br \/>\nTiempo<br \/>\n<\/tr>\n<tr>\n<td>1<\/td>\n<td>Sophie Wright<\/td>\n<td>4:27:35<\/td>\n<\/tr>\n<tr>\n<td>2<\/td>\n<td>Nicole Frain<\/td>\n<td>+7:55<\/td>\n<\/tr>\n<tr>\n<td>3<\/td>\n<td>Jade Wiel<\/td>\n<td>+19:50<\/td>\n<\/tr>\n<tr>\n<td>4<\/td>\n<td>Carlotta Borello<\/td>\n<td>+21:43<\/td>\n<\/tr>\n<tr>\n<td>5<\/td>\n<td>Cassia Boglio<\/td>\n<td>+28:09<\/td>\n<\/tr>\n","protected":false},"excerpt":{"rendered":"Un recorrido muy exigente que rompi\u00f3 completamente la carrera desde los primeros kil\u00f3metros La Monaco Gravel Race dej\u00f3&hellip;\n","protected":false},"author":2,"featured_media":510425,"comment_status":"","ping_status":"","sticky":false,"template":"","format":"standard","meta":{"footnotes":""},"categories":[273],"tags":[313,312,168,25,24,18236,65437,23,167],"class_list":["post-510424","post","type-post","status-publish","format-standard","has-post-thumbnail","category-ciclismo","tag-ciclismo","tag-cycling","tag-deportes","tag-es","tag-espana","tag-gravel","tag-romain-bardet","tag-spain","tag-sports"],"share_on_mastodon":{"url":"https:\/\/pubeurope.com\/@es\/116444639123388211","error":""},"_links":{"self":[{"href":"https:\/\/www.europesays.com\/es\/wp-json\/wp\/v2\/posts\/510424","targetHints":{"allow":["GET"]}}],"collection":[{"href":"https:\/\/www.europesays.com\/es\/wp-json\/wp\/v2\/posts"}],"about":[{"href":"https:\/\/www.europesays.com\/es\/wp-json\/wp\/v2\/types\/post"}],"author":[{"embeddable":true,"href":"https:\/\/www.europesays.com\/es\/wp-json\/wp\/v2\/users\/2"}],"replies":[{"embeddable":true,"href":"https:\/\/www.europesays.com\/es\/wp-json\/wp\/v2\/comments?post=510424"}],"version-history":[{"count":0,"href":"https:\/\/www.europesays.com\/es\/wp-json\/wp\/v2\/posts\/510424\/revisions"}],"wp:featuredmedia":[{"embeddable":true,"href":"https:\/\/www.europesays.com\/es\/wp-json\/wp\/v2\/media\/510425"}],"wp:attachment":[{"href":"https:\/\/www.europesays.com\/es\/wp-json\/wp\/v2\/media?parent=510424"}],"wp:term":[{"taxonomy":"category","embeddable":true,"href":"https:\/\/www.europesays.com\/es\/wp-json\/wp\/v2\/categories?post=510424"},{"taxonomy":"post_tag","embeddable":true,"href":"https:\/\/www.europesays.com\/es\/wp-json\/wp\/v2\/tags?post=510424"}],"curies":[{"name":"wp","href":"https:\/\/api.w.org\/{rel}","templated":true}]}}