{"id":51045,"date":"2025-08-16T08:59:12","date_gmt":"2025-08-16T08:59:12","guid":{"rendered":"https:\/\/www.europesays.com\/es\/51045\/"},"modified":"2025-08-16T08:59:12","modified_gmt":"2025-08-16T08:59:12","slug":"un-nino-abofeteo-a-mi-hija-y-su-madre-tiro-el-carro-con-mi-bebe-dentro-se-creen-los-duenos-del-parque","status":"publish","type":"post","link":"https:\/\/www.europesays.com\/es\/51045\/","title":{"rendered":"\u00abUn ni\u00f1o abofete\u00f3 a mi hija y su madre tir\u00f3 el carro con mi beb\u00e9 dentro; se creen los due\u00f1os del parque\u00bb"},"content":{"rendered":"<p class=\"ft-text ft-helper-closenews\">Mar\u00eda (no es su nombre real) acudi\u00f3 este viernes a la comisar\u00eda de la <strong>Polic\u00eda Nacional <\/strong>para interponer una denuncia despu\u00e9s de<strong> los ataques que ella y sus hijos peque\u00f1os <\/strong>sufrieron este jueves en un parque infantil de Vigo, por parte de <strong>un grupo de etnia gitana. <\/strong><\/p>\n<p class=\"ft-text\">La reyerta, de la que FARO se hizo eco, surgi\u00f3, seg\u00fan testimoni\u00f3 la Polic\u00eda Local, despu\u00e9s de una<strong> ri\u00f1a entre menores<\/strong> que desemboc\u00f3 en una pelea de adultos, ocurrida a \u00faltima hora de la tarde en <a class=\"ft-link ft-link--decoration\" href=\"https:\/\/www.farodevigo.es\/gran-vigo\/2025\/03\/25\/torrecedeira-presume-renovado-parque-infantil-115683426.html\" rel=\"nofollow noopener\" target=\"_blank\">el recientemente remodelado parque Camilo Jos\u00e9 Cela<\/a>, situado en la calle Torrecedeira.<\/p>\n<p><img decoding=\"async\" src=\"https:\/\/www.europesays.com\/es\/wp-content\/uploads\/2025\/08\/9c88fbb3-b70a-4011-9c6d-dddb469e1bd1_alta-libre-aspect-ratio_default_0.jpg\" width=\"1200\" height=\"900\" alt=\"El alcalde inaugur\u00f3 este nuevo espacio de ocio y deporte.\" class=\"ft-helper-img-rd\" loading=\"lazy\" hasdataaida=\"true\"\/><\/p>\n<p class=\"ft-helper-fontColor-quaternary ft-helper-fontSize-body-S ft-helper-spacer-t-xxs\">El alcalde inaugur\u00f3 este nuevo espacio de ocio y deporte en mayo.  \/ FDV<\/p>\n<p class=\"ft-text\">Mar\u00eda, <strong>de origen nigeriano<\/strong>, relata en primera persona al diario decano c\u00f3mo fueron los hechos de un conflicto en el que temi\u00f3 por su vida y por la de sus hijos peque\u00f1os (una ni\u00f1a de dos a\u00f1os y un beb\u00e9 de dos meses).<\/p>\n<p class=\"ft-text\">No en vano, tras el grave enfrentamiento que provoc\u00f3 el amplio despliegue policial en la zona con hasta siete patrullas y un pu\u00f1ado de agentes -m\u00e1s de 20 polic\u00edas acudieron al lugar-, esta vecina de Vigo no solo tuvo que ser atendida por<strong> las heridas que sufri\u00f3 en el cuello, la espalda, y la cara<\/strong>, como as\u00ed recoge el parte m\u00e9dico del hospital \u00c1lvaro Cunqueiro, si no que al dolor f\u00edsico se le uni\u00f3 la enorme <strong>preocupaci\u00f3n por su reci\u00e9n nacido, que tuvo que pasar la noche en observaci\u00f3n<\/strong>, despu\u00e9s de que uno de los adultos implicados en la pelea<strong> tirase su carrito al suelo<\/strong>.<\/p>\n<p><img decoding=\"async\" src=\"https:\/\/www.europesays.com\/es\/wp-content\/uploads\/2025\/08\/b8c9c31b-09d2-4f68-a757-752753d4134a_alta-libre-aspect-ratio_default_0.jpg\" width=\"1200\" height=\"656\" alt=\"La calle Torrecedeira con presencia policial, este jueves.\" class=\"ft-helper-img-rd\" loading=\"lazy\" hasdataaida=\"true\"\/><\/p>\n<p class=\"ft-helper-fontColor-quaternary ft-helper-fontSize-body-S ft-helper-spacer-t-xxs\">La calle Torrecedeira con presencia policial, este jueves.  \/ M. F.<\/p>\n<p>\u00ab&#8217;\u00a1Negros, volved a vuestro pa\u00eds!&#8217;\u00bb<\/p>\n<p class=\"ft-text\">\u00abNada m\u00e1s llegar al parque, <strong>un ni\u00f1o de dos o tres a\u00f1os le dio una bofetada<\/strong> a mi hija sin mediar palabra\u00bb, explica Mar\u00eda, que lleva aguantando este tipo de actitudes y menosprecios por parte de los menores de esta etnia que acuden al complejo infantil vigu\u00e9s de Torrecedeira desde hace varias semanas.<strong> \u00abSe creen que el parque es suyo,<\/strong> y no es la primera vez que los chavales m\u00e1s mayores nos gritan: <strong>&#8216;\u00a1Negros, volved a vuestro pa\u00eds!&#8217;<\/strong>\u00bb, relata, as\u00ed que, harta de haber sufrido tantos episodios de este calibre, acudi\u00f3 a la madre de este menor para reclamarle que controlase a su hijo. \u00abEn otra ocasi\u00f3n, mi hija estaba en un columpio del parque, y <strong>este ni\u00f1o le dio una patada y la tir\u00f3 al suelo. <\/strong>Ya no pod\u00eda m\u00e1s\u00bb.<\/p>\n<blockquote class=\"ft-mol-quote\" data-aida-quote=\"\"><p>\u00abEn otra ocasi\u00f3n, mi hija estaba en un columpio del parque, y este ni\u00f1o le dio una patada y la tir\u00f3 al suelo. Ya no pod\u00eda m\u00e1s\u00bb.<\/p>\n<p class=\"ft-mol-quote__author--name\">Madre agredida en el parque infantil Camilo Jos\u00e9 Cela<\/p>\n<\/blockquote>\n<p><img decoding=\"async\" src=\"https:\/\/www.europesays.com\/es\/wp-content\/uploads\/2025\/08\/5ec8bd50-d358-4f8b-a507-bab832bbea95_alta-libre-aspect-ratio_default_0.jpg\" width=\"1200\" height=\"656\" alt=\"Algunas de las heridas que sufri\u00f3 Mar\u00eda.\" class=\"ft-helper-img-rd\" loading=\"lazy\" hasdataaida=\"true\"\/><\/p>\n<p class=\"ft-helper-fontColor-quaternary ft-helper-fontSize-body-S ft-helper-spacer-t-xxs\">Algunas de las heridas que sufri\u00f3 Mar\u00eda.  \/ Cedidas<\/p>\n<p class=\"ft-text\">Cuando Mar\u00eda interpel\u00f3 a esta se\u00f1ora, que forma parte de esas familias de etnia gitana que residen en el barrio, <strong>lejos de apaciguar la situaci\u00f3n<\/strong>, la mujer se encar\u00f3 con ella, y ah\u00ed comenz\u00f3 el enfrentamiento. \u00abA ella se unieron otra madres y algunos padres que empezaron a <strong>pegarme con palos en la espalda, me arrancaron los pendientes<\/strong> y hasta uno de ellos me dio <strong>un pu\u00f1etazo en la cara<\/strong>\u00bb, recuerda la mujer que al ver que otra de las \u00abm\u00e1s de diez personas que me acorralaron\u00bb tir\u00f3 el carrito con su beb\u00e9 dentro, reaccion\u00f3 contra ellos, revolvi\u00e9ndose. Pero la situaci\u00f3n de indefensa era evidente, y fue entonces cuando testigos de la reyerta que pasaban por la calle intervinieron. <strong>\u00abSe acercaron unos chicos negros y algunos espa\u00f1oles<\/strong> que intentaron frenar lo que estaba pasando, hasta que aparecieron los agentes, y por fin los apartaron; si no llegan a intervenir, no s\u00e9 qu\u00e9 hubiera pasado\u00bb\u00bb, relata Mar\u00eda, que agradece a trav\u00e9s de FARO la labor policial.<\/p>\n<p><img decoding=\"async\" src=\"https:\/\/www.europesays.com\/es\/wp-content\/uploads\/2025\/08\/03a0ccf4-f6e4-42a5-9972-edd39f70e6cf_alta-libre-aspect-ratio_default_0.jpg\" width=\"1200\" height=\"656\" alt=\"Varios agentes intervienen en el parque Camilo Jos\u00e9 Cela, tras la reyerta entre padres.\" class=\"ft-helper-img-rd\" loading=\"lazy\" hasdataaida=\"true\"\/><\/p>\n<p class=\"ft-helper-fontColor-quaternary ft-helper-fontSize-body-S ft-helper-spacer-t-xxs\">Varios agentes intervienen en el parque Camilo Jos\u00e9 Cela, tras la reyerta entre padres.  \/ M. F.<\/p>\n<p>\u00abNadie les puede decir nada\u00bb<\/p>\n<p class=\"ft-text\">Desde que inauguraron el parque, remodelado por el concello el pasado mes de mayo, este colectivo de raza gitana convive con otras familias que llevan a sus hijos para disfrutar de las atracciones del complejo infantil. No obstante, <strong>algunos padres ya han empezado a limitar sus visitas al lugar<\/strong>, por las ri\u00f1as que se producen de vez en cuando. \u00abEn mi caso, al menos cinco veces hemos tenido problemas. Pero estas madres no hacen nada para frenar la actitud de sus hijos. Solo se dedican a hablar entre ellas, sin estar pendientes, mientras <strong>algunos padres se ponen a fumar marihuana en la esquina del parque<\/strong>, delante de los ni\u00f1os\u00bb denuncia Mar\u00eda. \u00abYo nunca quise problemas, pero lo del jueves ya fue demasiado.<strong> Tienes que tener 20 ojos para estar pendiente <\/strong>de lo que hacen y no puede ser. Obviamente, ah\u00ed no vuelvo m\u00e1s, pero es injusto, porque <strong>el parque deber\u00eda ser para todos<\/strong>\u00bb, concluye.<\/p>\n<p>\u00abPuntualmente puede haber altercados, pero ya no hay la inseguridad que hace a\u00f1os nos hizo salir a la calle\u00bb<\/p>\n<p class=\"ft-text\">M. F.<\/p>\n<p class=\"ft-text\">\u00abPuntualmente puede haber altercados, <a href=\"https:\/\/www.farodevigo.es\/gran-vigo\/2025\/08\/14\/despliegue-policial-vigo-reyerta-padres-vigo-120641381.html\" class=\"ft-link ft-link--decoration\" rel=\"nofollow noopener\" target=\"_blank\">como ocurri\u00f3 el jueves<\/a>, pero<strong> ya no hay la inseguridad que hace a\u00f1os nos hizo salir a la calle<\/strong>\u00bb, coincid\u00edan varios vecinos de Torrecedeira, un barrio que en 2018 <strong>se manifest\u00f3 unido contra los continuos robos<\/strong>, agresiones y tr\u00e1fico de drogas existentes en la zona.<\/p>\n<p class=\"ft-text\">\u00abSigue habiendo robos, en alguna ocasi\u00f3n peleas y e<strong>l trapicheo lamentablemente no ha desaparecido,<\/strong> pero no es como en aquella \u00e9poca\u00bb, coincide otra mujer. En todo caso esta calle en el entorno del <strong>parque Camilo Jos\u00e9 Cela<\/strong> es una zona que forma parte de los controles preventivos de la Polic\u00eda Local. <strong>\u00abSe sigue considerando un punto negro <\/strong>y se hacen revisiones peri\u00f3dicas, las patrullas pasan por all\u00ed a diario\u00bb, afirman las fuentes consultadas.<\/p>\n<p data-close=\"closedContent\" class=\"subscribeHideForDisplay\">Suscr\u00edbete para seguir leyendo<\/p>\n","protected":false},"excerpt":{"rendered":"Mar\u00eda (no es su nombre real) acudi\u00f3 este viernes a la comisar\u00eda de la Polic\u00eda Nacional para interponer&hellip;\n","protected":false},"author":2,"featured_media":51046,"comment_status":"","ping_status":"","sticky":false,"template":"","format":"standard","meta":{"footnotes":""},"categories":[8],"tags":[22661,11971,17,18,16277,25,24,13,14,10713,11,563,3132,19,20,3354,9,22660,10,15,16,3621,5993,23,2419,12,21,22,1274],"class_list":{"0":"post-51045","1":"post","2":"type-post","3":"status-publish","4":"format-standard","5":"has-post-thumbnail","7":"category-espana","8":"tag-agredida","9":"tag-agresion","10":"tag-breaking-news","11":"tag-breakingnews","12":"tag-camilo-jose-cela","13":"tag-es","14":"tag-espana","15":"tag-featured-news","16":"tag-featurednews","17":"tag-gitanos","18":"tag-headlines","19":"tag-hijos","20":"tag-infantil","21":"tag-latest-news","22":"tag-latestnews","23":"tag-madre","24":"tag-news","25":"tag-nigeriana","26":"tag-noticias","27":"tag-noticias-destacadas","28":"tag-noticiasdestacadas","29":"tag-padres","30":"tag-parque","31":"tag-spain","32":"tag-suelo","33":"tag-titulares","34":"tag-ultimas-noticias","35":"tag-ultimasnoticias","36":"tag-vigo"},"share_on_mastodon":{"url":"","error":""},"_links":{"self":[{"href":"https:\/\/www.europesays.com\/es\/wp-json\/wp\/v2\/posts\/51045","targetHints":{"allow":["GET"]}}],"collection":[{"href":"https:\/\/www.europesays.com\/es\/wp-json\/wp\/v2\/posts"}],"about":[{"href":"https:\/\/www.europesays.com\/es\/wp-json\/wp\/v2\/types\/post"}],"author":[{"embeddable":true,"href":"https:\/\/www.europesays.com\/es\/wp-json\/wp\/v2\/users\/2"}],"replies":[{"embeddable":true,"href":"https:\/\/www.europesays.com\/es\/wp-json\/wp\/v2\/comments?post=51045"}],"version-history":[{"count":0,"href":"https:\/\/www.europesays.com\/es\/wp-json\/wp\/v2\/posts\/51045\/revisions"}],"wp:featuredmedia":[{"embeddable":true,"href":"https:\/\/www.europesays.com\/es\/wp-json\/wp\/v2\/media\/51046"}],"wp:attachment":[{"href":"https:\/\/www.europesays.com\/es\/wp-json\/wp\/v2\/media?parent=51045"}],"wp:term":[{"taxonomy":"category","embeddable":true,"href":"https:\/\/www.europesays.com\/es\/wp-json\/wp\/v2\/categories?post=51045"},{"taxonomy":"post_tag","embeddable":true,"href":"https:\/\/www.europesays.com\/es\/wp-json\/wp\/v2\/tags?post=51045"}],"curies":[{"name":"wp","href":"https:\/\/api.w.org\/{rel}","templated":true}]}}