{"id":510465,"date":"2026-04-21T21:12:14","date_gmt":"2026-04-21T21:12:14","guid":{"rendered":"https:\/\/www.europesays.com\/es\/510465\/"},"modified":"2026-04-21T21:12:14","modified_gmt":"2026-04-21T21:12:14","slug":"zayn-malik-y-louis-tomlinson-cancelan-su-proyecto-en-netflix","status":"publish","type":"post","link":"https:\/\/www.europesays.com\/es\/510465\/","title":{"rendered":"Zayn Malik y Louis Tomlinson cancelan su proyecto en Netflix"},"content":{"rendered":"<p class=\"c-paragraph\">La historia de <b><a href=\"https:\/\/www.20minutos.es\/tags\/temas\/one-direction.html\" title=\"One Direction\" rel=\"nofollow noopener\" target=\"_blank\">One Direction<\/a><\/b> no solo est\u00e1 hecha de \u00e9xitos, giras multitudinarias y millones de fans. Tambi\u00e9n est\u00e1 marcada por <b>silencios inc\u00f3modos, distancias irreconciliables y heridas<\/b> que, con el paso del tiempo, no han terminado de cicatrizar. Y si hay una relaci\u00f3n que hoy simboliza mejor que ninguna esa fractura, es la de <a href=\"https:\/\/www.20minutos.es\/tags\/personas\/zayn-malik.html\" title=\"Zayn Malik\" rel=\"nofollow noopener\" target=\"_blank\">Zayn Malik<\/a> y <a href=\"https:\/\/www.20minutos.es\/gente\/louis-tomlinson-confiesa-que-canto-colocado-todos-los-conciertos-one-direction-fumaba-antes-salir_6927052_0.html\" title=\"Louis Tomlinson confiesa que cant\u00f3 colocado en todos los conciertos de One Direction: &quot;Fumaba antes de salir&quot;\" rel=\"nofollow noopener\" target=\"_blank\">Louis Tomlinson<\/a>.<\/p>\n<p class=\"c-paragraph\">En los \u00faltimos d\u00edas, ha cobrado fuerza un rumor que apunta a un fuerte enfrentamiento entre ambos. Seg\u00fan informa el tabloide brit\u00e1nico <a href=\"https:\/\/www.the-sun.com\/entertainment\/16239691\/zayn-malik-punched-louis-tomlinson-netflix-show\/\" rel=\"nofollow noreferrer noopener\" target=\"_blank\">The Sun<\/a>, <b>una pelea entre Zayn y Louis<\/b>\u00a0durante el rodaje de un documental habr\u00eda provocado la cancelaci\u00f3n del ambicioso proyecto audiovisual que pretend\u00eda mostrar su reencuentro.<\/p>\n<p class=\"c-paragraph\">Fue el pasado mes de octubre cuando se inform\u00f3 de que Louis y Zayn hab\u00edan firmado un contrato para participar en este nuevo road trip para <a href=\"https:\/\/www.20minutos.es\/tags\/temas\/netflix.html\" title=\"Netflix\" rel=\"nofollow noopener\" target=\"_blank\">Netflix<\/a>. En \u00e9l, estaba previsto que hablaran de sus vidas y su experiencia en la industria musical.<\/p>\n<p class=\"c-paragraph\">Tambi\u00e9n se esperaba que abordaran <b>la tr\u00e1gica muerte de su compa\u00f1ero de banda <a href=\"https:\/\/www.20minutos.es\/tags\/personas\/liam-payne.html\" title=\"Liam Payne\" rel=\"nofollow noopener\" target=\"_blank\">Liam Payne<\/a><\/b>, de 31 a\u00f1os, fallecido en octubre de 2024 al precipitarse desde el balc\u00f3n de un hotel en Buenos Aires.<\/p>\n<p class=\"c-paragraph\">Seg\u00fan diversas informaciones, la pelea se produjo <b>el pasado mes de diciembre<\/b> cuando los dos artistas estaban rodando unas secuencias exteriores en Wyoming, Estados Unidos.<\/p>\n<p class=\"c-paragraph\">Tal y como publica\u00a0The Sun, la agresi\u00f3n se desencaden\u00f3 <b>por un comentario de Zayn sobre la madre de Louis<\/b>, Johannah Deakin, que falleci\u00f3 de leucemia en 2016. Seg\u00fan sus fuentes: \u201cLouis se qued\u00f3 en\u00a0shock. Cuando intent\u00f3 reaccionar, <b>Zayn le atac\u00f3 d\u00e1ndole un pu\u00f1etazo en la cara.<\/b> Como llevaba anillos, le provoc\u00f3 un corte en la cabeza\u00bb.\u00a0<\/p>\n<p class=\"c-paragraph\">Tras recibir atenci\u00f3n m\u00e9dica, Louis regres\u00f3 al Reino Unido dejando claro <b>que no volver\u00eda a trabajar con Zayn.<\/b> Pese a que los responsables del documental ha esperado un tiempo prudencial deseando que se produjera una reconciliaci\u00f3n, finalmente han decidido cancelar el proyecto.<\/p>\n<p class=\"c-paragraph\">En las redes sociales, los fans del grupo est\u00e1n verdaderamente molestos con la actitud de sus \u00eddolos y m\u00e1s divididos que nunca.<\/p>\n","protected":false},"excerpt":{"rendered":"La historia de One Direction no solo est\u00e1 hecha de \u00e9xitos, giras multitudinarias y millones de fans. Tambi\u00e9n&hellip;\n","protected":false},"author":2,"featured_media":510466,"comment_status":"","ping_status":"","sticky":false,"template":"","format":"standard","meta":{"footnotes":""},"categories":[170],"tags":[1563,146,160,147,25,24,8450,184,185,7402,3968,23],"class_list":["post-510465","post","type-post","status-publish","format-standard","has-post-thumbnail","category-musica","tag-dos","tag-entertainment","tag-entre","tag-entretenimiento","tag-es","tag-espana","tag-fisica","tag-music","tag-musica","tag-one","tag-pelea","tag-spain"],"share_on_mastodon":{"url":"https:\/\/pubeurope.com\/@es\/116444761174034905","error":""},"_links":{"self":[{"href":"https:\/\/www.europesays.com\/es\/wp-json\/wp\/v2\/posts\/510465","targetHints":{"allow":["GET"]}}],"collection":[{"href":"https:\/\/www.europesays.com\/es\/wp-json\/wp\/v2\/posts"}],"about":[{"href":"https:\/\/www.europesays.com\/es\/wp-json\/wp\/v2\/types\/post"}],"author":[{"embeddable":true,"href":"https:\/\/www.europesays.com\/es\/wp-json\/wp\/v2\/users\/2"}],"replies":[{"embeddable":true,"href":"https:\/\/www.europesays.com\/es\/wp-json\/wp\/v2\/comments?post=510465"}],"version-history":[{"count":0,"href":"https:\/\/www.europesays.com\/es\/wp-json\/wp\/v2\/posts\/510465\/revisions"}],"wp:featuredmedia":[{"embeddable":true,"href":"https:\/\/www.europesays.com\/es\/wp-json\/wp\/v2\/media\/510466"}],"wp:attachment":[{"href":"https:\/\/www.europesays.com\/es\/wp-json\/wp\/v2\/media?parent=510465"}],"wp:term":[{"taxonomy":"category","embeddable":true,"href":"https:\/\/www.europesays.com\/es\/wp-json\/wp\/v2\/categories?post=510465"},{"taxonomy":"post_tag","embeddable":true,"href":"https:\/\/www.europesays.com\/es\/wp-json\/wp\/v2\/tags?post=510465"}],"curies":[{"name":"wp","href":"https:\/\/api.w.org\/{rel}","templated":true}]}}