{"id":51049,"date":"2025-08-16T09:01:07","date_gmt":"2025-08-16T09:01:07","guid":{"rendered":"https:\/\/www.europesays.com\/es\/51049\/"},"modified":"2025-08-16T09:01:07","modified_gmt":"2025-08-16T09:01:07","slug":"el-guardes-se-atasca-contra-el-san-pedro-do-sul-19-21","status":"publish","type":"post","link":"https:\/\/www.europesays.com\/es\/51049\/","title":{"rendered":"El Guard\u00e9s se atasca contra el San Pedro do Sul (19-21)"},"content":{"rendered":"<p class=\"paragraph-atom &#10;        B-500-300-700-N B-550-300-700-N--md  \">El <a href=\"https:\/\/www.atlantico.net\/temas\/balonmano-atletico-guardes\/\" rel=\"nofollow noopener\" target=\"_blank\"><strong>Mecalia Atl\u00e9tico Guard\u00e9s<\/strong><\/a> disput\u00f3 ayer el <strong>Trofeo Festas do Monte <\/strong>en el pabell\u00f3n de A Sangri\u00f1a y el partido termin\u00f3 con una <strong>derrota contra el San Pedro do Sul luso.<\/strong> La escuadra dirigida por Ana Seabra no encontr\u00f3 el ritmo de ataque ante un oponente que se mostr\u00f3 firme, ya que se puso por delante y supo manejarse en un enfrentamiento de pocos goles y una ventaja escasa. Finalmente, el duelo se cerr\u00f3 con un 19-21. Hoy, el equipo mi\u00f1oto tiene un nuevo compromiso. Recibe a las 20:30 al Bera Bera en el Memorial Juan Rodr\u00edguez P\u00e9rez. Se trata de un test de notable dificultad porque la escuadra vasca es la actual campeona de Divisi\u00f3n de Honor y de Copa de la Reina. Eso s\u00ed, sufri\u00f3 importantes cambios en verano, algo que tambi\u00e9n sucedi\u00f3 a club anfitri\u00f3n. Al igual que en la jornada de ayer, la entrada es gratis al recinto deportivo del Baixo Mi\u00f1o.<\/p>\n<p>        Victoria para el Porri\u00f1o<\/p>\n<p class=\"paragraph-atom &#10;        B-500-300-700-N B-550-300-700-N--md  \">Por su parte, el <strong>Conservas Orbe Zendal Porri\u00f1o disput\u00f3 ayer el segundo encuentro del Torneo Internacional de Gran Canaria<\/strong> y consigui\u00f3 una <strong>victoria ante el Boden noruego por 29-22<\/strong>. La formaci\u00f3n de Isma Mart\u00ednez mejor\u00f3 sus prestaciones en ataque ante el oponente n\u00f3rdico, que practica un balonmano distinto al espa\u00f1ol. Al aumentar el n\u00famero de goles, tambi\u00e9n result\u00f3 m\u00e1s sencillo para las louri\u00f1esas limitar la producci\u00f3n ofensiva de su oponente. Hoy, nuevo encuentro, esta vez ante el Zonzomas (18:30).<\/p>\n","protected":false},"excerpt":{"rendered":"El Mecalia Atl\u00e9tico Guard\u00e9s disput\u00f3 ayer el Trofeo Festas do Monte en el pabell\u00f3n de A Sangri\u00f1a y&hellip;\n","protected":false},"author":2,"featured_media":51050,"comment_status":"","ping_status":"","sticky":false,"template":"","format":"standard","meta":{"footnotes":""},"categories":[278],"tags":[22662,376,168,3678,25,24,1518,375,1822,18368,2228,23,167],"class_list":{"0":"post-51049","1":"post","2":"type-post","3":"status-publish","4":"format-standard","5":"has-post-thumbnail","7":"category-balonmano","8":"tag-atasca","9":"tag-balonmano","10":"tag-deportes","11":"tag-do","12":"tag-es","13":"tag-espana","14":"tag-guardes","15":"tag-handball","16":"tag-pedro","17":"tag-porrino","18":"tag-san","19":"tag-spain","20":"tag-sports"},"share_on_mastodon":{"url":"","error":""},"_links":{"self":[{"href":"https:\/\/www.europesays.com\/es\/wp-json\/wp\/v2\/posts\/51049","targetHints":{"allow":["GET"]}}],"collection":[{"href":"https:\/\/www.europesays.com\/es\/wp-json\/wp\/v2\/posts"}],"about":[{"href":"https:\/\/www.europesays.com\/es\/wp-json\/wp\/v2\/types\/post"}],"author":[{"embeddable":true,"href":"https:\/\/www.europesays.com\/es\/wp-json\/wp\/v2\/users\/2"}],"replies":[{"embeddable":true,"href":"https:\/\/www.europesays.com\/es\/wp-json\/wp\/v2\/comments?post=51049"}],"version-history":[{"count":0,"href":"https:\/\/www.europesays.com\/es\/wp-json\/wp\/v2\/posts\/51049\/revisions"}],"wp:featuredmedia":[{"embeddable":true,"href":"https:\/\/www.europesays.com\/es\/wp-json\/wp\/v2\/media\/51050"}],"wp:attachment":[{"href":"https:\/\/www.europesays.com\/es\/wp-json\/wp\/v2\/media?parent=51049"}],"wp:term":[{"taxonomy":"category","embeddable":true,"href":"https:\/\/www.europesays.com\/es\/wp-json\/wp\/v2\/categories?post=51049"},{"taxonomy":"post_tag","embeddable":true,"href":"https:\/\/www.europesays.com\/es\/wp-json\/wp\/v2\/tags?post=51049"}],"curies":[{"name":"wp","href":"https:\/\/api.w.org\/{rel}","templated":true}]}}