{"id":51051,"date":"2025-08-16T09:02:09","date_gmt":"2025-08-16T09:02:09","guid":{"rendered":"https:\/\/www.europesays.com\/es\/51051\/"},"modified":"2025-08-16T09:02:09","modified_gmt":"2025-08-16T09:02:09","slug":"el-fandi-ferrera-y-escribano-regalan-una-tarde-grande-de-toros-a-almendralejo","status":"publish","type":"post","link":"https:\/\/www.europesays.com\/es\/51051\/","title":{"rendered":"El Fandi, Ferrera y Escribano regalan una tarde grande de toros a Almendralejo"},"content":{"rendered":"<p class=\"ft-text\">El coso de La Piedad volvi\u00f3 a vestirse de gala para vivir una de esas tardes que quedan en la memoria. En pleno coraz\u00f3n de las Fiestas de la Piedad y la Feria de la Vendimia, Almendralejo fue escenario de un <strong>festejo triunfal<\/strong>, en el que <strong>Antonio Ferrera, El Fandi y Manuel Escribano<\/strong> brillaron con luz propia y firmaron una corrida de toros marcada por el \u00e9xito y la entrega. <strong>Nueve orejas<\/strong> se repartieron los tres espadas en una jornada que confirma la solidez de un cartel de banderilleros que vuelve a ser sin\u00f3nimo de espect\u00e1culo.<\/p>\n<p class=\"ft-text\">Con el hierro de <strong>Castillejo de Huebra<\/strong> haciendo su debut en este coso, los toros, de buena presentaci\u00f3n y comportamiento variado, ofrecieron el material necesario para que los toreros desplegaran sus mejores armas. <strong>Ferrera abri\u00f3 la tarde desorejando al primero del encierro<\/strong>, y volvi\u00f3 a conectar con el p\u00fablico en el cuarto, al que le cort\u00f3 una oreja m\u00e1s, demostrando su temple y madurez en una plaza que le conoce bien.<\/p>\n<p class=\"ft-text\"><strong>El Fandi<\/strong>, fiel a su estilo vibrante, pase\u00f3 una oreja del segundo tras una faena con ritmo y poder, y fue <strong>a m\u00e1s en el quinto<\/strong>, donde conect\u00f3 con el tendido en un trasteo completo que rubric\u00f3 con <strong>dos orejas<\/strong> en la mano.<\/p>\n<p class=\"ft-text\">Cerraba la terna <strong>Manuel Escribano<\/strong>, que <strong>pase\u00f3 tres orejas en total<\/strong> tras sus dos faenas, llenas de valor, entrega y una conexi\u00f3n directa con los tendidos. Fue el colof\u00f3n perfecto para una tarde de Puerta Grande para los tres protagonistas, que abandonaron en volandas una plaza rendida al buen toreo.<\/p>\n<p class=\"ft-text\">Con lleno en los tendidos y ambiente de feria, Almendralejo volvi\u00f3 a demostrar que su afici\u00f3n sabe reconocer la entrega y que su plaza sigue viva, fuerte y con el pulso firme para seguir siendo referencia del toreo en Extremadura.<\/p>\n","protected":false},"excerpt":{"rendered":"El coso de La Piedad volvi\u00f3 a vestirse de gala para vivir una de esas tardes que quedan&hellip;\n","protected":false},"author":2,"featured_media":51052,"comment_status":"","ping_status":"","sticky":false,"template":"","format":"standard","meta":{"footnotes":""},"categories":[277],"tags":[9776,373,4835,168,25,9480,24,16236,15479,43,841,911,22663,23,167,11054,374,444],"class_list":{"0":"post-51051","1":"post","2":"type-post","3":"status-publish","4":"format-standard","5":"has-post-thumbnail","7":"category-toreo","8":"tag-almendralejo","9":"tag-bullfighting","10":"tag-corazon","11":"tag-deportes","12":"tag-es","13":"tag-escribano","14":"tag-espana","15":"tag-fandi","16":"tag-ferrera","17":"tag-fiestas","18":"tag-manuel","19":"tag-memoria","20":"tag-regalan","21":"tag-spain","22":"tag-sports","23":"tag-tarde","24":"tag-toreo","25":"tag-toros"},"share_on_mastodon":{"url":"","error":""},"_links":{"self":[{"href":"https:\/\/www.europesays.com\/es\/wp-json\/wp\/v2\/posts\/51051","targetHints":{"allow":["GET"]}}],"collection":[{"href":"https:\/\/www.europesays.com\/es\/wp-json\/wp\/v2\/posts"}],"about":[{"href":"https:\/\/www.europesays.com\/es\/wp-json\/wp\/v2\/types\/post"}],"author":[{"embeddable":true,"href":"https:\/\/www.europesays.com\/es\/wp-json\/wp\/v2\/users\/2"}],"replies":[{"embeddable":true,"href":"https:\/\/www.europesays.com\/es\/wp-json\/wp\/v2\/comments?post=51051"}],"version-history":[{"count":0,"href":"https:\/\/www.europesays.com\/es\/wp-json\/wp\/v2\/posts\/51051\/revisions"}],"wp:featuredmedia":[{"embeddable":true,"href":"https:\/\/www.europesays.com\/es\/wp-json\/wp\/v2\/media\/51052"}],"wp:attachment":[{"href":"https:\/\/www.europesays.com\/es\/wp-json\/wp\/v2\/media?parent=51051"}],"wp:term":[{"taxonomy":"category","embeddable":true,"href":"https:\/\/www.europesays.com\/es\/wp-json\/wp\/v2\/categories?post=51051"},{"taxonomy":"post_tag","embeddable":true,"href":"https:\/\/www.europesays.com\/es\/wp-json\/wp\/v2\/tags?post=51051"}],"curies":[{"name":"wp","href":"https:\/\/api.w.org\/{rel}","templated":true}]}}