{"id":51063,"date":"2025-08-16T09:11:06","date_gmt":"2025-08-16T09:11:06","guid":{"rendered":"https:\/\/www.europesays.com\/es\/51063\/"},"modified":"2025-08-16T09:11:06","modified_gmt":"2025-08-16T09:11:06","slug":"un-chillida-como-tripode-para-las-fotos","status":"publish","type":"post","link":"https:\/\/www.europesays.com\/es\/51063\/","title":{"rendered":"Un Chillida como tr\u00edpode para las fotos"},"content":{"rendered":"<p class=\"c-paragraph\">Chica y chico, chica y chico, buscan el posado perfecto frente al Palacio de la Magdalena de Santander. Han encontrado una estructura de acero ideal para colocar su m\u00f3vil y que el selfie teledirigido haga el resto. Sonr\u00eden. Pero no quedan a gusto con las fotos autom\u00e1ticas y piden ayuda a un c\u00e1ntabro que pasa por all\u00ed.<\/p>\n<p class=\"c-paragraph\">\u00ab\u00bfNos puede hacer una foto?\u00bb, ruega la chica. El paseante, duda: \u00ab<b>\u00bfcon qu\u00e9 la quieren, con el Palacio o con el Chillida?\u00bb<\/b> Silencio inc\u00f3modo. \u00abCon el Palacio, con el Palacio\u00bb, responden r\u00e1pido, sin dudar y, a la vez, dudando. No comprenden a qu\u00e9 se refiere el se\u00f1or, que ya ha cogido el m\u00f3vil y empieza a\u00a0 intentar que quepa toda la fachada palaciega en la estrechez\u00a0de una pantalla vertical.<\/p>\n<p class=\"c-paragraph\">Chica y chico levantan cabezas y aprietan abrazo para que su felicidad compartida quede retratada en su smarrrtphone.\u00a0A sus espaldas, el palacio m\u00e1s famoso de Santander. Postal obligada. A solo\u00a0un metro delante de ellos:\u00a0<b>Consejo al espacio VII<\/b>, la escultura de Eduardo Chillida. Que pod\u00eda haber sido protagonista de otro de sus retratos, como apuntaba el fot\u00f3grafo\u00a0por auxilio. Pero su acero lo vieron m\u00e1s \u00fatil como apoya m\u00f3viles.<\/p>\n<p class=\"c-paragraph\">No obstante, no iban mal encaminados. Las grandes obras de Chillida encuadran la naturaleza y su vida. Como una fotograf\u00eda. Lo hacen las esculturas que son casi invisibles a ojos de los turistas, como esta. O las m\u00e1s populares. El <b>E<\/b><b>logio al horizonte <\/b>(1990), en\u00a0Gij\u00f3n, invita a meterse entre sus paredes de hormig\u00f3n para, de repente, sentirse protagonista min\u00fasculo de un cuadro donde nuestra peque\u00f1ez queda delatada ante la inmensidad del mar Cant\u00e1brico. O <b>El peine del viento<\/b>\u00a0(1976) en San Sebasti\u00e1n. De preciso nombre oficial,\u00a0<b>Peine del viento XV<\/b>. Tres esculturas de acero, de diez toneladas cada una, encaramadas a las rocas del acantilado y situadas en un paseo donde se cuelan, cual bufones, las olas disfrazadas de aire. Incluso en el Paseo de la Castellana de Madrid cuelga de un puente\u00a0<b>Lugar de encuentros III<\/b> (1972), la primera obra en hormig\u00f3n de Chillida, conocida popularmente como <b>La Sirena Varada<\/b>. Sus seis toneladas de peso son soportadas por cuatro tensores de acero, agarrados en los capiteles de las columnas del puente sobre el r\u00edo de coches. Algunos peatones se sientan encima, como si la escultura fuera un columpio macizo que desaf\u00eda a la gravedad. Y al ruido de la propia ciudad. Lo consigue, levita, permiti\u00e9ndose no tocar las losas del cemento recalentado de la capital del Reino.<\/p>\n<p class=\"c-paragraph\">El legado de Eduardo Chillida echa arraigo en los lugares. Tambi\u00e9n cuando est\u00e1 de paso. Es el caso de\u00a0Consejo al espacio VII (1996), en pleno veraneo en Santander. Escultura contundente y, al mismo tiempo, discreta. Sin necesidad de estridencias ni protagonismo exacerbado, pero permiti\u00e9ndose ser lo que quiera ser. <b>De escondite de ni\u00f1os, que tambi\u00e9n es un arte, hasta, por lo que se ve, palo selfie.<\/b><\/p>\n","protected":false},"excerpt":{"rendered":"Chica y chico, chica y chico, buscan el posado perfecto frente al Palacio de la Magdalena de Santander.&hellip;\n","protected":false},"author":2,"featured_media":51064,"comment_status":"","ping_status":"","sticky":false,"template":"","format":"standard","meta":{"footnotes":""},"categories":[173],"tags":[229,233,231,230,15909,232,234,146,147,25,24,1016,23,22664],"class_list":{"0":"post-51063","1":"post","2":"type-post","3":"status-publish","4":"format-standard","5":"has-post-thumbnail","7":"category-arte-y-diseno","8":"tag-arte","9":"tag-arte-y-diseno","10":"tag-arts","11":"tag-arts-and-design","12":"tag-chillida","13":"tag-design","14":"tag-diseno","15":"tag-entertainment","16":"tag-entretenimiento","17":"tag-es","18":"tag-espana","19":"tag-fotos","20":"tag-spain","21":"tag-tripode"},"share_on_mastodon":{"url":"","error":""},"_links":{"self":[{"href":"https:\/\/www.europesays.com\/es\/wp-json\/wp\/v2\/posts\/51063","targetHints":{"allow":["GET"]}}],"collection":[{"href":"https:\/\/www.europesays.com\/es\/wp-json\/wp\/v2\/posts"}],"about":[{"href":"https:\/\/www.europesays.com\/es\/wp-json\/wp\/v2\/types\/post"}],"author":[{"embeddable":true,"href":"https:\/\/www.europesays.com\/es\/wp-json\/wp\/v2\/users\/2"}],"replies":[{"embeddable":true,"href":"https:\/\/www.europesays.com\/es\/wp-json\/wp\/v2\/comments?post=51063"}],"version-history":[{"count":0,"href":"https:\/\/www.europesays.com\/es\/wp-json\/wp\/v2\/posts\/51063\/revisions"}],"wp:featuredmedia":[{"embeddable":true,"href":"https:\/\/www.europesays.com\/es\/wp-json\/wp\/v2\/media\/51064"}],"wp:attachment":[{"href":"https:\/\/www.europesays.com\/es\/wp-json\/wp\/v2\/media?parent=51063"}],"wp:term":[{"taxonomy":"category","embeddable":true,"href":"https:\/\/www.europesays.com\/es\/wp-json\/wp\/v2\/categories?post=51063"},{"taxonomy":"post_tag","embeddable":true,"href":"https:\/\/www.europesays.com\/es\/wp-json\/wp\/v2\/tags?post=51063"}],"curies":[{"name":"wp","href":"https:\/\/api.w.org\/{rel}","templated":true}]}}